{"id":3582,"date":"2025-11-12T12:13:34","date_gmt":"2025-11-12T15:13:34","guid":{"rendered":"https:\/\/elpueblonoticia.com.ar\/web\/?p=3582"},"modified":"2025-11-12T12:13:34","modified_gmt":"2025-11-12T15:13:34","slug":"el-ianes-desplego-una-intensa-agenda-en-goya","status":"publish","type":"post","link":"https:\/\/elpueblonoticia.com.ar\/web\/2025\/11\/12\/el-ianes-desplego-una-intensa-agenda-en-goya\/","title":{"rendered":"El IANES despleg\u00f3 una intensa agenda en Goya"},"content":{"rendered":"<p>La Sede Goya de la Universidad de la Cuenca del Plata fue escenario de una nutrida agenda de trabajo con la visita de autoridades del Instituto Americano de Negocios Sostenibles (IANES), perteneciente a la Facultad de Ciencias Econ\u00f3micas y Ambientales.<\/p>\n<p><img decoding=\"async\" id=\"202511111950304281\" class=\"validImg controledImg\" src=\"https:\/\/www.powernoticias.com\/images\/202511111950304281\" name=\"img-202511111950304281\" \/><img decoding=\"async\" id=\"202511111950169080\" class=\"validImg controledImg\" src=\"https:\/\/www.powernoticias.com\/images\/202511111950169080\" name=\"img-202511111950169080\" \/><img decoding=\"async\" id=\"202511111950029884\" class=\"validImg controledImg\" src=\"https:\/\/www.powernoticias.com\/images\/202511111950029884\" name=\"img-202511111950029884\" \/>El director del IANES, Abog. Esp. Bernardo Voloj, y el coordinador intersedes, Mg. Ing. Marcelo G\u00f3mez Dellamea, arribaron a la ciudad y acompa\u00f1ados por el Delegado de la Sede Goya Cr Jorge Masera concretaron una serie de reuniones con instituciones y actores del ecosistema emprendedor local.<\/p>\n<p>La jornada comenz\u00f3 en el Club de Emprendedores de Goya, donde mantuvieron una reuni\u00f3n con el equipo del Club. Durante el encuentro se repasaron las acciones conjuntas que la Sede viene desarrollando junto al Club desde hace varios a\u00f1os, en apoyo a los emprendedores locales. Entre ellas, se destacan el dictado de m\u00f3dulos del programa Corrientes Emprende, del Programa Goya Incuba y del Juego de Desarrollo como as\u00ed tambi\u00e9n el reciente Proyecto de Extensi\u00f3n Universitaria, que capacit\u00f3 a m\u00e1s de 30 emprendedores de la ciudad.<\/p>\n<p>Luego, la comitiva visit\u00f3 la Zona de Actividades Econ\u00f3micas (ZAE), donde mantuvo un encuentro que cont\u00f3 con la presencia de la Secretaria de Industria y Comercio, Cr. Mar\u00eda Paz Lampugnani, el Secretario de Modernizacion, Innovaci\u00f3n y Desarrollo Tecnol\u00f3gico, Lic. Luciano Rol\u00f3n el presidente de la Asociaci\u00f3n de Industria, Comercio y Producci\u00f3n, Sr. C\u00e9sar Almeda; el gerente de Agenpro, Cr. Fernando Mart\u00ednez; el responsable de la unidad de extensi\u00f3n Goya del INTI, Ing. Ivan Churruar\u00edn, y otros referentes del sector tecnol\u00f3gico y productivo.<\/p>\n<p>M\u00e1s tarde, y con el acompa\u00f1amiento delos funcionarios municipales, los representantes del IANES recorrieron las instalaciones de la distribuidora \u201cEl Gordo.com\u201d, donde dialogaron con su titular, Horacio Urdiro, sobre experiencias y desaf\u00edos de esta empresa<\/p>\n<p>Durante las reuniones, las autoridades del IANES presentaron los objetivos y ejes estrat\u00e9gicos del Instituto, que busca consolidarse como un hub de negocios sostenibles impulsado desde la Universidad, promoviendo proyectos con enfoque de sostenibilidad y articulaci\u00f3n entre el sector p\u00fablico, privado y la sociedad civil.<\/p>\n<p>\u201cEl IANES tiene la misi\u00f3n de fomentar una cultura emprendedora basada en el triple impacto: econ\u00f3mico, social y ambiental, en l\u00ednea con los Objetivos de Desarrollo Sostenible (ODS) y las nuevas demandas del mercado global\u201d, explic\u00f3 Voloj, quien adem\u00e1s destac\u00f3 la importancia de trabajar en red con los territorios.<\/p>\n<p>Por la tarde, los representantes del Instituto se reunieron con docentes de la Sede Goya para analizar los proyectos de investigaci\u00f3n y extensi\u00f3n en marcha y planificar acciones para el pr\u00f3ximo a\u00f1o. En el encuentro se destac\u00f3 el prop\u00f3sito del IANES de constituirse en un laboratorio vivo de innovaci\u00f3n y aprendizaje, donde estudiantes, graduados y docentes puedan desarrollar soluciones aplicadas a desaf\u00edos reales del entorno.<\/p>\n<p>Entre los principales ejes de trabajo se mencionaron la mentor\u00eda e incubaci\u00f3n de proyectos, el Maker Lab para experimentaci\u00f3n y prototipado, y la formaci\u00f3n de cooperativas universitarias orientadas a la econom\u00eda colaborativa.<\/p>\n<p>Con esta visita, la Universidad de la Cuenca del Plata reafirma su compromiso con la sostenibilidad, la innovaci\u00f3n y el desarrollo regional, fortaleciendo al IANES como un espacio de vinculaci\u00f3n entre el conocimiento acad\u00e9mico y las demandas del mundo productivo.<\/p>\n","protected":false},"excerpt":{"rendered":"<p>La Sede Goya de la Universidad de la Cuenca del Plata fue escenario de una nutrida agenda de trabajo con la visita de autoridades del Instituto Americano de Negocios Sostenibles (IANES), perteneciente a la Facultad de Ciencias Econ\u00f3micas y Ambientales. El director del IANES, Abog. Esp. Bernardo Voloj, y el coordinador intersedes, Mg. Ing. Marcelo [&hellip;]<\/p>\n","protected":false},"author":2,"featured_media":3583,"comment_status":"open","ping_status":"open","sticky":false,"template":"","format":"standard","meta":{"footnotes":""},"categories":[78],"tags":[],"class_list":{"0":"post-3582","1":"post","2":"type-post","3":"status-publish","4":"format-standard","5":"has-post-thumbnail","7":"category-generales"},"_links":{"self":[{"href":"https:\/\/elpueblonoticia.com.ar\/web\/wp-json\/wp\/v2\/posts\/3582","targetHints":{"allow":["GET"]}}],"collection":[{"href":"https:\/\/elpueblonoticia.com.ar\/web\/wp-json\/wp\/v2\/posts"}],"about":[{"href":"https:\/\/elpueblonoticia.com.ar\/web\/wp-json\/wp\/v2\/types\/post"}],"author":[{"embeddable":true,"href":"https:\/\/elpueblonoticia.com.ar\/web\/wp-json\/wp\/v2\/users\/2"}],"replies":[{"embeddable":true,"href":"https:\/\/elpueblonoticia.com.ar\/web\/wp-json\/wp\/v2\/comments?post=3582"}],"version-history":[{"count":0,"href":"https:\/\/elpueblonoticia.com.ar\/web\/wp-json\/wp\/v2\/posts\/3582\/revisions"}],"wp:featuredmedia":[{"embeddable":true,"href":"https:\/\/elpueblonoticia.com.ar\/web\/wp-json\/wp\/v2\/media\/3583"}],"wp:attachment":[{"href":"https:\/\/elpueblonoticia.com.ar\/web\/wp-json\/wp\/v2\/media?parent=3582"}],"wp:term":[{"taxonomy":"category","embeddable":true,"href":"https:\/\/elpueblonoticia.com.ar\/web\/wp-json\/wp\/v2\/categories?post=3582"},{"taxonomy":"post_tag","embeddable":true,"href":"https:\/\/elpueblonoticia.com.ar\/web\/wp-json\/wp\/v2\/tags?post=3582"}],"curies":[{"name":"wp","href":"https:\/\/api.w.org\/{rel}","templated":true}]}}