{"id":3560,"date":"2025-11-12T09:53:31","date_gmt":"2025-11-12T12:53:31","guid":{"rendered":"https:\/\/elpueblonoticia.com.ar\/web\/?p=3560"},"modified":"2025-11-12T09:53:31","modified_gmt":"2025-11-12T12:53:31","slug":"clases-de-informatica-inclusiva","status":"publish","type":"post","link":"https:\/\/elpueblonoticia.com.ar\/web\/2025\/11\/12\/clases-de-informatica-inclusiva\/","title":{"rendered":"CLASES DE INFORM\u00c1TICA INCLUSIVA"},"content":{"rendered":"<p data-olk-copy-source=\"MessageBody\"><img loading=\"lazy\" decoding=\"async\" class=\"alignnone size-medium wp-image-3562\" src=\"https:\/\/elpueblonoticia.com.ar\/web\/wp-content\/uploads\/2025\/11\/informatica-inclusiva-1-300x189.jpg\" alt=\"\" width=\"300\" height=\"189\" srcset=\"https:\/\/elpueblonoticia.com.ar\/web\/wp-content\/uploads\/2025\/11\/informatica-inclusiva-1-300x189.jpg 300w, https:\/\/elpueblonoticia.com.ar\/web\/wp-content\/uploads\/2025\/11\/informatica-inclusiva-1-1024x645.jpg 1024w, https:\/\/elpueblonoticia.com.ar\/web\/wp-content\/uploads\/2025\/11\/informatica-inclusiva-1-768x484.jpg 768w, https:\/\/elpueblonoticia.com.ar\/web\/wp-content\/uploads\/2025\/11\/informatica-inclusiva-1-1536x968.jpg 1536w, https:\/\/elpueblonoticia.com.ar\/web\/wp-content\/uploads\/2025\/11\/informatica-inclusiva-1-667x420.jpg 667w, https:\/\/elpueblonoticia.com.ar\/web\/wp-content\/uploads\/2025\/11\/informatica-inclusiva-1-696x438.jpg 696w, https:\/\/elpueblonoticia.com.ar\/web\/wp-content\/uploads\/2025\/11\/informatica-inclusiva-1-1068x673.jpg 1068w, https:\/\/elpueblonoticia.com.ar\/web\/wp-content\/uploads\/2025\/11\/informatica-inclusiva-1.jpg 1600w\" sizes=\"auto, (max-width: 300px) 100vw, 300px\" \/><\/p>\n<p class=\"x_MsoNormal\" data-olk-copy-source=\"MessageBody\">La secretaria de Educaci\u00f3n Sonia Espina junto a la coordinadora de Discapacidad Liza Kammerich visit\u00f3 el taller de capacitaci\u00f3n en inform\u00e1tica destinado a la comunidad sorda.<\/p>\n<p class=\"x_MsoNormal\" aria-hidden=\"true\">\n<p class=\"x_MsoNormal\">Las funcionarias municipales observaron la rapidez en la asimilaci\u00f3n de los conocimientos brindados por los profesores del ITG Goya, recordando que el pasado mes de agosto dio inicio la formaci\u00f3n mencionada.<\/p>\n<p class=\"x_MsoNormal\" aria-hidden=\"true\">\n<p class=\"x_MsoNormal\">En la recorrida de la secretaria de Educaci\u00f3n y la coordinadora de Discapacidad en el espacio de formaci\u00f3n pudieron adem\u00e1s de constatar la capacidad de aprendizaje de los participantes, el avance en la preparaci\u00f3n, comprobar el trabajo pr\u00e1ctico desarrollado en el ITG realizando impresiones en 3D.<\/p>\n<p class=\"x_MsoNormal\" aria-hidden=\"true\">\n","protected":false},"excerpt":{"rendered":"<p>La secretaria de Educaci\u00f3n Sonia Espina junto a la coordinadora de Discapacidad Liza Kammerich visit\u00f3 el taller de capacitaci\u00f3n en inform\u00e1tica destinado a la comunidad sorda. Las funcionarias municipales observaron la rapidez en la asimilaci\u00f3n de los conocimientos brindados por los profesores del ITG Goya, recordando que el pasado mes de agosto dio inicio la [&hellip;]<\/p>\n","protected":false},"author":2,"featured_media":3561,"comment_status":"open","ping_status":"open","sticky":false,"template":"","format":"standard","meta":{"footnotes":""},"categories":[56],"tags":[],"class_list":{"0":"post-3560","1":"post","2":"type-post","3":"status-publish","4":"format-standard","5":"has-post-thumbnail","7":"category-locales"},"_links":{"self":[{"href":"https:\/\/elpueblonoticia.com.ar\/web\/wp-json\/wp\/v2\/posts\/3560","targetHints":{"allow":["GET"]}}],"collection":[{"href":"https:\/\/elpueblonoticia.com.ar\/web\/wp-json\/wp\/v2\/posts"}],"about":[{"href":"https:\/\/elpueblonoticia.com.ar\/web\/wp-json\/wp\/v2\/types\/post"}],"author":[{"embeddable":true,"href":"https:\/\/elpueblonoticia.com.ar\/web\/wp-json\/wp\/v2\/users\/2"}],"replies":[{"embeddable":true,"href":"https:\/\/elpueblonoticia.com.ar\/web\/wp-json\/wp\/v2\/comments?post=3560"}],"version-history":[{"count":0,"href":"https:\/\/elpueblonoticia.com.ar\/web\/wp-json\/wp\/v2\/posts\/3560\/revisions"}],"wp:featuredmedia":[{"embeddable":true,"href":"https:\/\/elpueblonoticia.com.ar\/web\/wp-json\/wp\/v2\/media\/3561"}],"wp:attachment":[{"href":"https:\/\/elpueblonoticia.com.ar\/web\/wp-json\/wp\/v2\/media?parent=3560"}],"wp:term":[{"taxonomy":"category","embeddable":true,"href":"https:\/\/elpueblonoticia.com.ar\/web\/wp-json\/wp\/v2\/categories?post=3560"},{"taxonomy":"post_tag","embeddable":true,"href":"https:\/\/elpueblonoticia.com.ar\/web\/wp-json\/wp\/v2\/tags?post=3560"}],"curies":[{"name":"wp","href":"https:\/\/api.w.org\/{rel}","templated":true}]}}