{"id":3553,"date":"2025-11-12T09:48:06","date_gmt":"2025-11-12T12:48:06","guid":{"rendered":"https:\/\/elpueblonoticia.com.ar\/web\/?p=3553"},"modified":"2025-11-12T09:48:06","modified_gmt":"2025-11-12T12:48:06","slug":"escuela-tecnica-valentin-virasoro-uniendo-saberes-y-forjando-futuro","status":"publish","type":"post","link":"https:\/\/elpueblonoticia.com.ar\/web\/2025\/11\/12\/escuela-tecnica-valentin-virasoro-uniendo-saberes-y-forjando-futuro\/","title":{"rendered":"ESCUELA T\u00c9CNICA \u201cVALENTIN VIRASORO\u201d  \u201cUNIENDO SABERES Y FORJANDO FUTURO\u201d"},"content":{"rendered":"<p data-olk-copy-source=\"MessageBody\"><img loading=\"lazy\" decoding=\"async\" class=\"alignnone size-medium wp-image-3555\" src=\"https:\/\/elpueblonoticia.com.ar\/web\/wp-content\/uploads\/2025\/11\/muestra-anual-Esc-Tecnica-Virasoro-flyr-2-169x300.jpg\" alt=\"\" width=\"169\" height=\"300\" srcset=\"https:\/\/elpueblonoticia.com.ar\/web\/wp-content\/uploads\/2025\/11\/muestra-anual-Esc-Tecnica-Virasoro-flyr-2-169x300.jpg 169w, https:\/\/elpueblonoticia.com.ar\/web\/wp-content\/uploads\/2025\/11\/muestra-anual-Esc-Tecnica-Virasoro-flyr-2-576x1024.jpg 576w, https:\/\/elpueblonoticia.com.ar\/web\/wp-content\/uploads\/2025\/11\/muestra-anual-Esc-Tecnica-Virasoro-flyr-2-768x1365.jpg 768w, https:\/\/elpueblonoticia.com.ar\/web\/wp-content\/uploads\/2025\/11\/muestra-anual-Esc-Tecnica-Virasoro-flyr-2-864x1536.jpg 864w, https:\/\/elpueblonoticia.com.ar\/web\/wp-content\/uploads\/2025\/11\/muestra-anual-Esc-Tecnica-Virasoro-flyr-2-236x420.jpg 236w, https:\/\/elpueblonoticia.com.ar\/web\/wp-content\/uploads\/2025\/11\/muestra-anual-Esc-Tecnica-Virasoro-flyr-2-696x1237.jpg 696w, https:\/\/elpueblonoticia.com.ar\/web\/wp-content\/uploads\/2025\/11\/muestra-anual-Esc-Tecnica-Virasoro-flyr-2.jpg 900w\" sizes=\"auto, (max-width: 169px) 100vw, 169px\" \/><img loading=\"lazy\" decoding=\"async\" class=\"alignnone size-medium wp-image-3556\" src=\"https:\/\/elpueblonoticia.com.ar\/web\/wp-content\/uploads\/2025\/11\/muestra-anual-Esc-Tecnica-Virasoro-flyr-3-244x300.jpg\" alt=\"\" width=\"244\" height=\"300\" srcset=\"https:\/\/elpueblonoticia.com.ar\/web\/wp-content\/uploads\/2025\/11\/muestra-anual-Esc-Tecnica-Virasoro-flyr-3-244x300.jpg 244w, https:\/\/elpueblonoticia.com.ar\/web\/wp-content\/uploads\/2025\/11\/muestra-anual-Esc-Tecnica-Virasoro-flyr-3-832x1024.jpg 832w, https:\/\/elpueblonoticia.com.ar\/web\/wp-content\/uploads\/2025\/11\/muestra-anual-Esc-Tecnica-Virasoro-flyr-3-768x945.jpg 768w, https:\/\/elpueblonoticia.com.ar\/web\/wp-content\/uploads\/2025\/11\/muestra-anual-Esc-Tecnica-Virasoro-flyr-3-1248x1536.jpg 1248w, https:\/\/elpueblonoticia.com.ar\/web\/wp-content\/uploads\/2025\/11\/muestra-anual-Esc-Tecnica-Virasoro-flyr-3-341x420.jpg 341w, https:\/\/elpueblonoticia.com.ar\/web\/wp-content\/uploads\/2025\/11\/muestra-anual-Esc-Tecnica-Virasoro-flyr-3-324x400.jpg 324w, https:\/\/elpueblonoticia.com.ar\/web\/wp-content\/uploads\/2025\/11\/muestra-anual-Esc-Tecnica-Virasoro-flyr-3-696x857.jpg 696w, https:\/\/elpueblonoticia.com.ar\/web\/wp-content\/uploads\/2025\/11\/muestra-anual-Esc-Tecnica-Virasoro-flyr-3-1068x1314.jpg 1068w, https:\/\/elpueblonoticia.com.ar\/web\/wp-content\/uploads\/2025\/11\/muestra-anual-Esc-Tecnica-Virasoro-flyr-3.jpg 1300w\" sizes=\"auto, (max-width: 244px) 100vw, 244px\" \/><img loading=\"lazy\" decoding=\"async\" class=\"alignnone size-medium wp-image-3557\" src=\"https:\/\/elpueblonoticia.com.ar\/web\/wp-content\/uploads\/2025\/11\/muestra-anual-Esc-Tecnica-Virasoro-flyr-4-cronograma-disertaciones-212x300.jpg\" alt=\"\" width=\"212\" height=\"300\" srcset=\"https:\/\/elpueblonoticia.com.ar\/web\/wp-content\/uploads\/2025\/11\/muestra-anual-Esc-Tecnica-Virasoro-flyr-4-cronograma-disertaciones-212x300.jpg 212w, https:\/\/elpueblonoticia.com.ar\/web\/wp-content\/uploads\/2025\/11\/muestra-anual-Esc-Tecnica-Virasoro-flyr-4-cronograma-disertaciones-723x1024.jpg 723w, https:\/\/elpueblonoticia.com.ar\/web\/wp-content\/uploads\/2025\/11\/muestra-anual-Esc-Tecnica-Virasoro-flyr-4-cronograma-disertaciones-768x1087.jpg 768w, https:\/\/elpueblonoticia.com.ar\/web\/wp-content\/uploads\/2025\/11\/muestra-anual-Esc-Tecnica-Virasoro-flyr-4-cronograma-disertaciones-297x420.jpg 297w, https:\/\/elpueblonoticia.com.ar\/web\/wp-content\/uploads\/2025\/11\/muestra-anual-Esc-Tecnica-Virasoro-flyr-4-cronograma-disertaciones-696x985.jpg 696w, https:\/\/elpueblonoticia.com.ar\/web\/wp-content\/uploads\/2025\/11\/muestra-anual-Esc-Tecnica-Virasoro-flyr-4-cronograma-disertaciones.jpg 904w\" sizes=\"auto, (max-width: 212px) 100vw, 212px\" \/><\/p>\n<p class=\"x_MsoNormal\" data-olk-copy-source=\"MessageBody\">En su nuevo edificio de calle Ej\u00e9rcito Argentino 156, el jueves de 10 a 18 horas la Escuela T\u00e9cnica Valent\u00edn Virasoro realizar\u00e1 su anual muestra t\u00e9cnica, \u201cUniendo Saberes y Forjando Futuro\u201d.<\/p>\n<p class=\"x_MsoNormal\" aria-hidden=\"true\">\n<p class=\"x_MsoNormal\">El futuro no se espera, se crea con esta motivaci\u00f3n. Se invita a observar la mencionada muestra, una exposici\u00f3n donde las ideas toman forma y los proyectos se concretan.<\/p>\n<p class=\"x_MsoNormal\" aria-hidden=\"true\">\n<p class=\"x_MsoNormal\">Se expondr\u00e1n m\u00e1s de 80 trabajos del secundario t\u00e9cnico, m\u00e1s los 16 proyectos de las formaciones profesionales, EPJA, y disertaciones de profesionales como la del Ing. Sergio Lapertosa de la UTN de Resistencia, de la carrera de Ingenier\u00eda en Sistemas, o la de Genaro Ram\u00edrez, profesor y programador de Mercado Libre, profesionales de las facultades de medicina, de ciencias sociales de la UNNE. Obras de teatro cortas, micro talleres, charla sobre mercado de inversiones, ser\u00e1n parte de una variada exposici\u00f3n que ofrecer\u00e1n los secundarios t\u00e9cnicos y formaciones profesionales.<\/p>\n<p class=\"x_MsoNormal\" aria-hidden=\"true\">\n<p class=\"x_MsoNormal\">Para tal motivo se ha dispuesto la utilizaci\u00f3n de una Sal\u00f3n Auditorio para las disertaciones y talleres, se exhibir\u00e1n los autos el\u00e9ctricos que compiten en Corrientes, y dos motos.<\/p>\n<p class=\"x_MsoNormal\" aria-hidden=\"true\">\n<p class=\"x_MsoNormal\">El horario contemplado para el jueves es de 9 a 12 y de 14 a 18. La apertura est\u00e1 prevista para la \u00a0hora 9 en el nuevo edificio, donde antes funcionaba la planta de la Ex Massalin.<\/p>\n","protected":false},"excerpt":{"rendered":"<p>En su nuevo edificio de calle Ej\u00e9rcito Argentino 156, el jueves de 10 a 18 horas la Escuela T\u00e9cnica Valent\u00edn Virasoro realizar\u00e1 su anual muestra t\u00e9cnica, \u201cUniendo Saberes y Forjando Futuro\u201d. El futuro no se espera, se crea con esta motivaci\u00f3n. Se invita a observar la mencionada muestra, una exposici\u00f3n donde las ideas toman forma [&hellip;]<\/p>\n","protected":false},"author":2,"featured_media":3554,"comment_status":"open","ping_status":"open","sticky":false,"template":"","format":"standard","meta":{"footnotes":""},"categories":[78],"tags":[],"class_list":{"0":"post-3553","1":"post","2":"type-post","3":"status-publish","4":"format-standard","5":"has-post-thumbnail","7":"category-generales"},"_links":{"self":[{"href":"https:\/\/elpueblonoticia.com.ar\/web\/wp-json\/wp\/v2\/posts\/3553","targetHints":{"allow":["GET"]}}],"collection":[{"href":"https:\/\/elpueblonoticia.com.ar\/web\/wp-json\/wp\/v2\/posts"}],"about":[{"href":"https:\/\/elpueblonoticia.com.ar\/web\/wp-json\/wp\/v2\/types\/post"}],"author":[{"embeddable":true,"href":"https:\/\/elpueblonoticia.com.ar\/web\/wp-json\/wp\/v2\/users\/2"}],"replies":[{"embeddable":true,"href":"https:\/\/elpueblonoticia.com.ar\/web\/wp-json\/wp\/v2\/comments?post=3553"}],"version-history":[{"count":0,"href":"https:\/\/elpueblonoticia.com.ar\/web\/wp-json\/wp\/v2\/posts\/3553\/revisions"}],"wp:featuredmedia":[{"embeddable":true,"href":"https:\/\/elpueblonoticia.com.ar\/web\/wp-json\/wp\/v2\/media\/3554"}],"wp:attachment":[{"href":"https:\/\/elpueblonoticia.com.ar\/web\/wp-json\/wp\/v2\/media?parent=3553"}],"wp:term":[{"taxonomy":"category","embeddable":true,"href":"https:\/\/elpueblonoticia.com.ar\/web\/wp-json\/wp\/v2\/categories?post=3553"},{"taxonomy":"post_tag","embeddable":true,"href":"https:\/\/elpueblonoticia.com.ar\/web\/wp-json\/wp\/v2\/tags?post=3553"}],"curies":[{"name":"wp","href":"https:\/\/api.w.org\/{rel}","templated":true}]}}