{"id":3548,"date":"2025-11-12T09:41:53","date_gmt":"2025-11-12T12:41:53","guid":{"rendered":"https:\/\/elpueblonoticia.com.ar\/web\/?p=3548"},"modified":"2025-11-12T09:41:53","modified_gmt":"2025-11-12T12:41:53","slug":"operativo-medico-asistencial-en-la-zona-rural","status":"publish","type":"post","link":"https:\/\/elpueblonoticia.com.ar\/web\/2025\/11\/12\/operativo-medico-asistencial-en-la-zona-rural\/","title":{"rendered":"OPERATIVO M\u00c9DICO ASISTENCIAL EN LA ZONA RURAL"},"content":{"rendered":"<p data-olk-copy-source=\"MessageBody\"><img loading=\"lazy\" decoding=\"async\" class=\"alignnone size-medium wp-image-3550\" src=\"https:\/\/elpueblonoticia.com.ar\/web\/wp-content\/uploads\/2025\/11\/dispositivo-aps-y-desarrollo-social-Paraje-San-Ramon-2-300x135.jpg\" alt=\"\" width=\"300\" height=\"135\" srcset=\"https:\/\/elpueblonoticia.com.ar\/web\/wp-content\/uploads\/2025\/11\/dispositivo-aps-y-desarrollo-social-Paraje-San-Ramon-2-300x135.jpg 300w, https:\/\/elpueblonoticia.com.ar\/web\/wp-content\/uploads\/2025\/11\/dispositivo-aps-y-desarrollo-social-Paraje-San-Ramon-2-1024x460.jpg 1024w, https:\/\/elpueblonoticia.com.ar\/web\/wp-content\/uploads\/2025\/11\/dispositivo-aps-y-desarrollo-social-Paraje-San-Ramon-2-768x345.jpg 768w, https:\/\/elpueblonoticia.com.ar\/web\/wp-content\/uploads\/2025\/11\/dispositivo-aps-y-desarrollo-social-Paraje-San-Ramon-2-1536x690.jpg 1536w, https:\/\/elpueblonoticia.com.ar\/web\/wp-content\/uploads\/2025\/11\/dispositivo-aps-y-desarrollo-social-Paraje-San-Ramon-2-935x420.jpg 935w, https:\/\/elpueblonoticia.com.ar\/web\/wp-content\/uploads\/2025\/11\/dispositivo-aps-y-desarrollo-social-Paraje-San-Ramon-2-696x313.jpg 696w, https:\/\/elpueblonoticia.com.ar\/web\/wp-content\/uploads\/2025\/11\/dispositivo-aps-y-desarrollo-social-Paraje-San-Ramon-2-1068x480.jpg 1068w, https:\/\/elpueblonoticia.com.ar\/web\/wp-content\/uploads\/2025\/11\/dispositivo-aps-y-desarrollo-social-Paraje-San-Ramon-2.jpg 1600w\" sizes=\"auto, (max-width: 300px) 100vw, 300px\" \/><\/p>\n<p class=\"x_MsoNormal\" data-olk-copy-source=\"MessageBody\">En la ma\u00f1ana del martes, en el local de la Escuela 524 del paraje San Ram\u00f3n El Bajo, el equipo de APS de la Municipalidad y el personal de la Delegaci\u00f3n Goya de Desarrollo Social desplegaron el dispositivo m\u00e9dico asistencial destinado a atender a las familias de la 3\u00aa secci\u00f3n del Departamento Goya.<\/p>\n<p class=\"x_MsoNormal\" aria-hidden=\"true\">\n<p class=\"x_MsoNormal\">El equipo de Salud de la Municipalidad se encarg\u00f3 de reforzar la atenci\u00f3n primaria, con m\u00e9dico, enfermero y personal de farmacia realizando los controles correspondientes.<\/p>\n<p class=\"x_MsoNormal\" aria-hidden=\"true\">\n<p class=\"x_MsoNormal\">Por su parte, el personal de la Delegaci\u00f3n Goya de Desarrollo Social entreg\u00f3 los m\u00f3dulos alimentarios a las familias del referido paraje rural.<\/p>\n<p class=\"x_MsoNormal\" aria-hidden=\"true\">\n<p class=\"x_MsoNormal\">PR\u00d3XIMO OPERATIVO<\/p>\n<p class=\"x_MsoNormal\">Similar dispositivo se efectuar\u00e1 el jueves 13 desde las 9 horas en el paraje \u00c1lamos de nuestro departamento.<\/p>\n<p class=\"x_MsoNormal\" aria-hidden=\"true\">\n","protected":false},"excerpt":{"rendered":"<p>En la ma\u00f1ana del martes, en el local de la Escuela 524 del paraje San Ram\u00f3n El Bajo, el equipo de APS de la Municipalidad y el personal de la Delegaci\u00f3n Goya de Desarrollo Social desplegaron el dispositivo m\u00e9dico asistencial destinado a atender a las familias de la 3\u00aa secci\u00f3n del Departamento Goya. El equipo [&hellip;]<\/p>\n","protected":false},"author":2,"featured_media":3549,"comment_status":"open","ping_status":"open","sticky":false,"template":"","format":"standard","meta":{"footnotes":""},"categories":[78],"tags":[],"class_list":{"0":"post-3548","1":"post","2":"type-post","3":"status-publish","4":"format-standard","5":"has-post-thumbnail","7":"category-generales"},"_links":{"self":[{"href":"https:\/\/elpueblonoticia.com.ar\/web\/wp-json\/wp\/v2\/posts\/3548","targetHints":{"allow":["GET"]}}],"collection":[{"href":"https:\/\/elpueblonoticia.com.ar\/web\/wp-json\/wp\/v2\/posts"}],"about":[{"href":"https:\/\/elpueblonoticia.com.ar\/web\/wp-json\/wp\/v2\/types\/post"}],"author":[{"embeddable":true,"href":"https:\/\/elpueblonoticia.com.ar\/web\/wp-json\/wp\/v2\/users\/2"}],"replies":[{"embeddable":true,"href":"https:\/\/elpueblonoticia.com.ar\/web\/wp-json\/wp\/v2\/comments?post=3548"}],"version-history":[{"count":0,"href":"https:\/\/elpueblonoticia.com.ar\/web\/wp-json\/wp\/v2\/posts\/3548\/revisions"}],"wp:featuredmedia":[{"embeddable":true,"href":"https:\/\/elpueblonoticia.com.ar\/web\/wp-json\/wp\/v2\/media\/3549"}],"wp:attachment":[{"href":"https:\/\/elpueblonoticia.com.ar\/web\/wp-json\/wp\/v2\/media?parent=3548"}],"wp:term":[{"taxonomy":"category","embeddable":true,"href":"https:\/\/elpueblonoticia.com.ar\/web\/wp-json\/wp\/v2\/categories?post=3548"},{"taxonomy":"post_tag","embeddable":true,"href":"https:\/\/elpueblonoticia.com.ar\/web\/wp-json\/wp\/v2\/tags?post=3548"}],"curies":[{"name":"wp","href":"https:\/\/api.w.org\/{rel}","templated":true}]}}