{"id":3544,"date":"2025-11-12T09:38:06","date_gmt":"2025-11-12T12:38:06","guid":{"rendered":"https:\/\/elpueblonoticia.com.ar\/web\/?p=3544"},"modified":"2025-11-12T09:38:06","modified_gmt":"2025-11-12T12:38:06","slug":"cierre-temporada-del-mini-basquetbol-departamental","status":"publish","type":"post","link":"https:\/\/elpueblonoticia.com.ar\/web\/2025\/11\/12\/cierre-temporada-del-mini-basquetbol-departamental\/","title":{"rendered":"CIERRE TEMPORADA DEL MINI B\u00c1SQUETBOL DEPARTAMENTAL"},"content":{"rendered":"<p class=\"x_MsoNormal\" data-olk-copy-source=\"MessageBody\">El pr\u00f3ximo 29 del corriente mes, desde las 15 horas, en el estadio Juan Antonio Faturo del club AMAD, la Comisi\u00f3n Departamental de Mini b\u00e1squetbol har\u00e1 su cierre de temporada.<\/p>\n<p class=\"x_MsoNormal\" aria-hidden=\"true\">\n<p class=\"x_MsoNormal\">Con la presencia de las delegaciones de los clubes que forman parte de la mencionada comisi\u00f3n, se dejar\u00e1 clausurada la temporada 2025.<\/p>\n<p class=\"x_MsoNormal\" aria-hidden=\"true\">\n<p class=\"x_MsoNormal\">Desde dicha comisi\u00f3n se invita a la comunidad a acompa\u00f1ar a los peque\u00f1os deportistas, solicitando a modo de colaboraci\u00f3n en la entrada, dejar un alimento no perecedero.<\/p>\n<p class=\"x_MsoNormal\" aria-hidden=\"true\">\n","protected":false},"excerpt":{"rendered":"<p>El pr\u00f3ximo 29 del corriente mes, desde las 15 horas, en el estadio Juan Antonio Faturo del club AMAD, la Comisi\u00f3n Departamental de Mini b\u00e1squetbol har\u00e1 su cierre de temporada. Con la presencia de las delegaciones de los clubes que forman parte de la mencionada comisi\u00f3n, se dejar\u00e1 clausurada la temporada 2025. Desde dicha comisi\u00f3n [&hellip;]<\/p>\n","protected":false},"author":2,"featured_media":3545,"comment_status":"open","ping_status":"open","sticky":false,"template":"","format":"standard","meta":{"footnotes":""},"categories":[56],"tags":[],"class_list":{"0":"post-3544","1":"post","2":"type-post","3":"status-publish","4":"format-standard","5":"has-post-thumbnail","7":"category-locales"},"_links":{"self":[{"href":"https:\/\/elpueblonoticia.com.ar\/web\/wp-json\/wp\/v2\/posts\/3544","targetHints":{"allow":["GET"]}}],"collection":[{"href":"https:\/\/elpueblonoticia.com.ar\/web\/wp-json\/wp\/v2\/posts"}],"about":[{"href":"https:\/\/elpueblonoticia.com.ar\/web\/wp-json\/wp\/v2\/types\/post"}],"author":[{"embeddable":true,"href":"https:\/\/elpueblonoticia.com.ar\/web\/wp-json\/wp\/v2\/users\/2"}],"replies":[{"embeddable":true,"href":"https:\/\/elpueblonoticia.com.ar\/web\/wp-json\/wp\/v2\/comments?post=3544"}],"version-history":[{"count":0,"href":"https:\/\/elpueblonoticia.com.ar\/web\/wp-json\/wp\/v2\/posts\/3544\/revisions"}],"wp:featuredmedia":[{"embeddable":true,"href":"https:\/\/elpueblonoticia.com.ar\/web\/wp-json\/wp\/v2\/media\/3545"}],"wp:attachment":[{"href":"https:\/\/elpueblonoticia.com.ar\/web\/wp-json\/wp\/v2\/media?parent=3544"}],"wp:term":[{"taxonomy":"category","embeddable":true,"href":"https:\/\/elpueblonoticia.com.ar\/web\/wp-json\/wp\/v2\/categories?post=3544"},{"taxonomy":"post_tag","embeddable":true,"href":"https:\/\/elpueblonoticia.com.ar\/web\/wp-json\/wp\/v2\/tags?post=3544"}],"curies":[{"name":"wp","href":"https:\/\/api.w.org\/{rel}","templated":true}]}}