{"id":3540,"date":"2025-11-12T09:35:42","date_gmt":"2025-11-12T12:35:42","guid":{"rendered":"https:\/\/elpueblonoticia.com.ar\/web\/?p=3540"},"modified":"2025-11-12T09:35:42","modified_gmt":"2025-11-12T12:35:42","slug":"presentacion-oficial-festival-de-cine-goya-4a-edicion","status":"publish","type":"post","link":"https:\/\/elpueblonoticia.com.ar\/web\/2025\/11\/12\/presentacion-oficial-festival-de-cine-goya-4a-edicion\/","title":{"rendered":"Presentaci\u00f3n Oficial: FESTIVAL DE CINE GOYA 4\u00aa EDICI\u00d3N"},"content":{"rendered":"<p class=\"x_MsoNormal\" data-olk-copy-source=\"MessageBody\">Se invita a los medios de comunicaci\u00f3n local, a periodistas, comunicadores, responsables de portales digitales, a la presentaci\u00f3n del Festival de Cine Goya, el mi\u00e9rcoles 12 de noviembre, a las 11 horas, en el Sal\u00f3n de Acuerdos de la Municipalidad.<\/p>\n<p class=\"x_MsoNormal\" aria-hidden=\"true\">\n<p class=\"x_MsoNormal\">En la ocasi\u00f3n se brindar\u00e1n los detalles de la 4\u00aa edici\u00f3n del festival a realizarse desde el 14 al 16 de noviembre en el Teatro Municipal.<\/p>\n<p class=\"x_MsoNormal\" aria-hidden=\"true\">\n","protected":false},"excerpt":{"rendered":"<p>Se invita a los medios de comunicaci\u00f3n local, a periodistas, comunicadores, responsables de portales digitales, a la presentaci\u00f3n del Festival de Cine Goya, el mi\u00e9rcoles 12 de noviembre, a las 11 horas, en el Sal\u00f3n de Acuerdos de la Municipalidad. En la ocasi\u00f3n se brindar\u00e1n los detalles de la 4\u00aa edici\u00f3n del festival a realizarse [&hellip;]<\/p>\n","protected":false},"author":2,"featured_media":3541,"comment_status":"open","ping_status":"open","sticky":false,"template":"","format":"standard","meta":{"footnotes":""},"categories":[56],"tags":[],"class_list":{"0":"post-3540","1":"post","2":"type-post","3":"status-publish","4":"format-standard","5":"has-post-thumbnail","7":"category-locales"},"_links":{"self":[{"href":"https:\/\/elpueblonoticia.com.ar\/web\/wp-json\/wp\/v2\/posts\/3540","targetHints":{"allow":["GET"]}}],"collection":[{"href":"https:\/\/elpueblonoticia.com.ar\/web\/wp-json\/wp\/v2\/posts"}],"about":[{"href":"https:\/\/elpueblonoticia.com.ar\/web\/wp-json\/wp\/v2\/types\/post"}],"author":[{"embeddable":true,"href":"https:\/\/elpueblonoticia.com.ar\/web\/wp-json\/wp\/v2\/users\/2"}],"replies":[{"embeddable":true,"href":"https:\/\/elpueblonoticia.com.ar\/web\/wp-json\/wp\/v2\/comments?post=3540"}],"version-history":[{"count":0,"href":"https:\/\/elpueblonoticia.com.ar\/web\/wp-json\/wp\/v2\/posts\/3540\/revisions"}],"wp:featuredmedia":[{"embeddable":true,"href":"https:\/\/elpueblonoticia.com.ar\/web\/wp-json\/wp\/v2\/media\/3541"}],"wp:attachment":[{"href":"https:\/\/elpueblonoticia.com.ar\/web\/wp-json\/wp\/v2\/media?parent=3540"}],"wp:term":[{"taxonomy":"category","embeddable":true,"href":"https:\/\/elpueblonoticia.com.ar\/web\/wp-json\/wp\/v2\/categories?post=3540"},{"taxonomy":"post_tag","embeddable":true,"href":"https:\/\/elpueblonoticia.com.ar\/web\/wp-json\/wp\/v2\/tags?post=3540"}],"curies":[{"name":"wp","href":"https:\/\/api.w.org\/{rel}","templated":true}]}}