{"id":3531,"date":"2025-11-12T09:24:59","date_gmt":"2025-11-12T12:24:59","guid":{"rendered":"https:\/\/elpueblonoticia.com.ar\/web\/?p=3531"},"modified":"2025-11-12T09:24:59","modified_gmt":"2025-11-12T12:24:59","slug":"exitosa-presentacion-de-la-obra-de-teatro-goya-en-el-acto-de-radicacion-historica","status":"publish","type":"post","link":"https:\/\/elpueblonoticia.com.ar\/web\/2025\/11\/12\/exitosa-presentacion-de-la-obra-de-teatro-goya-en-el-acto-de-radicacion-historica\/","title":{"rendered":"EXITOSA PRESENTACI\u00d3N DE LA OBRA DE TEATRO &#8220;GOYA&#8221; EN EL ACTO DE RADICACI\u00d3N HIST\u00d3RICA"},"content":{"rendered":"<p data-olk-copy-source=\"MessageBody\"><img loading=\"lazy\" decoding=\"async\" class=\"alignnone  wp-image-3533\" src=\"https:\/\/elpueblonoticia.com.ar\/web\/wp-content\/uploads\/2025\/11\/FotoJet-11-300x232.jpg\" alt=\"\" width=\"808\" height=\"625\" srcset=\"https:\/\/elpueblonoticia.com.ar\/web\/wp-content\/uploads\/2025\/11\/FotoJet-11-300x232.jpg 300w, https:\/\/elpueblonoticia.com.ar\/web\/wp-content\/uploads\/2025\/11\/FotoJet-11-1024x791.jpg 1024w, https:\/\/elpueblonoticia.com.ar\/web\/wp-content\/uploads\/2025\/11\/FotoJet-11-768x593.jpg 768w, https:\/\/elpueblonoticia.com.ar\/web\/wp-content\/uploads\/2025\/11\/FotoJet-11-1536x1186.jpg 1536w, https:\/\/elpueblonoticia.com.ar\/web\/wp-content\/uploads\/2025\/11\/FotoJet-11-544x420.jpg 544w, https:\/\/elpueblonoticia.com.ar\/web\/wp-content\/uploads\/2025\/11\/FotoJet-11-696x538.jpg 696w, https:\/\/elpueblonoticia.com.ar\/web\/wp-content\/uploads\/2025\/11\/FotoJet-11-1068x825.jpg 1068w, https:\/\/elpueblonoticia.com.ar\/web\/wp-content\/uploads\/2025\/11\/FotoJet-11.jpg 1845w\" sizes=\"auto, (max-width: 808px) 100vw, 808px\" \/><\/p>\n<p class=\"x_MsoNormal\" data-olk-copy-source=\"MessageBody\">La obra &#8220;Goya&#8221; emocion\u00f3 al p\u00fablico en el D\u00eda de la Radicaci\u00f3n Hist\u00f3rica, gracias al talento de la Escuela Municipal de Teatro y la participaci\u00f3n de artistas locales.<\/p>\n<p class=\"x_MsoNormal\" aria-hidden=\"true\">\n<p class=\"x_MsoNormal\">El pasado domingo, la plaza Mitre se visti\u00f3 de gala para celebrar el D\u00eda de la Radicaci\u00f3n Hist\u00f3rica de Goya con un evento que cont\u00f3 con la emotiva presentaci\u00f3n de la obra de teatro &#8220;Goya&#8221;. La puesta en escena, que narra los or\u00edgenes de la ciudad a trav\u00e9s de sus personajes m\u00e1s emblem\u00e1ticos, caus\u00f3 un profundo impacto en el p\u00fablico presente.<\/p>\n<p class=\"x_MsoNormal\" aria-hidden=\"true\">\n<p class=\"x_MsoNormal\" aria-hidden=\"true\">\n<p class=\"x_MsoNormal\">En la obra es el propio personaje \u201cGregoria Olivera\u201d, conocida como Do\u00f1a Goya, quien relata los inicios de la ciudad a partir de la creaci\u00f3n de la primera &#8220;pulper\u00eda&#8221; junto a su esposo, Bernardo Olivera. La narrativa transport\u00f3 a los espectadores a los or\u00edgenes mismos de Goya, resaltando la importancia de estos pioneros en la construcci\u00f3n de la identidad local.<\/p>\n<p class=\"x_MsoNormal\" aria-hidden=\"true\">\n<p class=\"x_MsoNormal\" aria-hidden=\"true\">\n<p class=\"x_MsoNormal\">ESPECT\u00c1CULO MULTIFAC\u00c9TICO<\/p>\n<p class=\"x_MsoNormal\" aria-hidden=\"true\">\n<p class=\"x_MsoNormal\">La presentaci\u00f3n cont\u00f3 con la destacada participaci\u00f3n del Coro Polif\u00f3nico Municipal \u201cElidia Andino\u201d, cuyas voces armonizaron con la emotividad del relato. Adem\u00e1s, la reconocida int\u00e9rprete Berta Mazzaro emocion\u00f3 al p\u00fablico con su interpretaci\u00f3n de la canci\u00f3n emblem\u00e1tica \u201cMi Goya de Ensue\u00f1o\u201d, a\u00f1adiendo un toque de magia y nostalgia a la noche.<\/p>\n<p class=\"x_MsoNormal\">No menos importante fue la colaboraci\u00f3n de los alumnos de la Carrera de Artes Visuales del Instituto Superior Goya, quienes aportaron su talento en la creaci\u00f3n de la utiler\u00eda, incluyendo m\u00e1scaras y vestuario del duende \u201cPombero\u201d, personaje m\u00edtico de la regi\u00f3n.<\/p>\n<p class=\"x_MsoNormal\" aria-hidden=\"true\">\n<p class=\"x_MsoNormal\" aria-hidden=\"true\">\n<p class=\"x_MsoNormal\">EL ORIGEN Y LA REACCI\u00d3N DEL P\u00daBLICO<\/p>\n<p class=\"x_MsoNormal\">Javier Camino, coordinador de la Escuela Municipal de Teatro, expres\u00f3 su asombro ante la respuesta del p\u00fablico: &#8220;La respuesta de la gente fue sorprendente, recib\u00ed muchos llamados y felicitaciones por lo que se hab\u00eda presentado&#8221;, para se\u00f1alar que la obra tuvo sus or\u00edgenes en una puesta en escena realizada por su escuela durante el desfile del 9 de Julio.<\/p>\n<p class=\"x_MsoNormal\">El impacto fue tal que el intendente Mariano Hormaechea los invit\u00f3 a profundizar y ampliar la propuesta, transform\u00e1ndola en una obra de teatro completa: \u00a0\u201cSe comunic\u00f3 con el Director de Cultura, Manuel Lito Zampar, y en alguna oportunidad tambi\u00e9n ha hablado conmigo para decir \u201c\u00bfpor qu\u00e9 no hacemos una obra de teatro que cuente un poco la historia de nuestra ciudad?, creo que \u00e9l sabiendo lo que se ven\u00eda hace esa solicitud a la Escuela Municipal de teatro y desde ah\u00ed nos pusimos a trabajar\u201d, coment\u00f3.<\/p>\n<p class=\"x_MsoNormal\" aria-hidden=\"true\">\n<p class=\"x_MsoNormal\">En declaraciones radiales, el Coordinador de la Escuela Municipal de Teatro, a\u00f1adi\u00f3: \u201cEn este nuevo estreno de la Escuela Municipal de teatro, que se llama \u201cGoya\u201d, lo que intenta es que Gregoria Morales, Do\u00f1a Goya, en primera persona pueda contar un poco sobre los inicios de Goya y un pu\u00f1ado de personalidades, personajes hist\u00f3ricos hicieron de Goya lo que es hoy\u201d.<\/p>\n<p class=\"x_MsoNormal\">El director teatral tambi\u00e9n destac\u00f3 el arduo trabajo de investigaci\u00f3n y asesoramiento que demand\u00f3 la creaci\u00f3n de la obra: \u201cPara llegar a lo que se lleg\u00f3 se necesita investigar, bajar contenido, tener asesoramiento., es decir, un trabajo minucioso para elaborar los textos y luego hacer un espect\u00e1culo que es al aire libre y hubo que grabar todas las voces y todo el soporte de imagen, esto se ensambl\u00f3 y fue el producto que se pudo ver en la plaza este domingo\u201d.<\/p>\n<p class=\"x_MsoNormal\" aria-hidden=\"true\">\n<p class=\"x_MsoNormal\" aria-hidden=\"true\">\n<p class=\"x_MsoNormal\">EMOCI\u00d3N Y AGRADECIMIENTO<\/p>\n<p class=\"x_MsoNormal\">Camino no ocult\u00f3 su emoci\u00f3n ante la respuesta del p\u00fablico: \u201cSab\u00eda que el producto estaba lindo, pero no pens\u00e9 que la gente iba a emocionarse como se emocion\u00f3, estuve todo el d\u00eda atendiendo el tel\u00e9fono, -reitero- recibiendo salutaciones y agradecimientos, la verdad es que cuando pensamos la obra ya pensamos en que el Coro Polif\u00f3nico Elidia Andino\u201d iba a ser part\u00edcipe tambi\u00e9n, no sab\u00edamos que Berta Mazzaro (Bertha Miriam), iba a hacer el final, con una parte de la canci\u00f3n de Jos\u00e9 Elgul \u201cMi Goya de Ensue\u00f1o\u201d, \u00a0fue la frutilla del postre\u201d.<\/p>\n<p class=\"x_MsoNormal\" aria-hidden=\"true\">\n<p class=\"x_MsoNormal\">Adem\u00e1s, remarc\u00f3 la participaci\u00f3n de casi 60 personas en el escenario, incluyendo al profesor Patricio Cattay, encargado de la grabaci\u00f3n en guaran\u00ed, y la representaci\u00f3n de leyendas locales como el Pombero. \u201cHabl\u00f3 de nuestras leyendas, del Pombero, de la m\u00edstica del r\u00edo Paran\u00e1 que enamora a Do\u00f1a Goya y desde ese lugar ella genera esa pulper\u00eda con su esposo Bernardo, estamos felices por el trabajo\u201d, recalc\u00f3 Javier Camino.<\/p>\n<p class=\"x_MsoNormal\" aria-hidden=\"true\">\n<p class=\"x_MsoNormal\" aria-hidden=\"true\">\n<p class=\"x_MsoNormal\">PERSONAJES HIST\u00d3RICOS Y EL LEGADO DE GOYA<\/p>\n<p class=\"x_MsoNormal\">El actor tambi\u00e9n resalt\u00f3 la inclusi\u00f3n de personajes hist\u00f3ricos que no hab\u00edan participado en el desfile del 9 de Julio, como Policarpo Pando, figura clave en la industria tabacalera de la ciudad: \u201cParticiparon otros como puede ser Policarpo Pando quien hace todo el trabajo desde el tabaco en nuestra ciudad, es quien trae la marca Imparciales y todo esto que hace que Goya sea Capital del tabaco, son algunas personas que se fueron sumando\u201d.<\/p>\n<p class=\"x_MsoNormal\" aria-hidden=\"true\">\n<p class=\"x_MsoNormal\">Asimismo, se record\u00f3 a Rosa Arriola, representante de la \u00e9poca en que Goya era conocida como la &#8220;Petit Paris\u201d. Asimismo, subray\u00f3 la importancia de este registro hist\u00f3rico para la ciudad y para la Escuela Municipal de Teatro, que, con apenas 5 a\u00f1os de trayectoria, fue convocada para este importante evento.<\/p>\n<p class=\"x_MsoNormal\" aria-hidden=\"true\">\n<p class=\"x_MsoNormal\">PRESENTE DE LA ESCUELA DE TEATRO<\/p>\n<p class=\"x_MsoNormal\">Camino agradeci\u00f3 especialmente a la profesora Elidia Andino y a los coreutas por su valiosa participaci\u00f3n, reconoci\u00f3 el trabajo de los alumnos de Artes Visuales del Instituto Superior Goya en la creaci\u00f3n de utiler\u00eda y vestuario.<\/p>\n<p class=\"x_MsoNormal\">El coordinador destac\u00f3 el excelente presente de la Escuela Municipal de Teatro, resaltando el talento y la dedicaci\u00f3n de sus alumnos y el equipo de trabajo: \u201cLa escuela se caracteriza este a\u00f1o por dos espect\u00e1culos grandes, tenemos una forma de trabajar, -sostuvo en el entrevista- hay un equipo de trabajo y el \u00e9xito es de ese equipo de trabajo: hay gente que se dedica a la est\u00e9tica del escenario, otros que se encargan del vestuario y tambi\u00e9n tenemos un soporte que nos va acompa\u00f1ando\u201d.<\/p>\n<p class=\"x_MsoNormal\" aria-hidden=\"true\">\n<p class=\"x_MsoNormal\">PR\u00d3XIMA PRESENTACI\u00d3N<\/p>\n<p class=\"x_MsoNormal\">Finalmente, Javier Camino anunci\u00f3 que la obra &#8220;Goya&#8221; se volver\u00e1 a presentar el viernes 14 en el Teatro Municipal, en el marco de la apertura del Festival de Cine: \u201cEst\u00e1n todos invitados, este ser\u00e1 nuestro cierre de temporada, ha sido un a\u00f1o fruct\u00edfero, que no pens\u00e1bamos que iba a ser con tanto trabajo y con tantas cosas lindas\u201d, concluy\u00f3.<\/p>\n<p class=\"x_MsoNormal\">El festival de Cine se realizar\u00e1 del 14 al 16 de noviembre del 2025 en el Teatro Municipal.<\/p>\n<p class=\"x_MsoNormal\">El Coordinador adelant\u00f3 que el a\u00f1o pr\u00f3ximo \u201chabr\u00e1 novedades en cuanto a la formaci\u00f3n de los actores de la Escuela Municipal de Teatro.\u201d<\/p>\n","protected":false},"excerpt":{"rendered":"<p>La obra &#8220;Goya&#8221; emocion\u00f3 al p\u00fablico en el D\u00eda de la Radicaci\u00f3n Hist\u00f3rica, gracias al talento de la Escuela Municipal de Teatro y la participaci\u00f3n de artistas locales. El pasado domingo, la plaza Mitre se visti\u00f3 de gala para celebrar el D\u00eda de la Radicaci\u00f3n Hist\u00f3rica de Goya con un evento que cont\u00f3 con la [&hellip;]<\/p>\n","protected":false},"author":2,"featured_media":3532,"comment_status":"open","ping_status":"open","sticky":false,"template":"","format":"standard","meta":{"footnotes":""},"categories":[56],"tags":[],"class_list":{"0":"post-3531","1":"post","2":"type-post","3":"status-publish","4":"format-standard","5":"has-post-thumbnail","7":"category-locales"},"_links":{"self":[{"href":"https:\/\/elpueblonoticia.com.ar\/web\/wp-json\/wp\/v2\/posts\/3531","targetHints":{"allow":["GET"]}}],"collection":[{"href":"https:\/\/elpueblonoticia.com.ar\/web\/wp-json\/wp\/v2\/posts"}],"about":[{"href":"https:\/\/elpueblonoticia.com.ar\/web\/wp-json\/wp\/v2\/types\/post"}],"author":[{"embeddable":true,"href":"https:\/\/elpueblonoticia.com.ar\/web\/wp-json\/wp\/v2\/users\/2"}],"replies":[{"embeddable":true,"href":"https:\/\/elpueblonoticia.com.ar\/web\/wp-json\/wp\/v2\/comments?post=3531"}],"version-history":[{"count":0,"href":"https:\/\/elpueblonoticia.com.ar\/web\/wp-json\/wp\/v2\/posts\/3531\/revisions"}],"wp:featuredmedia":[{"embeddable":true,"href":"https:\/\/elpueblonoticia.com.ar\/web\/wp-json\/wp\/v2\/media\/3532"}],"wp:attachment":[{"href":"https:\/\/elpueblonoticia.com.ar\/web\/wp-json\/wp\/v2\/media?parent=3531"}],"wp:term":[{"taxonomy":"category","embeddable":true,"href":"https:\/\/elpueblonoticia.com.ar\/web\/wp-json\/wp\/v2\/categories?post=3531"},{"taxonomy":"post_tag","embeddable":true,"href":"https:\/\/elpueblonoticia.com.ar\/web\/wp-json\/wp\/v2\/tags?post=3531"}],"curies":[{"name":"wp","href":"https:\/\/api.w.org\/{rel}","templated":true}]}}