{"id":3516,"date":"2025-11-12T08:25:18","date_gmt":"2025-11-12T11:25:18","guid":{"rendered":"https:\/\/elpueblonoticia.com.ar\/web\/?p=3516"},"modified":"2025-11-12T08:25:18","modified_gmt":"2025-11-12T11:25:18","slug":"rumbo-al-valesanito-2025-intendente-hormaechea-recibio-a-jovenes-promesas-de-la-academia-genius-antes-de-participar-de-la-copa-libertadores","status":"publish","type":"post","link":"https:\/\/elpueblonoticia.com.ar\/web\/2025\/11\/12\/rumbo-al-valesanito-2025-intendente-hormaechea-recibio-a-jovenes-promesas-de-la-academia-genius-antes-de-participar-de-la-copa-libertadores\/","title":{"rendered":"RUMBO AL \u201cVALESANITO 2025\u201d: INTENDENTE HORMAECHEA RECIBI\u00d3 A J\u00d3VENES PROMESAS DE LA ACADEMIA GENIUS ANTES DE PARTICIPAR DE LA \u201cCOPA LIBERTADORES\u201d"},"content":{"rendered":"<p data-olk-copy-source=\"MessageBody\"><img loading=\"lazy\" decoding=\"async\" class=\"alignnone size-medium wp-image-3518\" src=\"https:\/\/elpueblonoticia.com.ar\/web\/wp-content\/uploads\/2025\/11\/FotoJet-10-300x300.jpg\" alt=\"\" width=\"300\" height=\"300\" srcset=\"https:\/\/elpueblonoticia.com.ar\/web\/wp-content\/uploads\/2025\/11\/FotoJet-10-300x300.jpg 300w, https:\/\/elpueblonoticia.com.ar\/web\/wp-content\/uploads\/2025\/11\/FotoJet-10-1024x1024.jpg 1024w, https:\/\/elpueblonoticia.com.ar\/web\/wp-content\/uploads\/2025\/11\/FotoJet-10-150x150.jpg 150w, https:\/\/elpueblonoticia.com.ar\/web\/wp-content\/uploads\/2025\/11\/FotoJet-10-768x768.jpg 768w, https:\/\/elpueblonoticia.com.ar\/web\/wp-content\/uploads\/2025\/11\/FotoJet-10-420x420.jpg 420w, https:\/\/elpueblonoticia.com.ar\/web\/wp-content\/uploads\/2025\/11\/FotoJet-10-696x696.jpg 696w, https:\/\/elpueblonoticia.com.ar\/web\/wp-content\/uploads\/2025\/11\/FotoJet-10-1068x1068.jpg 1068w, https:\/\/elpueblonoticia.com.ar\/web\/wp-content\/uploads\/2025\/11\/FotoJet-10.jpg 1200w\" sizes=\"auto, (max-width: 300px) 100vw, 300px\" \/><\/p>\n<p class=\"x_MsoNormal\" data-olk-copy-source=\"MessageBody\">En una ma\u00f1ana colmada de entusiasmo, ilusi\u00f3n y sonrisas, el intendente municipal de Goya, doctor Mariano Hormaechea, recibi\u00f3 este martes 11 de noviembre en su despacho a parte del plantel de ni\u00f1os de la Academia de F\u00fatbol Genius, categor\u00eda 2015, que representar\u00e1 a la ciudad en el 28\u00b0 Torneo Internacional de F\u00fatbol Infantil \u201cValesanito 2025\u201d, conocido tambi\u00e9n como \u201cLa Copa Libertadores del F\u00fatbol Infantil\u201d.<\/p>\n<p class=\"x_MsoNormal\">\u00a0El encuentro tuvo el c\u00e1lido clima de una despedida esperanzadora: los peque\u00f1os futbolistas, vestidos con orgullo con los colores de su equipo, escucharon atentos las palabras de aliento del jefe comunal. Hormaechea felicit\u00f3 a los jugadores por el esfuerzo y compromiso que los llev\u00f3 a clasificar a este importante certamen, y los anim\u00f3 a disfrutar de la experiencia.<\/p>\n<p class=\"x_MsoNormal\">\u201cEs un orgullo que representen a Goya en un torneo tan importante. Les deseo toda la suerte y los espero nuevamente para recibirlos cuando regresen, con las vivencias y los logros que seguro traer\u00e1n\u201d, expres\u00f3 el intendente Hormaechea.<\/p>\n<p class=\"x_MsoNormal\">El \u201cValesanito 2025\u201d se disputar\u00e1 del 19 al 23 de noviembre en el Club Atl\u00e9tico Libertad de San Jer\u00f3nimo Norte (Santa Fe), y contar\u00e1 con la participaci\u00f3n de ocho categor\u00edas, desde 2012 hasta 2019. Reunir\u00e1 a equipos de distintos puntos de Argentina y tambi\u00e9n de pa\u00edses invitados como Brasil, Paraguay, Per\u00fa y Uruguay, en una verdadera fiesta del deporte infantil.<\/p>\n<p class=\"x_MsoNormal\">El torneo ser\u00e1 escenario de encuentros inolvidables: junto a los clubes del interior, tambi\u00e9n dir\u00e1n presente potencias del f\u00fatbol nacional como Boca Juniors, River Plate, Estudiantes de La Plata, Lan\u00fas, Col\u00f3n de Santa Fe, Defensa y Justicia y Boca Unidos de Corrientes, entre otros.<\/p>\n<p class=\"x_MsoNormal\">La Academia Genius categor\u00eda 2015, que representar\u00e1 a Goya, integra el Grupo E, donde se medir\u00e1 con Libertad Negro, Club El Quilla, Expreso Tomba (Mendoza) y Juventude (R\u00edo Grande, Brasil).<\/p>\n<p class=\"x_MsoNormal\">La visita al despacho municipal fue un momento muy especial para los peque\u00f1os jugadores puedan tener una foto junto al intendente Mariano Hormaechea, quienes compartieron la emoci\u00f3n con algunos de sus padres. Para muchos de ellos, conocer al intendente y recibir su apoyo era un sue\u00f1o cumplido antes de la gran cita futbolera.<\/p>\n<p class=\"x_MsoNormal\">Con la promesa de dejar todo en la cancha y de llevar el nombre de Goya bien alto, los chicos de la Academia Genius parten ahora hacia un desaf\u00edo que combina deporte, amistad y aprendizaje. M\u00e1s all\u00e1 del resultado, el viaje al Valesanito 2025 ser\u00e1 una experiencia que quedar\u00e1 grabada en su memoria como uno de los primeros grandes pasos en el camino de sus sue\u00f1os futbol\u00edsticos.<\/p>\n","protected":false},"excerpt":{"rendered":"<p>En una ma\u00f1ana colmada de entusiasmo, ilusi\u00f3n y sonrisas, el intendente municipal de Goya, doctor Mariano Hormaechea, recibi\u00f3 este martes 11 de noviembre en su despacho a parte del plantel de ni\u00f1os de la Academia de F\u00fatbol Genius, categor\u00eda 2015, que representar\u00e1 a la ciudad en el 28\u00b0 Torneo Internacional de F\u00fatbol Infantil \u201cValesanito 2025\u201d, [&hellip;]<\/p>\n","protected":false},"author":2,"featured_media":3517,"comment_status":"open","ping_status":"open","sticky":false,"template":"","format":"standard","meta":{"footnotes":""},"categories":[56],"tags":[],"class_list":{"0":"post-3516","1":"post","2":"type-post","3":"status-publish","4":"format-standard","5":"has-post-thumbnail","7":"category-locales"},"_links":{"self":[{"href":"https:\/\/elpueblonoticia.com.ar\/web\/wp-json\/wp\/v2\/posts\/3516","targetHints":{"allow":["GET"]}}],"collection":[{"href":"https:\/\/elpueblonoticia.com.ar\/web\/wp-json\/wp\/v2\/posts"}],"about":[{"href":"https:\/\/elpueblonoticia.com.ar\/web\/wp-json\/wp\/v2\/types\/post"}],"author":[{"embeddable":true,"href":"https:\/\/elpueblonoticia.com.ar\/web\/wp-json\/wp\/v2\/users\/2"}],"replies":[{"embeddable":true,"href":"https:\/\/elpueblonoticia.com.ar\/web\/wp-json\/wp\/v2\/comments?post=3516"}],"version-history":[{"count":0,"href":"https:\/\/elpueblonoticia.com.ar\/web\/wp-json\/wp\/v2\/posts\/3516\/revisions"}],"wp:featuredmedia":[{"embeddable":true,"href":"https:\/\/elpueblonoticia.com.ar\/web\/wp-json\/wp\/v2\/media\/3517"}],"wp:attachment":[{"href":"https:\/\/elpueblonoticia.com.ar\/web\/wp-json\/wp\/v2\/media?parent=3516"}],"wp:term":[{"taxonomy":"category","embeddable":true,"href":"https:\/\/elpueblonoticia.com.ar\/web\/wp-json\/wp\/v2\/categories?post=3516"},{"taxonomy":"post_tag","embeddable":true,"href":"https:\/\/elpueblonoticia.com.ar\/web\/wp-json\/wp\/v2\/tags?post=3516"}],"curies":[{"name":"wp","href":"https:\/\/api.w.org\/{rel}","templated":true}]}}