{"id":3512,"date":"2025-11-12T08:08:55","date_gmt":"2025-11-12T11:08:55","guid":{"rendered":"https:\/\/elpueblonoticia.com.ar\/web\/?p=3512"},"modified":"2025-11-12T08:08:55","modified_gmt":"2025-11-12T11:08:55","slug":"sylvina-ramirez-la-familia-es-la-primera-responsable-en-el-cuidado-y-desarrollo-de-los-ninos","status":"publish","type":"post","link":"https:\/\/elpueblonoticia.com.ar\/web\/2025\/11\/12\/sylvina-ramirez-la-familia-es-la-primera-responsable-en-el-cuidado-y-desarrollo-de-los-ninos\/","title":{"rendered":"SYLVINA RAM\u00cdREZ: \u201cLA FAMILIA ES LA PRIMERA RESPONSABLE EN EL CUIDADO Y DESARROLLO DE LOS NI\u00d1OS\u201d"},"content":{"rendered":"<p class=\"x_MsoNormal\" data-olk-copy-source=\"MessageBody\">En el marco del D\u00eda Nacional de la Lucha contra el Grooming, la Direcci\u00f3n de Fortalecimiento Familiar impulsa una charla preventiva en Goya<\/p>\n<p class=\"x_MsoNormal\">Cada 13 de noviembre en Argentina se conmemora el D\u00eda Nacional de la Lucha contra el Grooming, fecha instituida por la Ley 26.904, que busca visibilizar y prevenir el acoso de menores a trav\u00e9s de internet. En este contexto, la Direcci\u00f3n de Fortalecimiento Familiar de la Municipalidad de Goya promueve una charla informativa y preventiva dirigida a padres, madres y cuidadores, que se realizar\u00e1 este mi\u00e9rcoles 12 de noviembre a las 15.30 en el Centro de Promoci\u00f3n de Derechos Arco\u00edris, ubicado en Catamarca y Pe\u00f1aloza.<\/p>\n<p class=\"x_MsoNormal\">En di\u00e1logo con la 88.3 Radio Ciudad, la Directora del \u00e1rea, Sylvina Ram\u00edrez, destac\u00f3 la importancia de abordar estos temas desde una perspectiva integral.<\/p>\n<p class=\"x_MsoNormal\">\u201cEste llamado es tambi\u00e9n para dar a conocer las actividades que hacemos siempre desde nuestra direcci\u00f3n, con una mirada preventiva y tambi\u00e9n acompa\u00f1ando a las familias en estas incidencias tan importantes que muchas veces se dan en las casas y que se dan tambi\u00e9n a conocer en las escuelas o en otros lugares\u201d, se\u00f1al\u00f3.<\/p>\n<p class=\"x_MsoNormal\">Ram\u00edrez subray\u00f3 que la fecha es una oportunidad para generar conciencia y abrir espacios de di\u00e1logo.<\/p>\n<p class=\"x_MsoNormal\">\u201cNosotros tambi\u00e9n, alertados en esto, debemos hacer la prevenci\u00f3n, y cabe el d\u00eda como para poder charlar juntos ah\u00ed con las familias que vamos a estar convocados\u201d, expres\u00f3.<\/p>\n<p class=\"x_MsoNormal\">Muchas veces el foco est\u00e1 puesto en el bullying o en otras formas de violencia, pero que el uso inadecuado de las aplicaciones y la falta de acompa\u00f1amiento adulto tambi\u00e9n puede exponer a los ni\u00f1os a graves riesgos.<\/p>\n<p class=\"x_MsoNormal\">\u201cPor eso son v\u00edctimas justamente de estas cuestiones, y est\u00e1 bueno que se plantee esta charla en uno de los CDI de Goya\u201d, explic\u00f3.<\/p>\n<p class=\"x_MsoNormal\">Respecto al encuentro, Ram\u00edrez detall\u00f3: \u201cElegimos un d\u00eda antes, donde vamos a estar convocando a las familias del Centro de Promoci\u00f3n de Derecho Arco\u00edris para poder hablar. Estamos siempre convocando porque sabemos que son espacios donde concurren familias, donde los chicos hacen actividades y donde hay adultos responsables a cargo, y nos parece una buena decisi\u00f3n realizar esta charla en relaci\u00f3n con el trabajo cotidiano junto con los centros y otras instituciones\u201d.<\/p>\n<p class=\"x_MsoNormal\">La Directora adelant\u00f3 que la actividad contar\u00e1 con un abordaje desde el \u00e1rea psicol\u00f3gica y legal.<\/p>\n<p class=\"x_MsoNormal\">\u201cDesde el lado psicol\u00f3gico \u2014porque los ni\u00f1os ya nacen en una era digital\u2014 nosotros desde la parte preventiva tenemos que hablar sobre los cuidados y los l\u00edmites saludables para poder prevenir mayores situaciones\u201d, indic\u00f3.<\/p>\n<p class=\"x_MsoNormal\">Sobre el grooming y la interacci\u00f3n en juegos digitales, Ram\u00edrez advirti\u00f3: \u201cEl grooming se est\u00e1 hablando mucho en otras ciudades tambi\u00e9n, sobre los juegos en l\u00ednea que llevan muchas veces a interactuar con desconocidos, brindar mucha informaci\u00f3n que es necesario resguardarla, y eso tienen que estar atentos los adultos. Los ni\u00f1os deben estar acompa\u00f1ados por los adultos responsables para poder prevenir situaciones\u201d.<\/p>\n<p class=\"x_MsoNormal\">La funcionaria fue clara al afirmar que no se trata de eliminar la tecnolog\u00eda, sino de educar y acompa\u00f1ar su uso.<\/p>\n<p class=\"x_MsoNormal\">\u201cNo podemos sacar la tecnolog\u00eda porque muchas veces dicen \u2018vamos a cortar\u2019, y no se puede volver atr\u00e1s, porque ya estamos en un mundo digitalizado. Pero la prevenci\u00f3n y las herramientas son importantes para los adultos, teniendo en cuenta que trabajamos tambi\u00e9n con un lineamiento que es la Ley del Ni\u00f1o 26.061, que en su art\u00edculo 7 dice que la familia es la primordial responsable del cuidado y el desarrollo de los menores\u201d, remarc\u00f3.<\/p>\n<p class=\"x_MsoNormal\">Ram\u00edrez destac\u00f3 adem\u00e1s la necesidad de formar una cultura digital responsable, incluso desde el sistema educativo.<\/p>\n<p class=\"x_MsoNormal\">\u201cHoy nos pone contentos que en los contenidos curriculares, desde el nivel primario, se utilice la Inteligencia Artificial para generar contenidos, pero bajo todo un esquema de supervisi\u00f3n. Lo que buscamos es debatir con los adultos, con los padres y los profesionales, para ver c\u00f3mo ayudamos a prevenir estas situaciones\u201d, explic\u00f3.<\/p>\n<p class=\"x_MsoNormal\">\u00a0La charla tambi\u00e9n abordar\u00e1 los l\u00edmites de edad y tiempo de exposici\u00f3n a las pantallas.<\/p>\n<p class=\"x_MsoNormal\">\u201cHay condiciones de uso que muchas veces desconocemos. Un ni\u00f1o puede tener un celular a partir de los 13 a\u00f1os, pero con cuidado parental, no con acceso libre a todas las aplicaciones. El padre es quien autoriza lo que el ni\u00f1o puede ver o utilizar. Y las recomendaciones sobre el tiempo de uso tambi\u00e9n son fundamentales. Adem\u00e1s, contaremos con un asesoramiento legal de la Secretar\u00eda de Desarrollo Humano, para orientar sobre qu\u00e9 hacer y a d\u00f3nde acudir ante un caso de este tipo\u201d, agreg\u00f3 Ram\u00edrez.<\/p>\n<p class=\"x_MsoNormal\">Finalmente, la Directora enfatiz\u00f3 la importancia del di\u00e1logo familiar como herramienta de prevenci\u00f3n: \u201cLo que vamos a generar es un espacio donde recomendamos a las familias que se fomente la conversaci\u00f3n cotidiana, con empat\u00eda, sobre las experiencias virtuales de los ni\u00f1os y los riesgos en las pantallas. Es muy relevante reflexionar juntos sobre la importancia de la privacidad y el resguardo de la informaci\u00f3n personal, y promover una mirada cr\u00edtica del uso de internet sin que ellos se sientan censurados, sino m\u00e1s protegidos\u201d, sostuvo.<\/p>\n<p class=\"x_MsoNormal\">Y concluy\u00f3: \u201cPara eso tenemos que capacitarnos los adultos y tener herramientas a la hora de conversar con ellos. Los l\u00edmites los dan los mayores. Lo que se busca es el compromiso de la familia, porque en las casas es donde se genera el \u00e1mbito de reflexi\u00f3n, de cuidado y de l\u00edmites saludables\u201d.<\/p>\n<p class=\"x_MsoNormal\">MAYOR CONECTIVIDAD<\/p>\n<p class=\"x_MsoNormal\">Adem\u00e1s, desde la Direcci\u00f3n de Fortalecimiento Familiar se contin\u00faa implementando el programa \u201cMayor Conectividad\u201d, destinado a capacitar a adultos mayores en el uso de herramientas tecnol\u00f3gicas, y tambi\u00e9n en la prevenci\u00f3n de ciberdelitos.<\/p>\n<p class=\"x_MsoNormal\">\u201cSabemos que eso le puede pasar a cualquiera, porque nadie est\u00e1 exento, pero tener la informaci\u00f3n es importante para prevenir\u201d, afirm\u00f3 Ram\u00edrez.<\/p>\n<p class=\"x_MsoNormal\">La directora explic\u00f3 que el programa se desarroll\u00f3 en articulaci\u00f3n con instituciones privadas: \u201cHab\u00edamos generado este espacio junto con instituciones privadas para brindar herramientas sobre cuidados, sobre qu\u00e9 informaci\u00f3n no brindar, justamente a trav\u00e9s del tel\u00e9fono, porque hoy somos contactados muchas veces por promociones, avisos o anuncios donde podemos estar delante de un delito cibern\u00e9tico\u201d, coment\u00f3.<\/p>\n<p class=\"x_MsoNormal\">Ram\u00edrez adelant\u00f3 que planean una nueva jornada de prevenci\u00f3n antes de fin de a\u00f1o: \u201cPromover estos espacios de cuidado tambi\u00e9n es importante. Nos queda pendiente, y si Dios quiere lo vamos a llevar adelante antes que termine el a\u00f1o, junto con la Polic\u00eda de la Provincia, que tambi\u00e9n viene difundiendo materiales sobre c\u00f3mo prevenir estafas y qu\u00e9 hacer cuando uno cae en ellas\u201d, subray\u00f3.<\/p>\n<p class=\"x_MsoNormal\">Finalmente, la funcionaria destac\u00f3 el alcance del programa: \u201cEn esta cuarta etapa, sumado a lo que ya venimos trabajando el a\u00f1o pasado, m\u00e1s de 150 adultos pasaron por el programa. Algunos participaron en jornadas, otros necesitaban otras herramientas que vamos a estar diagramando para la pr\u00f3xima edici\u00f3n. Fue un programa muy inclusivo\u201d, finaliz\u00f3 Sylvina Ram\u00edrez.<\/p>\n","protected":false},"excerpt":{"rendered":"<p>En el marco del D\u00eda Nacional de la Lucha contra el Grooming, la Direcci\u00f3n de Fortalecimiento Familiar impulsa una charla preventiva en Goya Cada 13 de noviembre en Argentina se conmemora el D\u00eda Nacional de la Lucha contra el Grooming, fecha instituida por la Ley 26.904, que busca visibilizar y prevenir el acoso de menores [&hellip;]<\/p>\n","protected":false},"author":2,"featured_media":3513,"comment_status":"open","ping_status":"open","sticky":false,"template":"","format":"standard","meta":{"footnotes":""},"categories":[56],"tags":[],"class_list":{"0":"post-3512","1":"post","2":"type-post","3":"status-publish","4":"format-standard","5":"has-post-thumbnail","7":"category-locales"},"_links":{"self":[{"href":"https:\/\/elpueblonoticia.com.ar\/web\/wp-json\/wp\/v2\/posts\/3512","targetHints":{"allow":["GET"]}}],"collection":[{"href":"https:\/\/elpueblonoticia.com.ar\/web\/wp-json\/wp\/v2\/posts"}],"about":[{"href":"https:\/\/elpueblonoticia.com.ar\/web\/wp-json\/wp\/v2\/types\/post"}],"author":[{"embeddable":true,"href":"https:\/\/elpueblonoticia.com.ar\/web\/wp-json\/wp\/v2\/users\/2"}],"replies":[{"embeddable":true,"href":"https:\/\/elpueblonoticia.com.ar\/web\/wp-json\/wp\/v2\/comments?post=3512"}],"version-history":[{"count":0,"href":"https:\/\/elpueblonoticia.com.ar\/web\/wp-json\/wp\/v2\/posts\/3512\/revisions"}],"wp:featuredmedia":[{"embeddable":true,"href":"https:\/\/elpueblonoticia.com.ar\/web\/wp-json\/wp\/v2\/media\/3513"}],"wp:attachment":[{"href":"https:\/\/elpueblonoticia.com.ar\/web\/wp-json\/wp\/v2\/media?parent=3512"}],"wp:term":[{"taxonomy":"category","embeddable":true,"href":"https:\/\/elpueblonoticia.com.ar\/web\/wp-json\/wp\/v2\/categories?post=3512"},{"taxonomy":"post_tag","embeddable":true,"href":"https:\/\/elpueblonoticia.com.ar\/web\/wp-json\/wp\/v2\/tags?post=3512"}],"curies":[{"name":"wp","href":"https:\/\/api.w.org\/{rel}","templated":true}]}}