{"id":3508,"date":"2025-11-12T08:07:03","date_gmt":"2025-11-12T11:07:03","guid":{"rendered":"https:\/\/elpueblonoticia.com.ar\/web\/?p=3508"},"modified":"2025-11-12T08:07:03","modified_gmt":"2025-11-12T11:07:03","slug":"desarrollo-social-informa-el-cronograma-de-entrega-de-modulos-en-goya","status":"publish","type":"post","link":"https:\/\/elpueblonoticia.com.ar\/web\/2025\/11\/12\/desarrollo-social-informa-el-cronograma-de-entrega-de-modulos-en-goya\/","title":{"rendered":"DESARROLLO SOCIAL INFORMA EL CRONOGRAMA DE ENTREGA DE M\u00d3DULOS EN GOYA"},"content":{"rendered":"<p class=\"x_MsoNormal\" data-olk-copy-source=\"MessageBody\">La Delegaci\u00f3n Goya del Ministerio de Desarrollo Social dio a conocer el cronograma de entrega de m\u00f3dulos alimentarios, que se realizar\u00e1 desde el lunes 10 hasta el jueves 27 de noviembre de 2025, abarcando distintos barrios y parajes de la ciudad y zonas aleda\u00f1as.<\/p>\n<p class=\"x_MsoNormal\">La distribuci\u00f3n se har\u00e1 \u00fanicamente en las fechas indicadas, sin excepciones, y los beneficiarios deber\u00e1n presentarse con DNI para recibir los m\u00f3dulos correspondientes.<\/p>\n<p class=\"x_MsoNormal\">A continuaci\u00f3n, se detalla el cronograma completo:<\/p>\n<p class=\"x_gmail-MsoListParagraph\">\u00b7\u00a0\u00a0\u00a0\u00a0\u00a0\u00a0\u00a0\u00a0\u00a0Lunes 10 de noviembre: 63 Viviendas, Puente Chiappe, CGT, Leandro Alem, Yapey\u00fa, Virgen de Lourdes, Mauricio Valenzuela, Sargento Cabral, 99 Viviendas, Virgen del Rosario, Jard\u00edn, Bicentenario, La Rotonda, Colonita Loza, Francisco Palau, Inmaculada Concepci\u00f3n, San Cayetano, Santa Rita, Pl\u00e1cido Mart\u00ednez, Centro, 9 de Julio y Santa Ana.<\/p>\n<p class=\"x_MsoNormal\" aria-hidden=\"true\">\n<p class=\"x_gmail-MsoListParagraph\">\u00b7\u00a0\u00a0\u00a0\u00a0\u00a0\u00a0\u00a0\u00a0\u00a0Martes 11: Coqui Correa, Independencia, Itat\u00ed, Medalla Milagrosa, Santa Rosa de Lima, Santiago de la Hoz, Resurrecci\u00f3n, Mateo Marincovich, Estrella del Sur y Pando.<\/p>\n<p class=\"x_MsoNormal\" aria-hidden=\"true\">\n<p class=\"x_gmail-MsoListParagraph\">\u00b7\u00a0\u00a0\u00a0\u00a0\u00a0\u00a0\u00a0\u00a0\u00a0Mi\u00e9rcoles 12: Aeropuerto y Remanso (entrega a domicilio \u2013 \u201cse lleva\u201d).<\/p>\n<p class=\"x_MsoNormal\" aria-hidden=\"true\">\n<p class=\"x_gmail-MsoListParagraph\">\u00b7\u00a0\u00a0\u00a0\u00a0\u00a0\u00a0\u00a0\u00a0\u00a0Jueves 13: 100 Viviendas, Virgen de Luj\u00e1n, 25 de Mayo, 70 Viviendas, 96 Viviendas, 160 Viviendas, Alberdi, Belgrano, San Francisco de As\u00eds, Golondrinas, \u00d1anderoga, Napind\u00e1, Sagrado Coraz\u00f3n de Jes\u00fas y Vital.<\/p>\n<p class=\"x_MsoNormal\" aria-hidden=\"true\">\n<p class=\"x_gmail-MsoListParagraph\">\u00b7\u00a0\u00a0\u00a0\u00a0\u00a0\u00a0\u00a0\u00a0\u00a0Viernes 14: Devoto, Devoto Nuevo y Pasaje Soledad (se lleva).<\/p>\n<p class=\"x_MsoNormal\" aria-hidden=\"true\">\n<p class=\"x_gmail-MsoListParagraph\">\u00b7\u00a0\u00a0\u00a0\u00a0\u00a0\u00a0\u00a0\u00a0\u00a0Lunes 17: San Ram\u00f3n.<\/p>\n<p class=\"x_MsoNormal\" aria-hidden=\"true\">\n<p class=\"x_gmail-MsoListParagraph\">\u00b7\u00a0\u00a0\u00a0\u00a0\u00a0\u00a0\u00a0\u00a0\u00a0Martes 18: Arco\u00edris y Sarmiento.<\/p>\n<p class=\"x_MsoNormal\" aria-hidden=\"true\">\n<p class=\"x_gmail-MsoListParagraph\">\u00b7\u00a0\u00a0\u00a0\u00a0\u00a0\u00a0\u00a0\u00a0\u00a0Mi\u00e9rcoles 19: Santa Catalina y Puerto Boca (se lleva).<\/p>\n<p class=\"x_MsoNormal\" aria-hidden=\"true\">\n<p class=\"x_gmail-MsoListParagraph\">\u00b7\u00a0\u00a0\u00a0\u00a0\u00a0\u00a0\u00a0\u00a0\u00a0Jueves 20: La Boca (ex Chacal) y Esperanza.<\/p>\n<p class=\"x_MsoNormal\" aria-hidden=\"true\">\n<p class=\"x_gmail-MsoListParagraph\">\u00b7\u00a0\u00a0\u00a0\u00a0\u00a0\u00a0\u00a0\u00a0\u00a0Martes 25: 1\u00ba de Mayo, Coembot\u00e1, Laguna Bosco, Mariano Moreno, Sc\u00f3fano y G\u00fcemes.<\/p>\n<p class=\"x_MsoNormal\" aria-hidden=\"true\">\n<p class=\"x_gmail-MsoListParagraph\">\u00b7\u00a0\u00a0\u00a0\u00a0\u00a0\u00a0\u00a0\u00a0\u00a0Mi\u00e9rcoles 26: Santa Clara y Rinc\u00f3n de G\u00f3mez (se lleva).<\/p>\n<p class=\"x_MsoNormal\" aria-hidden=\"true\">\n<p class=\"x_gmail-MsoListParagraph\">\u00b7\u00a0\u00a0\u00a0\u00a0\u00a0\u00a0\u00a0\u00a0\u00a0Jueves 27: Francisco I, Matadero, Aeroclub, Santa Luc\u00eda y Juan XXIII.<\/p>\n<p class=\"x_MsoNormal\" aria-hidden=\"true\">\n<p class=\"x_MsoNormal\">Desde la Delegaci\u00f3n Goya de Desarrollo Social remarcaron la importancia de respetar las fechas establecidas para una organizaci\u00f3n m\u00e1s eficiente y equitativa en la entrega de los m\u00f3dulos. Tambi\u00e9n recordaron que no se entregar\u00e1n m\u00f3dulos fuera del cronograma, por lo que se solicita a los beneficiarios consultar previamente la fecha correspondiente a su barrio y concurrir con la documentaci\u00f3n requerida.<\/p>\n","protected":false},"excerpt":{"rendered":"<p>La Delegaci\u00f3n Goya del Ministerio de Desarrollo Social dio a conocer el cronograma de entrega de m\u00f3dulos alimentarios, que se realizar\u00e1 desde el lunes 10 hasta el jueves 27 de noviembre de 2025, abarcando distintos barrios y parajes de la ciudad y zonas aleda\u00f1as. La distribuci\u00f3n se har\u00e1 \u00fanicamente en las fechas indicadas, sin excepciones, [&hellip;]<\/p>\n","protected":false},"author":2,"featured_media":3509,"comment_status":"open","ping_status":"open","sticky":false,"template":"","format":"standard","meta":{"footnotes":""},"categories":[56],"tags":[],"class_list":{"0":"post-3508","1":"post","2":"type-post","3":"status-publish","4":"format-standard","5":"has-post-thumbnail","7":"category-locales"},"_links":{"self":[{"href":"https:\/\/elpueblonoticia.com.ar\/web\/wp-json\/wp\/v2\/posts\/3508","targetHints":{"allow":["GET"]}}],"collection":[{"href":"https:\/\/elpueblonoticia.com.ar\/web\/wp-json\/wp\/v2\/posts"}],"about":[{"href":"https:\/\/elpueblonoticia.com.ar\/web\/wp-json\/wp\/v2\/types\/post"}],"author":[{"embeddable":true,"href":"https:\/\/elpueblonoticia.com.ar\/web\/wp-json\/wp\/v2\/users\/2"}],"replies":[{"embeddable":true,"href":"https:\/\/elpueblonoticia.com.ar\/web\/wp-json\/wp\/v2\/comments?post=3508"}],"version-history":[{"count":0,"href":"https:\/\/elpueblonoticia.com.ar\/web\/wp-json\/wp\/v2\/posts\/3508\/revisions"}],"wp:featuredmedia":[{"embeddable":true,"href":"https:\/\/elpueblonoticia.com.ar\/web\/wp-json\/wp\/v2\/media\/3509"}],"wp:attachment":[{"href":"https:\/\/elpueblonoticia.com.ar\/web\/wp-json\/wp\/v2\/media?parent=3508"}],"wp:term":[{"taxonomy":"category","embeddable":true,"href":"https:\/\/elpueblonoticia.com.ar\/web\/wp-json\/wp\/v2\/categories?post=3508"},{"taxonomy":"post_tag","embeddable":true,"href":"https:\/\/elpueblonoticia.com.ar\/web\/wp-json\/wp\/v2\/tags?post=3508"}],"curies":[{"name":"wp","href":"https:\/\/api.w.org\/{rel}","templated":true}]}}