{"id":3504,"date":"2025-11-12T07:56:05","date_gmt":"2025-11-12T10:56:05","guid":{"rendered":"https:\/\/elpueblonoticia.com.ar\/web\/?p=3504"},"modified":"2025-11-12T07:56:05","modified_gmt":"2025-11-12T10:56:05","slug":"suspenden-la-actividad-aparte-campero-roberto-j-dowdall-en-el-predio-rural-goya","status":"publish","type":"post","link":"https:\/\/elpueblonoticia.com.ar\/web\/2025\/11\/12\/suspenden-la-actividad-aparte-campero-roberto-j-dowdall-en-el-predio-rural-goya\/","title":{"rendered":"SUSPENDEN LA ACTIVIDAD \u201cAPARTE CAMPERO &#038; ROBERTO J. DOWDALL\u201d EN EL PREDIO RURAL GOYA"},"content":{"rendered":"<p class=\"x_MsoNormal\" data-olk-copy-source=\"MessageBody\">La Comisi\u00f3n Organizadora del Ateneo de J\u00f3venes inform\u00f3 que la actividad \u201cAparte Campero &amp; Roberto J. Dowdall\u201d, prevista para los d\u00edas 15 y 16 de noviembre en el Predio Rural Goya, ha sido suspendida.<\/p>\n<p class=\"x_MsoNormal\">Desde la organizaci\u00f3n expresaron: \u201cLamentamos informar que la actividad organizada por nuestro Ateneo de J\u00f3venes se ha suspendido\u201d.<\/p>\n<p class=\"x_MsoNormal\">Si bien no se detallaron los motivos de la suspensi\u00f3n, desde la comisi\u00f3n lamentaron profundamente la situaci\u00f3n y agradecieron el inter\u00e9s y apoyo de quienes ya se hab\u00edan mostrado entusiasmados con participar.<\/p>\n","protected":false},"excerpt":{"rendered":"<p>La Comisi\u00f3n Organizadora del Ateneo de J\u00f3venes inform\u00f3 que la actividad \u201cAparte Campero &amp; Roberto J. Dowdall\u201d, prevista para los d\u00edas 15 y 16 de noviembre en el Predio Rural Goya, ha sido suspendida. Desde la organizaci\u00f3n expresaron: \u201cLamentamos informar que la actividad organizada por nuestro Ateneo de J\u00f3venes se ha suspendido\u201d. Si bien no [&hellip;]<\/p>\n","protected":false},"author":2,"featured_media":3505,"comment_status":"open","ping_status":"open","sticky":false,"template":"","format":"standard","meta":{"footnotes":""},"categories":[56],"tags":[],"class_list":{"0":"post-3504","1":"post","2":"type-post","3":"status-publish","4":"format-standard","5":"has-post-thumbnail","7":"category-locales"},"_links":{"self":[{"href":"https:\/\/elpueblonoticia.com.ar\/web\/wp-json\/wp\/v2\/posts\/3504","targetHints":{"allow":["GET"]}}],"collection":[{"href":"https:\/\/elpueblonoticia.com.ar\/web\/wp-json\/wp\/v2\/posts"}],"about":[{"href":"https:\/\/elpueblonoticia.com.ar\/web\/wp-json\/wp\/v2\/types\/post"}],"author":[{"embeddable":true,"href":"https:\/\/elpueblonoticia.com.ar\/web\/wp-json\/wp\/v2\/users\/2"}],"replies":[{"embeddable":true,"href":"https:\/\/elpueblonoticia.com.ar\/web\/wp-json\/wp\/v2\/comments?post=3504"}],"version-history":[{"count":0,"href":"https:\/\/elpueblonoticia.com.ar\/web\/wp-json\/wp\/v2\/posts\/3504\/revisions"}],"wp:featuredmedia":[{"embeddable":true,"href":"https:\/\/elpueblonoticia.com.ar\/web\/wp-json\/wp\/v2\/media\/3505"}],"wp:attachment":[{"href":"https:\/\/elpueblonoticia.com.ar\/web\/wp-json\/wp\/v2\/media?parent=3504"}],"wp:term":[{"taxonomy":"category","embeddable":true,"href":"https:\/\/elpueblonoticia.com.ar\/web\/wp-json\/wp\/v2\/categories?post=3504"},{"taxonomy":"post_tag","embeddable":true,"href":"https:\/\/elpueblonoticia.com.ar\/web\/wp-json\/wp\/v2\/tags?post=3504"}],"curies":[{"name":"wp","href":"https:\/\/api.w.org\/{rel}","templated":true}]}}