{"id":3449,"date":"2025-11-11T08:20:19","date_gmt":"2025-11-11T11:20:19","guid":{"rendered":"https:\/\/elpueblonoticia.com.ar\/web\/?p=3449"},"modified":"2025-11-11T08:20:19","modified_gmt":"2025-11-11T11:20:19","slug":"58o-aniversario-del-grupo-scout-goya","status":"publish","type":"post","link":"https:\/\/elpueblonoticia.com.ar\/web\/2025\/11\/11\/58o-aniversario-del-grupo-scout-goya\/","title":{"rendered":"58\u00ba ANIVERSARIO DEL GRUPO SCOUT GOYA"},"content":{"rendered":"<p data-olk-copy-source=\"MessageBody\"><img loading=\"lazy\" decoding=\"async\" class=\"alignnone  wp-image-3454\" src=\"https:\/\/elpueblonoticia.com.ar\/web\/wp-content\/uploads\/2025\/11\/Aniversario-Scout-obsequio-al-Director-de-Cultura-3-300x300.jpg\" alt=\"\" width=\"331\" height=\"331\" srcset=\"https:\/\/elpueblonoticia.com.ar\/web\/wp-content\/uploads\/2025\/11\/Aniversario-Scout-obsequio-al-Director-de-Cultura-3-300x300.jpg 300w, https:\/\/elpueblonoticia.com.ar\/web\/wp-content\/uploads\/2025\/11\/Aniversario-Scout-obsequio-al-Director-de-Cultura-3-1024x1024.jpg 1024w, https:\/\/elpueblonoticia.com.ar\/web\/wp-content\/uploads\/2025\/11\/Aniversario-Scout-obsequio-al-Director-de-Cultura-3-150x150.jpg 150w, https:\/\/elpueblonoticia.com.ar\/web\/wp-content\/uploads\/2025\/11\/Aniversario-Scout-obsequio-al-Director-de-Cultura-3-768x768.jpg 768w, https:\/\/elpueblonoticia.com.ar\/web\/wp-content\/uploads\/2025\/11\/Aniversario-Scout-obsequio-al-Director-de-Cultura-3-420x420.jpg 420w, https:\/\/elpueblonoticia.com.ar\/web\/wp-content\/uploads\/2025\/11\/Aniversario-Scout-obsequio-al-Director-de-Cultura-3-696x696.jpg 696w, https:\/\/elpueblonoticia.com.ar\/web\/wp-content\/uploads\/2025\/11\/Aniversario-Scout-obsequio-al-Director-de-Cultura-3-1068x1068.jpg 1068w, https:\/\/elpueblonoticia.com.ar\/web\/wp-content\/uploads\/2025\/11\/Aniversario-Scout-obsequio-al-Director-de-Cultura-3.jpg 1440w\" sizes=\"auto, (max-width: 331px) 100vw, 331px\" \/><\/p>\n<p data-olk-copy-source=\"MessageBody\"><img loading=\"lazy\" decoding=\"async\" class=\"alignnone  wp-image-3453\" src=\"https:\/\/elpueblonoticia.com.ar\/web\/wp-content\/uploads\/2025\/11\/Aniversario-Scout-obsequio-al-Director-de-Cultura-4-300x300.jpg\" alt=\"\" width=\"363\" height=\"363\" srcset=\"https:\/\/elpueblonoticia.com.ar\/web\/wp-content\/uploads\/2025\/11\/Aniversario-Scout-obsequio-al-Director-de-Cultura-4-300x300.jpg 300w, https:\/\/elpueblonoticia.com.ar\/web\/wp-content\/uploads\/2025\/11\/Aniversario-Scout-obsequio-al-Director-de-Cultura-4-1024x1024.jpg 1024w, https:\/\/elpueblonoticia.com.ar\/web\/wp-content\/uploads\/2025\/11\/Aniversario-Scout-obsequio-al-Director-de-Cultura-4-150x150.jpg 150w, https:\/\/elpueblonoticia.com.ar\/web\/wp-content\/uploads\/2025\/11\/Aniversario-Scout-obsequio-al-Director-de-Cultura-4-768x768.jpg 768w, https:\/\/elpueblonoticia.com.ar\/web\/wp-content\/uploads\/2025\/11\/Aniversario-Scout-obsequio-al-Director-de-Cultura-4-420x420.jpg 420w, https:\/\/elpueblonoticia.com.ar\/web\/wp-content\/uploads\/2025\/11\/Aniversario-Scout-obsequio-al-Director-de-Cultura-4-696x696.jpg 696w, https:\/\/elpueblonoticia.com.ar\/web\/wp-content\/uploads\/2025\/11\/Aniversario-Scout-obsequio-al-Director-de-Cultura-4-1068x1068.jpg 1068w, https:\/\/elpueblonoticia.com.ar\/web\/wp-content\/uploads\/2025\/11\/Aniversario-Scout-obsequio-al-Director-de-Cultura-4.jpg 1440w\" sizes=\"auto, (max-width: 363px) 100vw, 363px\" \/><\/p>\n<p data-olk-copy-source=\"MessageBody\"><img loading=\"lazy\" decoding=\"async\" class=\"alignnone  wp-image-3451\" src=\"https:\/\/elpueblonoticia.com.ar\/web\/wp-content\/uploads\/2025\/11\/Aniversario-Scout-obsequio-al-Director-de-Cultura-flyr-169x300.jpg\" alt=\"\" width=\"399\" height=\"708\" srcset=\"https:\/\/elpueblonoticia.com.ar\/web\/wp-content\/uploads\/2025\/11\/Aniversario-Scout-obsequio-al-Director-de-Cultura-flyr-169x300.jpg 169w, https:\/\/elpueblonoticia.com.ar\/web\/wp-content\/uploads\/2025\/11\/Aniversario-Scout-obsequio-al-Director-de-Cultura-flyr-576x1024.jpg 576w, https:\/\/elpueblonoticia.com.ar\/web\/wp-content\/uploads\/2025\/11\/Aniversario-Scout-obsequio-al-Director-de-Cultura-flyr-768x1365.jpg 768w, https:\/\/elpueblonoticia.com.ar\/web\/wp-content\/uploads\/2025\/11\/Aniversario-Scout-obsequio-al-Director-de-Cultura-flyr-864x1536.jpg 864w, https:\/\/elpueblonoticia.com.ar\/web\/wp-content\/uploads\/2025\/11\/Aniversario-Scout-obsequio-al-Director-de-Cultura-flyr-236x420.jpg 236w, https:\/\/elpueblonoticia.com.ar\/web\/wp-content\/uploads\/2025\/11\/Aniversario-Scout-obsequio-al-Director-de-Cultura-flyr-696x1237.jpg 696w, https:\/\/elpueblonoticia.com.ar\/web\/wp-content\/uploads\/2025\/11\/Aniversario-Scout-obsequio-al-Director-de-Cultura-flyr-1068x1899.jpg 1068w, https:\/\/elpueblonoticia.com.ar\/web\/wp-content\/uploads\/2025\/11\/Aniversario-Scout-obsequio-al-Director-de-Cultura-flyr.jpg 1080w\" sizes=\"auto, (max-width: 399px) 100vw, 399px\" \/> <img loading=\"lazy\" decoding=\"async\" class=\"alignnone size-medium wp-image-3453\" src=\"https:\/\/elpueblonoticia.com.ar\/web\/wp-content\/uploads\/2025\/11\/Aniversario-Scout-obsequio-al-Director-de-Cultura-4-300x300.jpg\" alt=\"\" width=\"300\" height=\"300\" srcset=\"https:\/\/elpueblonoticia.com.ar\/web\/wp-content\/uploads\/2025\/11\/Aniversario-Scout-obsequio-al-Director-de-Cultura-4-300x300.jpg 300w, https:\/\/elpueblonoticia.com.ar\/web\/wp-content\/uploads\/2025\/11\/Aniversario-Scout-obsequio-al-Director-de-Cultura-4-1024x1024.jpg 1024w, https:\/\/elpueblonoticia.com.ar\/web\/wp-content\/uploads\/2025\/11\/Aniversario-Scout-obsequio-al-Director-de-Cultura-4-150x150.jpg 150w, https:\/\/elpueblonoticia.com.ar\/web\/wp-content\/uploads\/2025\/11\/Aniversario-Scout-obsequio-al-Director-de-Cultura-4-768x768.jpg 768w, https:\/\/elpueblonoticia.com.ar\/web\/wp-content\/uploads\/2025\/11\/Aniversario-Scout-obsequio-al-Director-de-Cultura-4-420x420.jpg 420w, https:\/\/elpueblonoticia.com.ar\/web\/wp-content\/uploads\/2025\/11\/Aniversario-Scout-obsequio-al-Director-de-Cultura-4-696x696.jpg 696w, https:\/\/elpueblonoticia.com.ar\/web\/wp-content\/uploads\/2025\/11\/Aniversario-Scout-obsequio-al-Director-de-Cultura-4-1068x1068.jpg 1068w, https:\/\/elpueblonoticia.com.ar\/web\/wp-content\/uploads\/2025\/11\/Aniversario-Scout-obsequio-al-Director-de-Cultura-4.jpg 1440w\" sizes=\"auto, (max-width: 300px) 100vw, 300px\" \/><\/p>\n<p class=\"x_MsoNormal\" data-olk-copy-source=\"MessageBody\">EL DIRECTOR DE CULTURA MANUEL ZAMPAR RECIBI\u00d3 UN RECONOCIMIENTO<\/p>\n<p class=\"x_MsoNormal\">El Grupo Scout Nuestra Se\u00f1ora del Rosario 613 &#8211; 282, el pasado s\u00e1bado 8 de noviembre en su sede celebr\u00f3 una emotiva velada scout con motivo de festejar los 58 a\u00f1os de estar \u201cSiempre Listo\u201d; con la participaci\u00f3n de m\u00e1s de 200 personas, reuniendo a distintas generaciones que formaron y siguen formando parte de esta gran familia.<\/p>\n<p class=\"x_MsoNormal\" aria-hidden=\"true\">\n<p class=\"x_MsoNormal\">La noche cont\u00f3 con la presencia del maestro scout Oreste Jorge Colonese, quien acompa\u00f1\u00f3 este importante momento de encuentro y recuerdos compartidos.<\/p>\n<p class=\"x_MsoNormal\" aria-hidden=\"true\">\n<p class=\"x_MsoNormal\">Durante la velada hubo la formulaci\u00f3n de una promesa scouts de la protagonista F\u00e1tima Nicoletti.<\/p>\n<p class=\"x_MsoNormal\" aria-hidden=\"true\">\n<p class=\"x_MsoNormal\">M\u00fasicos, bailarines, proyecci\u00f3n de un video y menciones especiales, dieron un marco de emoci\u00f3n y alegr\u00eda a una jornada llena de esp\u00edritu scout.<\/p>\n<p class=\"x_MsoNormal\" aria-hidden=\"true\">\n<p class=\"x_MsoNormal\">Dentro de las menciones especiales, uno de los destinatarios de ese reconocimiento ha sido el director de Cultura Manuel Zampar, quien expres\u00f3: \u201cEstoy muy agradecido por esta distinci\u00f3n, junto a Jorge (Colonese) hemos recordado an\u00e9cdotas que han quedado grabadas de manera firmes en mi coraz\u00f3n, mi familia, mi esposa siempre me recuerda por actitudes, gestos, \u201cse nota que sos scout\u201d. Solo me resta agradecerte Jorge por esas ense\u00f1anzas que quedan para toda la vida\u201d.<\/p>\n<p class=\"x_MsoNormal\" aria-hidden=\"true\">\n<p class=\"x_MsoNormal\">El Grupo Scout de Goya a modo de gratitud por las gestiones y facilidades brindadas desde la Direcci\u00f3n de Cultura, obsequi\u00f3 a Manuel Zampar el libro de la memoria del grupo para que sea destinado a la Biblioteca de la Casa de la Cultura.<\/p>\n<p class=\"x_MsoNormal\" aria-hidden=\"true\">\n<p class=\"x_MsoNormal\">La celebraci\u00f3n continu\u00f3 con una rica cena compartida y culmin\u00f3 con la tradicional torta y el canto del feliz cumplea\u00f1os, honrando los 58 a\u00f1os de historia, servicio y amistad del grupo.<\/p>\n<p class=\"x_MsoNormal\" aria-hidden=\"true\">\n<p class=\"x_MsoNormal\">Los dirigentes agradecieron a la familia scout, por confiar, acompa\u00f1ar y seguir caminando juntos en este hermoso camino de formaci\u00f3n de j\u00f3venes y adultos.<\/p>\n<p class=\"x_MsoNormal\">Motivados con el lema identificatorio: \u00a1Siempre Listo!<\/p>\n","protected":false},"excerpt":{"rendered":"<p>EL DIRECTOR DE CULTURA MANUEL ZAMPAR RECIBI\u00d3 UN RECONOCIMIENTO El Grupo Scout Nuestra Se\u00f1ora del Rosario 613 &#8211; 282, el pasado s\u00e1bado 8 de noviembre en su sede celebr\u00f3 una emotiva velada scout con motivo de festejar los 58 a\u00f1os de estar \u201cSiempre Listo\u201d; con la participaci\u00f3n de m\u00e1s de 200 personas, reuniendo a distintas [&hellip;]<\/p>\n","protected":false},"author":2,"featured_media":3452,"comment_status":"open","ping_status":"open","sticky":false,"template":"","format":"standard","meta":{"footnotes":""},"categories":[56],"tags":[],"class_list":{"0":"post-3449","1":"post","2":"type-post","3":"status-publish","4":"format-standard","5":"has-post-thumbnail","7":"category-locales"},"_links":{"self":[{"href":"https:\/\/elpueblonoticia.com.ar\/web\/wp-json\/wp\/v2\/posts\/3449","targetHints":{"allow":["GET"]}}],"collection":[{"href":"https:\/\/elpueblonoticia.com.ar\/web\/wp-json\/wp\/v2\/posts"}],"about":[{"href":"https:\/\/elpueblonoticia.com.ar\/web\/wp-json\/wp\/v2\/types\/post"}],"author":[{"embeddable":true,"href":"https:\/\/elpueblonoticia.com.ar\/web\/wp-json\/wp\/v2\/users\/2"}],"replies":[{"embeddable":true,"href":"https:\/\/elpueblonoticia.com.ar\/web\/wp-json\/wp\/v2\/comments?post=3449"}],"version-history":[{"count":0,"href":"https:\/\/elpueblonoticia.com.ar\/web\/wp-json\/wp\/v2\/posts\/3449\/revisions"}],"wp:featuredmedia":[{"embeddable":true,"href":"https:\/\/elpueblonoticia.com.ar\/web\/wp-json\/wp\/v2\/media\/3452"}],"wp:attachment":[{"href":"https:\/\/elpueblonoticia.com.ar\/web\/wp-json\/wp\/v2\/media?parent=3449"}],"wp:term":[{"taxonomy":"category","embeddable":true,"href":"https:\/\/elpueblonoticia.com.ar\/web\/wp-json\/wp\/v2\/categories?post=3449"},{"taxonomy":"post_tag","embeddable":true,"href":"https:\/\/elpueblonoticia.com.ar\/web\/wp-json\/wp\/v2\/tags?post=3449"}],"curies":[{"name":"wp","href":"https:\/\/api.w.org\/{rel}","templated":true}]}}