{"id":3425,"date":"2025-11-10T11:21:09","date_gmt":"2025-11-10T14:21:09","guid":{"rendered":"https:\/\/elpueblonoticia.com.ar\/web\/?p=3425"},"modified":"2025-11-10T11:21:09","modified_gmt":"2025-11-10T14:21:09","slug":"mocoreta-manejaba-un-camion-en-estado-de-ebriedad-sobre-una-ruta-de-corrientes","status":"publish","type":"post","link":"https:\/\/elpueblonoticia.com.ar\/web\/2025\/11\/10\/mocoreta-manejaba-un-camion-en-estado-de-ebriedad-sobre-una-ruta-de-corrientes\/","title":{"rendered":"Mocoreta: Manejaba un cami\u00f3n en estado de ebriedad sobre una ruta de Corrientes"},"content":{"rendered":"<p><img decoding=\"async\" src=\"https:\/\/www.powernoticias.com\/images\/202511101132247501\" \/><\/p>\n<p>Ocurri\u00f3 durante la madrugada del domingo, el conductor de una Scania sobrepas\u00f3 el punto de control policial. Con colaboraci\u00f3n de Gendarmer\u00eda Nacional se pudo detener al hombre que pon\u00eda en riesgo su vida y la de terceros.<\/p>\n<p>La Polic\u00eda de Corrientes inform\u00f3 que el domingo detuvo a un hombre que manejaba de manera peligrosa un cami\u00f3n en la localidad de Mocoret\u00e1.<\/p>\n<p>La detenci\u00f3n ocurri\u00f3 en la madrugada del domingo, cuando efectivos de la Unidad Especial de Seguridad Vial de Mocoret\u00e1 realizaban tareas de contralor sobre la Ruta Nacional N\u00b0 14, en el acceso a Corrientes.<\/p>\n<p>Desde el punto de control se observ\u00f3 como un cami\u00f3n marca Scania se acercaba realizando maniobras peligrosas, que pon\u00edan en riesgo tanto la vida del conductor como de terceros. Al intentar detenerlo, el conductor no atendi\u00f3 a las indicaciones de los efectivos, esquivando el control. Por tal motivo, se produjo una breve persecuci\u00f3n que termin\u00f3 en la retenci\u00f3n del veh\u00edculo.<\/p>\n<p>En la altura del kil\u00f3metro 375 se logr\u00f3 interceptar el cami\u00f3n con colaboraci\u00f3n de la Gendarmer\u00eda Nacional. Se identific\u00f3 y demor\u00f3 a un hombre mayor de edad, quien estaba en estado de ebriedad. Adem\u00e1s, se secuestr\u00f3 el veh\u00edculo.<\/p>\n<p>El demorado y lo secuestrado fueron puestos a disposici\u00f3n de la Justicia y trasladados a la comisar\u00eda correspondiente, a fin de realizar las diligencias del caso.<\/p>\n<p>El Litoral<\/p>\n","protected":false},"excerpt":{"rendered":"<p>Ocurri\u00f3 durante la madrugada del domingo, el conductor de una Scania sobrepas\u00f3 el punto de control policial. Con colaboraci\u00f3n de Gendarmer\u00eda Nacional se pudo detener al hombre que pon\u00eda en riesgo su vida y la de terceros. La Polic\u00eda de Corrientes inform\u00f3 que el domingo detuvo a un hombre que manejaba de manera peligrosa un [&hellip;]<\/p>\n","protected":false},"author":2,"featured_media":3426,"comment_status":"open","ping_status":"open","sticky":false,"template":"","format":"standard","meta":{"footnotes":""},"categories":[68],"tags":[],"class_list":{"0":"post-3425","1":"post","2":"type-post","3":"status-publish","4":"format-standard","5":"has-post-thumbnail","7":"category-policiales-nacionales"},"_links":{"self":[{"href":"https:\/\/elpueblonoticia.com.ar\/web\/wp-json\/wp\/v2\/posts\/3425","targetHints":{"allow":["GET"]}}],"collection":[{"href":"https:\/\/elpueblonoticia.com.ar\/web\/wp-json\/wp\/v2\/posts"}],"about":[{"href":"https:\/\/elpueblonoticia.com.ar\/web\/wp-json\/wp\/v2\/types\/post"}],"author":[{"embeddable":true,"href":"https:\/\/elpueblonoticia.com.ar\/web\/wp-json\/wp\/v2\/users\/2"}],"replies":[{"embeddable":true,"href":"https:\/\/elpueblonoticia.com.ar\/web\/wp-json\/wp\/v2\/comments?post=3425"}],"version-history":[{"count":0,"href":"https:\/\/elpueblonoticia.com.ar\/web\/wp-json\/wp\/v2\/posts\/3425\/revisions"}],"wp:featuredmedia":[{"embeddable":true,"href":"https:\/\/elpueblonoticia.com.ar\/web\/wp-json\/wp\/v2\/media\/3426"}],"wp:attachment":[{"href":"https:\/\/elpueblonoticia.com.ar\/web\/wp-json\/wp\/v2\/media?parent=3425"}],"wp:term":[{"taxonomy":"category","embeddable":true,"href":"https:\/\/elpueblonoticia.com.ar\/web\/wp-json\/wp\/v2\/categories?post=3425"},{"taxonomy":"post_tag","embeddable":true,"href":"https:\/\/elpueblonoticia.com.ar\/web\/wp-json\/wp\/v2\/tags?post=3425"}],"curies":[{"name":"wp","href":"https:\/\/api.w.org\/{rel}","templated":true}]}}