{"id":3421,"date":"2025-11-10T11:12:19","date_gmt":"2025-11-10T14:12:19","guid":{"rendered":"https:\/\/elpueblonoticia.com.ar\/web\/?p=3421"},"modified":"2025-11-10T11:12:19","modified_gmt":"2025-11-10T14:12:19","slug":"es-oficial-asi-es-el-proximo-feriado-xl-de-noviembre-2025","status":"publish","type":"post","link":"https:\/\/elpueblonoticia.com.ar\/web\/2025\/11\/10\/es-oficial-asi-es-el-proximo-feriado-xl-de-noviembre-2025\/","title":{"rendered":"Es oficial: as\u00ed es el pr\u00f3ximo feriado XL de noviembre 2025"},"content":{"rendered":"<p>&nbsp;<\/p>\n<p>El pen\u00faltimo mes de 2025 trae un fin de semana extralargo de cuatro d\u00edas, configurado por un feriado nacional trasladable y un d\u00eda no laborable tur\u00edstico. Ideal para un merecido descanso.<\/p>\n<p>Noviembre\u00a0se presenta como una excelente oportunidad para disfrutar de un merecido descanso prolongado en Argentina. Gracias a la combinaci\u00f3n estrat\u00e9gica de un\u00a0feriado nacional trasladable y un d\u00eda no laborable con fines tur\u00edsticos, se configura un\u00a0fin de semana extralargo de cuatro d\u00edas, ideal para escapadas o relajaci\u00f3n en casa.<\/p>\n<h2 class=\"wp-block-heading\"><strong>\u00bfCu\u00e1ndo es el pr\u00f3ximo feriado XL de noviembre?<\/strong><\/h2>\n<p>El\u00a0fin de semana extralargo\u00a0de noviembre se extender\u00e1 por cuatro d\u00edas, entre\u00a0el viernes 21 y el lunes 24 de noviembre. Ser\u00e1 el \u00faltimo fin de semana de estas caracter\u00edsticas en el calendario anual, puesto que est\u00e1 compuesto por un feriado nacional y un d\u00eda no laborable.<\/p>\n<h2 class=\"wp-block-heading\"><strong>\u00bfPor qu\u00e9 se conforma este fin de semana XL?<\/strong><\/h2>\n<p>Este fin de semana extralargo se debe a la conmemoraci\u00f3n del\u00a0D\u00eda de la Soberan\u00eda Nacional, que normalmente se celebra el 20 de noviembre. Al ser un\u00a0feriado de car\u00e1cter \u201ctrasladable\u201d\u00a0y cae un jueves este a\u00f1o, la normativa indica que debe moverse al lunes siguiente para formar un puente. As\u00ed, el\u00a0lunes 24\u00a0es un asueto nacional obligatorio.<\/p>\n<p>Adicionalmente, el\u00a0viernes 21 de noviembre\u00a0fue designado como\u00a0d\u00eda no laborable con fines tur\u00edsticos, lo que completa los cuatro d\u00edas de descanso. El Gobierno tiene la potestad de establecer hasta tres de estos d\u00edas no laborables por a\u00f1o, siendo el de noviembre el \u00faltimo de 2025, tras haber utilizado oportunidades similares en mayo y agosto.<\/p>\n<h2 class=\"wp-block-heading\"><strong>\u00bfQu\u00e9 se conmemora el D\u00eda de la Soberan\u00eda Nacional?<\/strong><\/h2>\n<p>El\u00a020 de noviembre\u00a0se rememora la heroica\u00a0Batalla de la Vuelta de Obligado, ocurrida en 1845. En aquella jornada, las fuerzas de la Confederaci\u00f3n Argentina, bajo el gobierno de\u00a0Juan Manuel de Rosas\u00a0y comandadas por el general\u00a0Lucio Mansilla, enfrentaron una invasi\u00f3n de una poderosa escuadra anglo-francesa. A pesar de la inferioridad num\u00e9rica y las condiciones adversas, la resistencia en las costas del r\u00edo Paran\u00e1, con apoyo estrat\u00e9gico de Jos\u00e9 de San Mart\u00edn, se prolong\u00f3 por siete horas. La elecci\u00f3n y fortificaci\u00f3n del estrecho geogr\u00e1fico de la Vuelta de Obligado fue crucial para evitar que las potencias extranjeras controlaran la v\u00eda fluvial, consolidando un\u00a0hito en la defensa de la autonom\u00eda nacional.<\/p>\n<h2 class=\"wp-block-heading\"><strong>\u00bfCu\u00e1l es la diferencia legal entre un feriado nacional y un d\u00eda no laborable?<\/strong><\/h2>\n<p>Es fundamental entender la distinci\u00f3n establecida por la\u00a0Ley de Contrato de Trabajo (ley 20.744). El art\u00edculo 181 indica que en los\u00a0feriados nacionales\u00a0rigen las mismas normas que para el\u00a0descanso dominical. Esto significa que si un empleado trabaja, debe percibir una remuneraci\u00f3n doble a la de una jornada habitual.<\/p>\n<p>En contraste, el art\u00edculo 182 explica que los\u00a0d\u00edas no laborables\u00a0son de\u00a0car\u00e1cter optativo\u00a0para el empleador. Si la empresa decide trabajar, el empleado cobrar\u00e1 su salario simple, sin ning\u00fan recargo adicional. La decisi\u00f3n de otorgar el d\u00eda libre recae completamente en cada compa\u00f1\u00eda o instituci\u00f3n.<\/p>\n<h2 class=\"wp-block-heading\"><strong>\u00bfCu\u00e1les son los feriados que quedan en 2025?<\/strong><\/h2>\n<p>Para lo que resta del a\u00f1o 2025, el\u00a0calendario oficial de feriados\u00a0incluye las siguientes fechas:<\/p>\n<h2 class=\"wp-block-heading\"><strong>Noviembre<\/strong><\/h2>\n<p>Viernes 21 de noviembre: d\u00eda no laborable puente.<br \/>\nLunes 24 de noviembre: D\u00eda de la Soberan\u00eda Nacional (trasladado del jueves 20 de noviembre).<\/p>\n<h2 class=\"wp-block-heading\"><strong>Diciembre<\/strong><\/h2>\n<p>Lunes 8 de diciembre: D\u00eda de la Inmaculada Concepci\u00f3n de Mar\u00eda (feriado inamovible).<br \/>\nJueves 25 de diciembre: Navidad (feriado inamovible).<\/p>\n","protected":false},"excerpt":{"rendered":"<p>&nbsp; El pen\u00faltimo mes de 2025 trae un fin de semana extralargo de cuatro d\u00edas, configurado por un feriado nacional trasladable y un d\u00eda no laborable tur\u00edstico. Ideal para un merecido descanso. Noviembre\u00a0se presenta como una excelente oportunidad para disfrutar de un merecido descanso prolongado en Argentina. Gracias a la combinaci\u00f3n estrat\u00e9gica de un\u00a0feriado nacional [&hellip;]<\/p>\n","protected":false},"author":2,"featured_media":3423,"comment_status":"open","ping_status":"open","sticky":false,"template":"","format":"standard","meta":{"footnotes":""},"categories":[78],"tags":[],"class_list":{"0":"post-3421","1":"post","2":"type-post","3":"status-publish","4":"format-standard","5":"has-post-thumbnail","7":"category-generales"},"_links":{"self":[{"href":"https:\/\/elpueblonoticia.com.ar\/web\/wp-json\/wp\/v2\/posts\/3421","targetHints":{"allow":["GET"]}}],"collection":[{"href":"https:\/\/elpueblonoticia.com.ar\/web\/wp-json\/wp\/v2\/posts"}],"about":[{"href":"https:\/\/elpueblonoticia.com.ar\/web\/wp-json\/wp\/v2\/types\/post"}],"author":[{"embeddable":true,"href":"https:\/\/elpueblonoticia.com.ar\/web\/wp-json\/wp\/v2\/users\/2"}],"replies":[{"embeddable":true,"href":"https:\/\/elpueblonoticia.com.ar\/web\/wp-json\/wp\/v2\/comments?post=3421"}],"version-history":[{"count":0,"href":"https:\/\/elpueblonoticia.com.ar\/web\/wp-json\/wp\/v2\/posts\/3421\/revisions"}],"wp:featuredmedia":[{"embeddable":true,"href":"https:\/\/elpueblonoticia.com.ar\/web\/wp-json\/wp\/v2\/media\/3423"}],"wp:attachment":[{"href":"https:\/\/elpueblonoticia.com.ar\/web\/wp-json\/wp\/v2\/media?parent=3421"}],"wp:term":[{"taxonomy":"category","embeddable":true,"href":"https:\/\/elpueblonoticia.com.ar\/web\/wp-json\/wp\/v2\/categories?post=3421"},{"taxonomy":"post_tag","embeddable":true,"href":"https:\/\/elpueblonoticia.com.ar\/web\/wp-json\/wp\/v2\/tags?post=3421"}],"curies":[{"name":"wp","href":"https:\/\/api.w.org\/{rel}","templated":true}]}}