{"id":3416,"date":"2025-11-10T10:59:49","date_gmt":"2025-11-10T13:59:49","guid":{"rendered":"https:\/\/elpueblonoticia.com.ar\/web\/?p=3416"},"modified":"2025-11-10T10:59:49","modified_gmt":"2025-11-10T13:59:49","slug":"goya-celebro-su-1a-radicacion-historica-con-emocion-orgullo-y-memoria-colectiva-en-la-plaza-mitre","status":"publish","type":"post","link":"https:\/\/elpueblonoticia.com.ar\/web\/2025\/11\/10\/goya-celebro-su-1a-radicacion-historica-con-emocion-orgullo-y-memoria-colectiva-en-la-plaza-mitre\/","title":{"rendered":"GOYA CELEBR\u00d3 SU 1\u00aa RADICACI\u00d3N HIST\u00d3RICA CON EMOCI\u00d3N, ORGULLO Y MEMORIA COLECTIVA EN LA PLAZA MITRE"},"content":{"rendered":"<p data-olk-copy-source=\"MessageBody\"><img loading=\"lazy\" decoding=\"async\" class=\"alignnone  wp-image-3418\" src=\"https:\/\/elpueblonoticia.com.ar\/web\/wp-content\/uploads\/2025\/11\/alumna-escuela348-3-300x200.jpeg\" alt=\"\" width=\"449\" height=\"299\" srcset=\"https:\/\/elpueblonoticia.com.ar\/web\/wp-content\/uploads\/2025\/11\/alumna-escuela348-3-300x200.jpeg 300w, https:\/\/elpueblonoticia.com.ar\/web\/wp-content\/uploads\/2025\/11\/alumna-escuela348-3-1024x682.jpeg 1024w, https:\/\/elpueblonoticia.com.ar\/web\/wp-content\/uploads\/2025\/11\/alumna-escuela348-3-768x512.jpeg 768w, https:\/\/elpueblonoticia.com.ar\/web\/wp-content\/uploads\/2025\/11\/alumna-escuela348-3-1536x1023.jpeg 1536w, https:\/\/elpueblonoticia.com.ar\/web\/wp-content\/uploads\/2025\/11\/alumna-escuela348-3-630x420.jpeg 630w, https:\/\/elpueblonoticia.com.ar\/web\/wp-content\/uploads\/2025\/11\/alumna-escuela348-3-696x464.jpeg 696w, https:\/\/elpueblonoticia.com.ar\/web\/wp-content\/uploads\/2025\/11\/alumna-escuela348-3-1068x712.jpeg 1068w, https:\/\/elpueblonoticia.com.ar\/web\/wp-content\/uploads\/2025\/11\/alumna-escuela348-3.jpeg 1600w\" sizes=\"auto, (max-width: 449px) 100vw, 449px\" \/><img loading=\"lazy\" decoding=\"async\" class=\"alignnone size-medium wp-image-3419\" src=\"https:\/\/elpueblonoticia.com.ar\/web\/wp-content\/uploads\/2025\/11\/alumna-escuela348-1-200x300.jpeg\" alt=\"\" width=\"200\" height=\"300\" srcset=\"https:\/\/elpueblonoticia.com.ar\/web\/wp-content\/uploads\/2025\/11\/alumna-escuela348-1-200x300.jpeg 200w, https:\/\/elpueblonoticia.com.ar\/web\/wp-content\/uploads\/2025\/11\/alumna-escuela348-1-682x1024.jpeg 682w, https:\/\/elpueblonoticia.com.ar\/web\/wp-content\/uploads\/2025\/11\/alumna-escuela348-1-768x1153.jpeg 768w, https:\/\/elpueblonoticia.com.ar\/web\/wp-content\/uploads\/2025\/11\/alumna-escuela348-1-1023x1536.jpeg 1023w, https:\/\/elpueblonoticia.com.ar\/web\/wp-content\/uploads\/2025\/11\/alumna-escuela348-1-280x420.jpeg 280w, https:\/\/elpueblonoticia.com.ar\/web\/wp-content\/uploads\/2025\/11\/alumna-escuela348-1-696x1045.jpeg 696w, https:\/\/elpueblonoticia.com.ar\/web\/wp-content\/uploads\/2025\/11\/alumna-escuela348-1.jpeg 1066w\" sizes=\"auto, (max-width: 200px) 100vw, 200px\" \/><\/p>\n<p class=\"x_MsoNormal\" data-olk-copy-source=\"MessageBody\">La noche del domingo 9 de noviembre tuvo en el coraz\u00f3n de la hist\u00f3rica Plaza Mitre un aire distinto, impregnado de historia, emoci\u00f3n y sentido de pertenencia. Bajo un cielo que acompa\u00f1\u00f3 la celebraci\u00f3n, Goya conmemor\u00f3 los 234 a\u00f1os de su Primera Radicaci\u00f3n Hist\u00f3rica, un acontecimiento que une pasado y presente, tradici\u00f3n y futuro.<\/p>\n<p class=\"x_MsoNormal\">El acto institucional se inici\u00f3 con la proyecci\u00f3n de un video alusivo que marc\u00f3 el tono de la jornada: la voz del intendente municipal, doctor Mariano Hormaechea, reson\u00f3 sobre las im\u00e1genes de la ciudad, evocando la fuerza de su historia y la calidez de su gente.<\/p>\n<p class=\"x_MsoNormal\">\u201cGoya naci\u00f3 un 9 de noviembre de 1791, desde entonces cada generaci\u00f3n dej\u00f3 su huella en esta tierra bendecida por el r\u00edo y el trabajo de su gente, somos historia, tradici\u00f3n y somos comunidad\u201d, expres\u00f3 el jefe comunal, dando inicio a un mensaje profundamente emotivo y lleno de identidad.<\/p>\n<p class=\"x_MsoNormal\">En sus palabras, Hormaechea pint\u00f3 con trazos de orgullo la esencia goyana: \u201cGoya es r\u00edo inmenso, es chamam\u00e9 que nos une, es la calidez de nuestros vecinos, es la Fiesta del Surub\u00ed que nos proyecta al mundo y la bailanta quienes somos.\u201d<\/p>\n<p class=\"x_MsoNormal\">La emoci\u00f3n se hizo sentir entre los presentes cuando el intendente destac\u00f3 la vitalidad actual de la ciudad: \u201cSomos una ciudad que crece abierta al turismo, orgullosa de su cultura y de sus ra\u00edces, un lugar que invita a disfrutar, a descubrir y a volver siempre.\u201d<\/p>\n<p class=\"x_MsoNormal\">El mensaje continu\u00f3 con una mirada hacia el progreso, resaltando el trabajo y el compromiso colectivo: \u201cHoy vivimos un presente de desarrollo, una ciudad que avanza con obras, con educaci\u00f3n, con inclusi\u00f3n y con oportunidades para todos.\u201d<\/p>\n<p class=\"x_MsoNormal\">Y como cierre, una reflexi\u00f3n que enlaz\u00f3 el pasado con el porvenir: \u201cGoya tambi\u00e9n es futuro, est\u00e1 en la fuerza de nuestros j\u00f3venes, en el talento de nuestros emprendedores, en la innovaci\u00f3n que nos abre al mundo. Desde 1791 hasta hoy, Goya siempre sigui\u00f3 adelante y juntos con nuestra historia como orgullo y nuestro futuro como compromiso, vamos a seguir creciendo.\u201d<\/p>\n<p class=\"x_MsoNormal\">ANTONIA MAR\u00cdA MACHUCA \u00a0-ALUMNA ESCUELA N\u00b0 348-<\/p>\n<p class=\"x_MsoNormal\">El aplauso fue cerrado, y en ese instante la emoci\u00f3n encontr\u00f3 eco en una nueva voz: la de Antonia Mar\u00eda Machuca, alumna de la Escuela N\u00b0 348 \u201cDo\u00f1a Goya\u201d del Puerto Boca, quien fue la primera oradora en esta jornada tan significativa. Su presencia y sus palabras conmovieron al p\u00fablico, demostrando que la historia tambi\u00e9n se vive a trav\u00e9s de los m\u00e1s j\u00f3venes.<\/p>\n<p class=\"x_MsoNormal\">\u00a0\u201cMuy buenas noches, se\u00f1or Intendente, autoridades y p\u00fablico en general. Hoy estoy muy contenta de estar ac\u00e1, representando a mi escuela \u2018Do\u00f1a Goya\u2019, una escuela que lleva el nombre de la mujer que dio identidad a nuestra ciudad\u201d, comenz\u00f3 con seguridad y ternura.<\/p>\n<p class=\"x_MsoNormal\">La joven repas\u00f3 con claridad el sentido hist\u00f3rico de la fecha: \u201cEstamos reunidos para recordar un d\u00eda muy importante: el 9 de noviembre de 1791, fecha en que por primera vez, en un documento p\u00fablico, apareci\u00f3 el nombre de nuestra ciudad. Pasaron muchos a\u00f1os desde entonces, y este lugar, que al principio era s\u00f3lo un peque\u00f1o paraje, se transform\u00f3 en la ciudad hermosa donde vivimos: con plazas, escuelas, barrios, trabajo y sue\u00f1os.\u201d<\/p>\n<p class=\"x_MsoNormal\">Consciente de la importancia de la memoria, Antonia destac\u00f3 el valor del conocimiento hist\u00f3rico: \u201cHoy sabemos esta fecha gracias a personas que investigaron documentos, estudiaron nuestra historia y lograron que la provincia reconociera oficialmente la Primera Radicaci\u00f3n Hist\u00f3rica de Goya.\u201d<\/p>\n<p class=\"x_MsoNormal\">Su mensaje, cargado de orgullo y esperanza, reflej\u00f3 el esp\u00edritu de toda una generaci\u00f3n: \u201cComo alumna, y como ni\u00f1a goyana, siento orgullo de vivir en esta ciudad. Porque Goya es la tierra donde crecemos, aprendemos, hacemos amigos y construimos nuestro futuro.\u201d<\/p>\n<p class=\"x_MsoNormal\">Y cerr\u00f3 su intervenci\u00f3n con un compromiso colectivo que despert\u00f3 emoci\u00f3n y aplausos: \u201cPor eso, hoy prometemos cuidar nuestra historia, respetar a quienes la hicieron y seguir trabajando para que Goya siga siendo un lugar lleno de vida, de cultura, de trabajo y de esperanza. Desde esta Plaza Mitre, coraz\u00f3n de la ciudad, y en nombre de todos los ni\u00f1os y ni\u00f1as, digo con mucha alegr\u00eda: \u00a1Feliz Primera Radicaci\u00f3n Hist\u00f3rica, Goya querida!\u201d<\/p>\n<p class=\"x_MsoNormal\">El eco de sus palabras qued\u00f3 flotando en la plaza, entre las banderas, los rostros emocionados y la m\u00fasica que acompa\u00f1\u00f3 una tarde de uni\u00f3n, identidad y orgullo goyano.<\/p>\n<p class=\"x_MsoNormal\">Goya celebr\u00f3 su historia mirando hacia adelante, con la fuerza de su gente y la promesa de sus ni\u00f1os: una ciudad que naci\u00f3 junto al r\u00edo y sigue creciendo de la mano de su comunidad.<\/p>\n<p class=\"x_MsoNormal\" aria-hidden=\"true\">\n","protected":false},"excerpt":{"rendered":"<p>La noche del domingo 9 de noviembre tuvo en el coraz\u00f3n de la hist\u00f3rica Plaza Mitre un aire distinto, impregnado de historia, emoci\u00f3n y sentido de pertenencia. Bajo un cielo que acompa\u00f1\u00f3 la celebraci\u00f3n, Goya conmemor\u00f3 los 234 a\u00f1os de su Primera Radicaci\u00f3n Hist\u00f3rica, un acontecimiento que une pasado y presente, tradici\u00f3n y futuro. El [&hellip;]<\/p>\n","protected":false},"author":2,"featured_media":3417,"comment_status":"open","ping_status":"open","sticky":false,"template":"","format":"standard","meta":{"footnotes":""},"categories":[56],"tags":[],"class_list":{"0":"post-3416","1":"post","2":"type-post","3":"status-publish","4":"format-standard","5":"has-post-thumbnail","7":"category-locales"},"_links":{"self":[{"href":"https:\/\/elpueblonoticia.com.ar\/web\/wp-json\/wp\/v2\/posts\/3416","targetHints":{"allow":["GET"]}}],"collection":[{"href":"https:\/\/elpueblonoticia.com.ar\/web\/wp-json\/wp\/v2\/posts"}],"about":[{"href":"https:\/\/elpueblonoticia.com.ar\/web\/wp-json\/wp\/v2\/types\/post"}],"author":[{"embeddable":true,"href":"https:\/\/elpueblonoticia.com.ar\/web\/wp-json\/wp\/v2\/users\/2"}],"replies":[{"embeddable":true,"href":"https:\/\/elpueblonoticia.com.ar\/web\/wp-json\/wp\/v2\/comments?post=3416"}],"version-history":[{"count":0,"href":"https:\/\/elpueblonoticia.com.ar\/web\/wp-json\/wp\/v2\/posts\/3416\/revisions"}],"wp:featuredmedia":[{"embeddable":true,"href":"https:\/\/elpueblonoticia.com.ar\/web\/wp-json\/wp\/v2\/media\/3417"}],"wp:attachment":[{"href":"https:\/\/elpueblonoticia.com.ar\/web\/wp-json\/wp\/v2\/media?parent=3416"}],"wp:term":[{"taxonomy":"category","embeddable":true,"href":"https:\/\/elpueblonoticia.com.ar\/web\/wp-json\/wp\/v2\/categories?post=3416"},{"taxonomy":"post_tag","embeddable":true,"href":"https:\/\/elpueblonoticia.com.ar\/web\/wp-json\/wp\/v2\/tags?post=3416"}],"curies":[{"name":"wp","href":"https:\/\/api.w.org\/{rel}","templated":true}]}}