{"id":3413,"date":"2025-11-10T10:40:11","date_gmt":"2025-11-10T13:40:11","guid":{"rendered":"https:\/\/elpueblonoticia.com.ar\/web\/?p=3413"},"modified":"2025-11-10T10:40:11","modified_gmt":"2025-11-10T13:40:11","slug":"caso-cecilia-strzyzowski-la-detenida-marcela-acuna-agredio-a-cinco-agentes-penitenciarias","status":"publish","type":"post","link":"https:\/\/elpueblonoticia.com.ar\/web\/2025\/11\/10\/caso-cecilia-strzyzowski-la-detenida-marcela-acuna-agredio-a-cinco-agentes-penitenciarias\/","title":{"rendered":"Caso Cecilia Strzyzowski: la detenida Marcela Acu\u00f1a agredi\u00f3 a cinco agentes penitenciarias"},"content":{"rendered":"<p>NA &#8211; La mujer que est\u00e1 siendo juzgada en el Chaco \u201cpart\u00edcipe necesaria\u201d del femicidio de Strzyzowski, qued\u00f3 aislada en una celda individual.<\/p>\n<p>Marcela Acu\u00f1a, que est\u00e1 siendo juzgada en Chaco como \u201cpart\u00edcipe necesaria\u201d en el juicio por el femicidio de Cecilia Strzyzowski, agredi\u00f3 a cinco agentes penitenciarias y fue aislada en una celda individual de la Unidad Penitenciaria de Mujeres del barrio Don Santiago, en Resistencia, donde se encuentra detenida.<\/p>\n<p>La medida agrav\u00f3 la situaci\u00f3n de Acu\u00f1a, sobre la que pesa el rechazo por parte de la mayor\u00eda de las internas de esa misma penitenciar\u00eda, quienes acusan a la mujer de \u201ccomportamiento conflictivo\u201d, junto con sus compa\u00f1eras de celda Fabiana Gonz\u00e1lez y Griselda Reynoso, acusadas por encubrimiento agravado del femicidio.<\/p>\n<p>El incidente, que se conoci\u00f3 en las \u00faltimas horas, se registr\u00f3 el 5 de noviembre en el Pabell\u00f3n 3, Celda 1.<\/p>\n<p>Las v\u00edctimas de la agresi\u00f3n de Acu\u00f1a fueron la cabo primero Luciana Romero (eritema lineal leve en el codo derecho), la cabo primero Viviana Beatriz Pawizki (golpe en la rodilla izquierda), la cabo primero Camila Mart\u00ednez (escoriaci\u00f3n en el antebrazo izquierdo), la agente Gavil\u00e1n Soto (hematoma en la pierna izquierda) y la agente Luc\u00eda Ben\u00edtez (eritema lineal en el antebrazo derecho).<\/p>\n<p>La mujer de 53 a\u00f1os, que en 2023 se postul\u00f3 como candidata a la intendencia de Resistencia, lleva 2 a\u00f1os, 4 meses y 21 d\u00edas alojada en la Alcaid\u00eda de Mujeres del barrio Don Santiago.<\/p>\n<p>Marcela Acu\u00f1a permanece detenida al igual que su esposo Emerenciano Sena, su hijo C\u00e9sar Sena -presunto autor material- y otros cuatro acusados vinculados al femicidio de Cecilia Strzyzowski, ocurrido el 2 de junio de 2023 en Chaco.<\/p>\n<p>Todos los imputados est\u00e1n siendo procesados bajo la modalidad de Juicio por Jurados en Resistencia, capital de Chaco.<\/p>\n","protected":false},"excerpt":{"rendered":"<p>NA &#8211; La mujer que est\u00e1 siendo juzgada en el Chaco \u201cpart\u00edcipe necesaria\u201d del femicidio de Strzyzowski, qued\u00f3 aislada en una celda individual. Marcela Acu\u00f1a, que est\u00e1 siendo juzgada en Chaco como \u201cpart\u00edcipe necesaria\u201d en el juicio por el femicidio de Cecilia Strzyzowski, agredi\u00f3 a cinco agentes penitenciarias y fue aislada en una celda individual [&hellip;]<\/p>\n","protected":false},"author":2,"featured_media":3414,"comment_status":"open","ping_status":"open","sticky":false,"template":"","format":"standard","meta":{"footnotes":""},"categories":[68],"tags":[],"class_list":{"0":"post-3413","1":"post","2":"type-post","3":"status-publish","4":"format-standard","5":"has-post-thumbnail","7":"category-policiales-nacionales"},"_links":{"self":[{"href":"https:\/\/elpueblonoticia.com.ar\/web\/wp-json\/wp\/v2\/posts\/3413","targetHints":{"allow":["GET"]}}],"collection":[{"href":"https:\/\/elpueblonoticia.com.ar\/web\/wp-json\/wp\/v2\/posts"}],"about":[{"href":"https:\/\/elpueblonoticia.com.ar\/web\/wp-json\/wp\/v2\/types\/post"}],"author":[{"embeddable":true,"href":"https:\/\/elpueblonoticia.com.ar\/web\/wp-json\/wp\/v2\/users\/2"}],"replies":[{"embeddable":true,"href":"https:\/\/elpueblonoticia.com.ar\/web\/wp-json\/wp\/v2\/comments?post=3413"}],"version-history":[{"count":0,"href":"https:\/\/elpueblonoticia.com.ar\/web\/wp-json\/wp\/v2\/posts\/3413\/revisions"}],"wp:featuredmedia":[{"embeddable":true,"href":"https:\/\/elpueblonoticia.com.ar\/web\/wp-json\/wp\/v2\/media\/3414"}],"wp:attachment":[{"href":"https:\/\/elpueblonoticia.com.ar\/web\/wp-json\/wp\/v2\/media?parent=3413"}],"wp:term":[{"taxonomy":"category","embeddable":true,"href":"https:\/\/elpueblonoticia.com.ar\/web\/wp-json\/wp\/v2\/categories?post=3413"},{"taxonomy":"post_tag","embeddable":true,"href":"https:\/\/elpueblonoticia.com.ar\/web\/wp-json\/wp\/v2\/tags?post=3413"}],"curies":[{"name":"wp","href":"https:\/\/api.w.org\/{rel}","templated":true}]}}