{"id":3408,"date":"2025-11-10T09:50:26","date_gmt":"2025-11-10T12:50:26","guid":{"rendered":"https:\/\/elpueblonoticia.com.ar\/web\/?p=3408"},"modified":"2025-11-10T09:50:26","modified_gmt":"2025-11-10T12:50:26","slug":"las-ventas-minoristas-pyme-descendieron-14-interanual-en-octubre","status":"publish","type":"post","link":"https:\/\/elpueblonoticia.com.ar\/web\/2025\/11\/10\/las-ventas-minoristas-pyme-descendieron-14-interanual-en-octubre\/","title":{"rendered":"Las ventas minoristas pyme descendieron 1,4% interanual en octubre"},"content":{"rendered":"<p>En octubre, las ventas minoristas pymes registraron una variaci\u00f3n interanual de -1,4% a precios constantes. En la comparaci\u00f3n mensual desestacionalizada, se observ\u00f3 un incremento de 2,8%. En lo que va del a\u00f1o, las ventas acumulan un aumento interanual de 4,2%.<\/p>\n<p>Respecto de la situaci\u00f3n econ\u00f3mica de los comercios, el 56% de los encuestados indic\u00f3 que se mantuvo igual al a\u00f1o pasado y el 33% que fue peor, cinco puntos porcentuales menos que en septiembre.<\/p>\n<figure class=\"wp-block-image\"><img decoding=\"async\" class=\"\" src=\"https:\/\/mailprensa.came.org.ar\/data\/1899c60d3e88c767f20949a98d5003460b14bf85\/media_files\/1421\/original\/image-20251108181847-1.png\" alt=\"\" \/><\/figure>\n<p>En cuanto a las expectativas, el 47,9% prev\u00e9 una mejora para el pr\u00f3ximo a\u00f1o, el 43% estima que se mantendr\u00e1 sin cambios y el 9% anticipa un deterioro. Sobre la posibilidad de invertir, el 57,3% considera que no es un buen momento, el 14,8% que s\u00ed lo es y el 27,9% no tiene una opini\u00f3n definida o no respondi\u00f3.<\/p>\n<figure class=\"wp-block-image\"><img decoding=\"async\" class=\"\" src=\"https:\/\/mailprensa.came.org.ar\/data\/1899c60d3e88c767f20949a98d5003460b14bf85\/media_files\/1423\/original\/image-20251108181848-2.png\" alt=\"\" \/><\/figure>\n<p>En el an\u00e1lisis por rubros, seis de los siete sectores mostraron ca\u00eddas interanuales. El rubro \u00abPerfumer\u00eda\u00bb present\u00f3 la mayor baja (-6,3%), seguido por \u00abBazar, decoraci\u00f3n, textiles para el hogar y muebles\u00bb (-3,7%). En la comparaci\u00f3n intermensual, todos los rubros registraron incrementos. \u00abPerfumer\u00eda\u00bb lider\u00f3 el crecimiento con una suba de 9,7% respecto del mes anterior, seguida por \u00abFerreter\u00eda, materiales el\u00e9ctricos y de la construcci\u00f3n\u00bb (+4,1%).<\/p>\n<figure class=\"wp-block-image\"><img decoding=\"async\" class=\"\" src=\"https:\/\/mailprensa.came.org.ar\/data\/1899c60d3e88c767f20949a98d5003460b14bf85\/media_files\/1422\/original\/image-20251108181848-3.png\" alt=\"\" \/><\/figure>\n<p>En octubre, las ventas minoristas pymes mostraron una leve mejora mensual, aunque continuaron por debajo del nivel del a\u00f1o anterior. La mayor\u00eda de los rubros registr\u00f3 ca\u00eddas interanuales, con \u00abPerfumer\u00eda\u00bb y \u00abBazar y decoraci\u00f3n\u00bb entre los m\u00e1s afectados. Las promociones y el D\u00eda de la Madre impulsaron transitoriamente la demanda, sin revertir la tendencia general de consumo prudente. Los comercios encuestados destacaron mayores costos operativos, baja rentabilidad y escaso acceso al financiamiento. Predomina la cautela en las expectativas y la baja disposici\u00f3n a invertir.<\/p>\n","protected":false},"excerpt":{"rendered":"<p>En octubre, las ventas minoristas pymes registraron una variaci\u00f3n interanual de -1,4% a precios constantes. En la comparaci\u00f3n mensual desestacionalizada, se observ\u00f3 un incremento de 2,8%. En lo que va del a\u00f1o, las ventas acumulan un aumento interanual de 4,2%. Respecto de la situaci\u00f3n econ\u00f3mica de los comercios, el 56% de los encuestados indic\u00f3 que [&hellip;]<\/p>\n","protected":false},"author":2,"featured_media":3409,"comment_status":"open","ping_status":"open","sticky":false,"template":"","format":"standard","meta":{"footnotes":""},"categories":[64],"tags":[],"class_list":{"0":"post-3408","1":"post","2":"type-post","3":"status-publish","4":"format-standard","5":"has-post-thumbnail","7":"category-nacionales"},"_links":{"self":[{"href":"https:\/\/elpueblonoticia.com.ar\/web\/wp-json\/wp\/v2\/posts\/3408","targetHints":{"allow":["GET"]}}],"collection":[{"href":"https:\/\/elpueblonoticia.com.ar\/web\/wp-json\/wp\/v2\/posts"}],"about":[{"href":"https:\/\/elpueblonoticia.com.ar\/web\/wp-json\/wp\/v2\/types\/post"}],"author":[{"embeddable":true,"href":"https:\/\/elpueblonoticia.com.ar\/web\/wp-json\/wp\/v2\/users\/2"}],"replies":[{"embeddable":true,"href":"https:\/\/elpueblonoticia.com.ar\/web\/wp-json\/wp\/v2\/comments?post=3408"}],"version-history":[{"count":0,"href":"https:\/\/elpueblonoticia.com.ar\/web\/wp-json\/wp\/v2\/posts\/3408\/revisions"}],"wp:featuredmedia":[{"embeddable":true,"href":"https:\/\/elpueblonoticia.com.ar\/web\/wp-json\/wp\/v2\/media\/3409"}],"wp:attachment":[{"href":"https:\/\/elpueblonoticia.com.ar\/web\/wp-json\/wp\/v2\/media?parent=3408"}],"wp:term":[{"taxonomy":"category","embeddable":true,"href":"https:\/\/elpueblonoticia.com.ar\/web\/wp-json\/wp\/v2\/categories?post=3408"},{"taxonomy":"post_tag","embeddable":true,"href":"https:\/\/elpueblonoticia.com.ar\/web\/wp-json\/wp\/v2\/tags?post=3408"}],"curies":[{"name":"wp","href":"https:\/\/api.w.org\/{rel}","templated":true}]}}