{"id":3405,"date":"2025-11-10T09:37:15","date_gmt":"2025-11-10T12:37:15","guid":{"rendered":"https:\/\/elpueblonoticia.com.ar\/web\/?p=3405"},"modified":"2025-11-10T09:37:15","modified_gmt":"2025-11-10T12:37:15","slug":"visita-institucional-valdes-recorrera-guaviravi-la-cruz-y-alvear-con-una-intensa-agenda-de-inauguraciones","status":"publish","type":"post","link":"https:\/\/elpueblonoticia.com.ar\/web\/2025\/11\/10\/visita-institucional-valdes-recorrera-guaviravi-la-cruz-y-alvear-con-una-intensa-agenda-de-inauguraciones\/","title":{"rendered":"VISITA INSTITUCIONAL: Vald\u00e9s recorrer\u00e1 Guavirav\u00ed, La Cruz y Alvear con una intensa agenda de inauguraciones"},"content":{"rendered":"<p>El gobernador Gustavo Vald\u00e9s realizar\u00e1 este lunes una visita oficial a las localidades de Guavirav\u00ed, La Cruz y Alvear, donde encabezar\u00e1 una serie de inauguraciones y entregas de viviendas en el marco de su agenda de trabajo en el interior provincial.<\/p>\n<div class=\"contenido\">\n<div id=\"modalFulltext\">El mandatario iniciar\u00e1 su recorrida a las 10 en Guavirav\u00ed, donde presidir\u00e1 el acto de inauguraci\u00f3n del Polideportivo Municipal en el barrio Matadero.<\/p>\n<p>Posteriormente, Vald\u00e9s se trasladar\u00e1 a La Cruz, donde a las 12 entregar\u00e1 40 viviendas en la zona del barrio 50 Viviendas.<\/p>\n<p>Por la tarde, el titular del Ejecutivo continuar\u00e1 su recorrido en Alvear, donde a las 15:30 se concretar\u00e1 la entrega de 44 viviendas en la avenida Ej\u00e9rcito Argentino. M\u00e1s tarde, a las 16:30, se inaugurar\u00e1 la Comisar\u00eda N\u00b0 2, tambi\u00e9n ubicada sobre la misma arteria.<\/p>\n<p>La jornada proseguir\u00e1 a las 17:30 con la inauguraci\u00f3n de 10 cuadras de pavimento en el barrio 10 de Febrero. Finalmente, a las 18:30, el gobernador encabezar\u00e1 el acto de inauguraci\u00f3n del edificio del Concejo Deliberante Municipal, en Jos\u00e9 Severmon 900, cerrando as\u00ed una extensa agenda de trabajo.<\/p><\/div>\n<div>\n<div id=\"117986-4\"><\/div>\n<div id=\"117986-6\"><\/div>\n<div id=\"117986-3\"><\/div>\n<\/div>\n<\/div>\n<div class=\"modalRedes\"><\/div>\n","protected":false},"excerpt":{"rendered":"<p>El gobernador Gustavo Vald\u00e9s realizar\u00e1 este lunes una visita oficial a las localidades de Guavirav\u00ed, La Cruz y Alvear, donde encabezar\u00e1 una serie de inauguraciones y entregas de viviendas en el marco de su agenda de trabajo en el interior provincial. El mandatario iniciar\u00e1 su recorrida a las 10 en Guavirav\u00ed, donde presidir\u00e1 el acto [&hellip;]<\/p>\n","protected":false},"author":2,"featured_media":3406,"comment_status":"open","ping_status":"open","sticky":false,"template":"","format":"standard","meta":{"footnotes":""},"categories":[78],"tags":[],"class_list":{"0":"post-3405","1":"post","2":"type-post","3":"status-publish","4":"format-standard","5":"has-post-thumbnail","7":"category-generales"},"_links":{"self":[{"href":"https:\/\/elpueblonoticia.com.ar\/web\/wp-json\/wp\/v2\/posts\/3405","targetHints":{"allow":["GET"]}}],"collection":[{"href":"https:\/\/elpueblonoticia.com.ar\/web\/wp-json\/wp\/v2\/posts"}],"about":[{"href":"https:\/\/elpueblonoticia.com.ar\/web\/wp-json\/wp\/v2\/types\/post"}],"author":[{"embeddable":true,"href":"https:\/\/elpueblonoticia.com.ar\/web\/wp-json\/wp\/v2\/users\/2"}],"replies":[{"embeddable":true,"href":"https:\/\/elpueblonoticia.com.ar\/web\/wp-json\/wp\/v2\/comments?post=3405"}],"version-history":[{"count":0,"href":"https:\/\/elpueblonoticia.com.ar\/web\/wp-json\/wp\/v2\/posts\/3405\/revisions"}],"wp:featuredmedia":[{"embeddable":true,"href":"https:\/\/elpueblonoticia.com.ar\/web\/wp-json\/wp\/v2\/media\/3406"}],"wp:attachment":[{"href":"https:\/\/elpueblonoticia.com.ar\/web\/wp-json\/wp\/v2\/media?parent=3405"}],"wp:term":[{"taxonomy":"category","embeddable":true,"href":"https:\/\/elpueblonoticia.com.ar\/web\/wp-json\/wp\/v2\/categories?post=3405"},{"taxonomy":"post_tag","embeddable":true,"href":"https:\/\/elpueblonoticia.com.ar\/web\/wp-json\/wp\/v2\/tags?post=3405"}],"curies":[{"name":"wp","href":"https:\/\/api.w.org\/{rel}","templated":true}]}}