{"id":3396,"date":"2025-11-10T08:43:53","date_gmt":"2025-11-10T11:43:53","guid":{"rendered":"https:\/\/elpueblonoticia.com.ar\/web\/?p=3396"},"modified":"2025-11-10T08:43:53","modified_gmt":"2025-11-10T11:43:53","slug":"clara-valletto-es-la-nueva-reina-nacional-de-la-horticultura","status":"publish","type":"post","link":"https:\/\/elpueblonoticia.com.ar\/web\/2025\/11\/10\/clara-valletto-es-la-nueva-reina-nacional-de-la-horticultura\/","title":{"rendered":"CLARA VALLETTO ES LA NUEVA REINA NACIONAL DE LA HORTICULTURA"},"content":{"rendered":"<p><img decoding=\"async\" src=\"https:\/\/scontent.fres2-1.fna.fbcdn.net\/v\/t39.30808-6\/577804972_1379648854171953_1407530795309894158_n.jpg?_nc_cat=108&amp;ccb=1-7&amp;_nc_sid=127cfc&amp;_nc_eui2=AeHqYvnnvlE2WERRIgcIWHeLZGR5K2RuA9FkZHkrZG4D0RM_ef7lNRC7YofZbUXUu-vUuy6FQ57uIqElv-rhPXF5&amp;_nc_ohc=vzGyuqFpyQsQ7kNvwFJw_qs&amp;_nc_oc=AdljYq4TQAtKCUhWLFexY9o5ovRRmv0h6BIUhnBSxnIzmmDYBMjbxxEzStB2jwovd9c&amp;_nc_zt=23&amp;_nc_ht=scontent.fres2-1.fna&amp;_nc_gid=7qQt4Muc_7jEVSQmPLFGzA&amp;oh=00_Afhbdt85zNDUy22wiMvTpoCDt4p75x2iyz1ced2nOvk2NA&amp;oe=6916B32D\" alt=\"Puede ser una imagen de \u200euna o varias personas y \u200etexto que dice &quot;\u200esu SantaLucia Jnida su Santal SantaLuci ucia Unida SantaLucia Unida su SantaLucia Jnida u\u0627 SantaLucia nida SU SantaLucia Unida sl SantaLucial Unida sl SantaLucia su SantaLucial ucia Unida Santal su SantaL SantaLuciaUn ucial Jnida sl (sl SantaLucia Jnida SantaLucial Unida H\u043becT XXIXFIESTA UCIONAL de su SantaLucia Unida es 0P. ucia HORTICULTU cial Unida AHORT Sant\u200e&quot;\u200e\u200e\" \/><\/p>\n<p><img decoding=\"async\" src=\"https:\/\/scontent.fres2-2.fna.fbcdn.net\/v\/t39.30808-6\/577859147_1379645494172289_3897728642502100264_n.jpg?_nc_cat=110&amp;ccb=1-7&amp;_nc_sid=127cfc&amp;_nc_eui2=AeEueTGcUSikwdtRz2OLlc_L33dNNkQs-4Lfd002RCz7gotcqm-PtJhow3LU1UiqMLnrQGNCKpTzKkfpSRfI7Xjy&amp;_nc_ohc=ja3WsuThzgwQ7kNvwHomiT4&amp;_nc_oc=AdkM6_7Qay9BTUrGXy-LYPFfERo6bkeYXHRzZamBYZrSj1MZsYN7siDTJ6xKme7L1qQ&amp;_nc_zt=23&amp;_nc_ht=scontent.fres2-2.fna&amp;_nc_gid=mZPh3ExqEXa_97d-iouSbQ&amp;oh=00_Afi_1RzvlvUf2rzDgblb0dZU5K9PRHgyHgBkmQY_4yE3Sg&amp;oe=69169D5A\" alt=\"Puede ser una imagen de fuegos artificiales y multitud\" \/><\/p>\n<p><img decoding=\"async\" src=\"https:\/\/scontent.fres2-1.fna.fbcdn.net\/v\/t39.30808-6\/577916316_1379648394171999_6455399043645778837_n.jpg?_nc_cat=111&amp;ccb=1-7&amp;_nc_sid=127cfc&amp;_nc_eui2=AeHBsF4g8Z4dP0CljtMoDZ-ZLP04FkR0UX4s_TgWRHRRfiNkttnjgn4VM86bNDwnGyhZW0mTEzkTde-184XkpJOi&amp;_nc_ohc=rPsx7YkEPIoQ7kNvwHV36v0&amp;_nc_oc=AdlvYPim94E4XtZDcEP5MRROql89kjnJdvrreJYL3zzk_ZNqqDiXF5RWhPLeEEFd4J4&amp;_nc_zt=23&amp;_nc_ht=scontent.fres2-1.fna&amp;_nc_gid=h6x_Pn6fOkli6m8kh5ejug&amp;oh=00_Afjfs5yyFc7TfiZ3eVFHyeYm-G0yf5JtsIC39_fE7nJURw&amp;oe=6916B4EA\" alt=\"No hay ninguna descripci\u00f3n de la foto disponible.\" \/><\/p>\n<p><img decoding=\"async\" src=\"https:\/\/scontent.fres2-1.fna.fbcdn.net\/v\/t39.30808-6\/579425909_1379645244172314_4030872439182140346_n.jpg?_nc_cat=105&amp;ccb=1-7&amp;_nc_sid=127cfc&amp;_nc_eui2=AeFXr75muuFBwKYerOsBpJVGNkzrItT87P42TOsi1Pzs_mmMc0BuHmIsxWt3L8U3OC2w3364I2OOqNuAxmcd_um6&amp;_nc_ohc=Fl5Wo76qB4IQ7kNvwFxHeuV&amp;_nc_oc=AdmQldbP7WT7Jsz7LSUU2IxJ_T4t-OmSO0WIBeAqXAeebGUtUIRnubFvVz89fNgXOPU&amp;_nc_zt=23&amp;_nc_ht=scontent.fres2-1.fna&amp;_nc_gid=6_hG0dbK15MNPV71fC0jiQ&amp;oh=00_AfhY17l6Xawx46-wGWnJV2mNEZTK7xCu_4O7c_0eP0-uUg&amp;oe=6916B7A8\" alt=\"Puede ser una imagen de guitarra\" \/><\/p>\n<p><img decoding=\"async\" src=\"https:\/\/scontent.fres2-1.fna.fbcdn.net\/v\/t39.30808-6\/579885885_1379645454172293_2452174050060258946_n.jpg?_nc_cat=111&amp;ccb=1-7&amp;_nc_sid=127cfc&amp;_nc_eui2=AeF6SMuV4eAJ8-iJr0X_EKBJPZiWlVrApAo9mJaVWsCkChqmWQHxq2-6KRcsk4xLAJs3uyJfkOzPz3Y6Y9GzdCLC&amp;_nc_ohc=fR8CWh6JsSsQ7kNvwEJJzRd&amp;_nc_oc=AdnW334TiWJSjNZUUzNOjfLQndqlvlAFld_GlodbOVFUpSBX8SFQ54S0KkdzBpZdXv8&amp;_nc_zt=23&amp;_nc_ht=scontent.fres2-1.fna&amp;_nc_gid=h-aVL6qiqdrVJM7DdMb1TQ&amp;oh=00_AfitzogmG8o8vCYpfnUcnIXdI2CXQrs7lpHw-gmR08HbnQ&amp;oe=6916B15D\" alt=\"No hay ninguna descripci\u00f3n de la foto disponible.\" \/><\/p>\n<p><strong>En una noche colmada de emoci\u00f3n y orgullo, Santa Luc\u00eda coron\u00f3 a Clara Valletto como Reina Nacional de la Horticultura en la edici\u00f3n n\u00famero XXIX de la tradicional fiesta que celebra la identidad productiva y cultural de la ciudad. La acompa\u00f1an en el reinado Candela Galarza como primera princesa y Giannina Romagnoli como segunda princesa<\/strong>.<\/p>\n<p>El intendente municipal Norberto Villordo encabez\u00f3 la velada y destac\u00f3 a la Fiesta Nacional de la Horticultura como \u201cuna expresi\u00f3n genuina de la identidad de todos los santaluce\u00f1os, que a\u00f1o tras a\u00f1o renuevan su compromiso con el trabajo y la producci\u00f3n\u201d.<\/p>\n<p>Uno de los momentos m\u00e1s emotivos de la noche fue la interpretaci\u00f3n del Himno de la Fiesta a cargo de Oscar Mac\u00edas y Los Curup\u00ed, que despert\u00f3 el aplauso de todos los presentes.<\/p>\n<p>El p\u00fablico tambi\u00e9n disfrut\u00f3 de las actuaciones de Los Tipitos, Rombai, y las presentaciones art\u00edsticas de El Ballet Fusi\u00f3n y la Guardia de Honor y grupo la Odisea.<\/p>\n<p>El evento contin\u00faa hoy domingo con el gran cierre musical que contar\u00e1 con la presentaci\u00f3n estelar de El Polaco, adem\u00e1s de Norberto y Alkala, Tamb\u00f3 Tamb\u00f3, entre otros artistas. De esta manera, Santa Luc\u00eda vive una nueva edici\u00f3n de su fiesta mayor, celebrando con orgullo el trabajo hort\u00edcola y la alegr\u00eda de su gente.<\/p>\n","protected":false},"excerpt":{"rendered":"<p>En una noche colmada de emoci\u00f3n y orgullo, Santa Luc\u00eda coron\u00f3 a Clara Valletto como Reina Nacional de la Horticultura en la edici\u00f3n n\u00famero XXIX de la tradicional fiesta que celebra la identidad productiva y cultural de la ciudad. La acompa\u00f1an en el reinado Candela Galarza como primera princesa y Giannina Romagnoli como segunda princesa. [&hellip;]<\/p>\n","protected":false},"author":2,"featured_media":3397,"comment_status":"open","ping_status":"open","sticky":false,"template":"","format":"standard","meta":{"footnotes":""},"categories":[78],"tags":[],"class_list":{"0":"post-3396","1":"post","2":"type-post","3":"status-publish","4":"format-standard","5":"has-post-thumbnail","7":"category-generales"},"_links":{"self":[{"href":"https:\/\/elpueblonoticia.com.ar\/web\/wp-json\/wp\/v2\/posts\/3396","targetHints":{"allow":["GET"]}}],"collection":[{"href":"https:\/\/elpueblonoticia.com.ar\/web\/wp-json\/wp\/v2\/posts"}],"about":[{"href":"https:\/\/elpueblonoticia.com.ar\/web\/wp-json\/wp\/v2\/types\/post"}],"author":[{"embeddable":true,"href":"https:\/\/elpueblonoticia.com.ar\/web\/wp-json\/wp\/v2\/users\/2"}],"replies":[{"embeddable":true,"href":"https:\/\/elpueblonoticia.com.ar\/web\/wp-json\/wp\/v2\/comments?post=3396"}],"version-history":[{"count":0,"href":"https:\/\/elpueblonoticia.com.ar\/web\/wp-json\/wp\/v2\/posts\/3396\/revisions"}],"wp:featuredmedia":[{"embeddable":true,"href":"https:\/\/elpueblonoticia.com.ar\/web\/wp-json\/wp\/v2\/media\/3397"}],"wp:attachment":[{"href":"https:\/\/elpueblonoticia.com.ar\/web\/wp-json\/wp\/v2\/media?parent=3396"}],"wp:term":[{"taxonomy":"category","embeddable":true,"href":"https:\/\/elpueblonoticia.com.ar\/web\/wp-json\/wp\/v2\/categories?post=3396"},{"taxonomy":"post_tag","embeddable":true,"href":"https:\/\/elpueblonoticia.com.ar\/web\/wp-json\/wp\/v2\/tags?post=3396"}],"curies":[{"name":"wp","href":"https:\/\/api.w.org\/{rel}","templated":true}]}}