{"id":3390,"date":"2025-11-10T08:18:10","date_gmt":"2025-11-10T11:18:10","guid":{"rendered":"https:\/\/elpueblonoticia.com.ar\/web\/?p=3390"},"modified":"2025-11-10T08:18:10","modified_gmt":"2025-11-10T11:18:10","slug":"acto-institucional-de-la-primera-radicacion-historica-de-goya","status":"publish","type":"post","link":"https:\/\/elpueblonoticia.com.ar\/web\/2025\/11\/10\/acto-institucional-de-la-primera-radicacion-historica-de-goya\/","title":{"rendered":"ACTO INSTITUCIONAL DE LA PRIMERA RADICACI\u00d3N HIST\u00d3RICA DE GOYA"},"content":{"rendered":"<p data-olk-copy-source=\"MessageBody\"><img loading=\"lazy\" decoding=\"async\" class=\"alignnone  wp-image-3394\" src=\"https:\/\/elpueblonoticia.com.ar\/web\/wp-content\/uploads\/2025\/11\/FotoJet-8-300x204.jpg\" alt=\"\" width=\"818\" height=\"556\" srcset=\"https:\/\/elpueblonoticia.com.ar\/web\/wp-content\/uploads\/2025\/11\/FotoJet-8-300x204.jpg 300w, https:\/\/elpueblonoticia.com.ar\/web\/wp-content\/uploads\/2025\/11\/FotoJet-8-1024x695.jpg 1024w, https:\/\/elpueblonoticia.com.ar\/web\/wp-content\/uploads\/2025\/11\/FotoJet-8-768x522.jpg 768w, https:\/\/elpueblonoticia.com.ar\/web\/wp-content\/uploads\/2025\/11\/FotoJet-8-1536x1043.jpg 1536w, https:\/\/elpueblonoticia.com.ar\/web\/wp-content\/uploads\/2025\/11\/FotoJet-8-618x420.jpg 618w, https:\/\/elpueblonoticia.com.ar\/web\/wp-content\/uploads\/2025\/11\/FotoJet-8-696x473.jpg 696w, https:\/\/elpueblonoticia.com.ar\/web\/wp-content\/uploads\/2025\/11\/FotoJet-8-1068x725.jpg 1068w, https:\/\/elpueblonoticia.com.ar\/web\/wp-content\/uploads\/2025\/11\/FotoJet-8.jpg 1767w\" sizes=\"auto, (max-width: 818px) 100vw, 818px\" \/><\/p>\n<p class=\"x_MsoNormal\" data-olk-copy-source=\"MessageBody\">UN S\u00cdMBOLO DE UNIDAD, CONTINUIDAD INSTITUCIONAL Y AMOR COMPARTIDO POR GOYA<\/p>\n<p class=\"x_MsoNormal\">Un hecho sin dudas memorable no solo por establecer la fecha de la primera radicaci\u00f3n hist\u00f3rica de la ciudad, sino por el marco de la institucionalidad reflejada en la mencionada ceremonia<\/p>\n<p class=\"x_MsoNormal\" aria-hidden=\"true\">\n<p class=\"x_MsoNormal\">El acto que presidido por el Intendente Mariano Hormaechea fue compartido junto a los ex intendentes Gerardo Urquijo; Alberto Difilippo; Jorge Mazzaro; Ignacio Osella y Gerardo Bassi usando el concepto art\u00edstico un ensamble de la consolidaci\u00f3n de la Institucionalidad y reafirmar el valor de la Democracia.<\/p>\n<p class=\"x_MsoNormal\" aria-hidden=\"true\">\n<p class=\"x_MsoNormal\">\u201cCelebramos el origen, el esfuerzo colectivo que hoy nos re\u00fane para recordar nuestro origen\u201d Afirm\u00f3 el Intendente Municipal invitando a celebrar, este primer d\u00eda de la radicaci\u00f3n con alegr\u00eda, con respeto y con se orgullo sereno que nos distingue porque un Pueblo con Identidad es un Pueblo con destino y puedo asegurar que Goya lo tiene\u201d<\/p>\n<p class=\"x_MsoNormal\" aria-hidden=\"true\">\n<p class=\"x_MsoNormal\" aria-hidden=\"true\">\n<p class=\"x_MsoNormal\">El acto se desarroll\u00f3 el domingo en horas de la noche en un s\u00edmbolo del encuentro de los goyanos, el coraz\u00f3n de la ciudad, La Plaza Mitre, espacio p\u00fablico donde autoridades municipales, concejales, legisladores provinciales, miembros de las Fuerzas Armadas, de Seguridad, Instituciones de la Sociedad Civil, Ex Combatientes de Malvinas; Presidentes Barriales \u00a0y vecinos se convocaron para celebrar juntos un acontecimiento que une en el tiempo y en el sentimiento la Primera Radicaci\u00f3n Hist\u00f3rica de Goya, ocurrido el 9 de noviembre de 1791.<\/p>\n<p class=\"x_MsoNormal\" aria-hidden=\"true\">\n<p class=\"x_MsoNormal\">HIMNO NACIONAL ARGENTINO<\/p>\n<p class=\"x_MsoNormal\">En la apertura de la celebraci\u00f3n la Banda Militar \u201cPuerto Argentino\u201d bajo la direcci\u00f3n de su Primer Maestro de Banda Teniente 1\u00ba Alberto Esteban C\u00f3rdoba interpreto los sones de la canci\u00f3n patria el Himno Nacional Argentino<\/p>\n<p class=\"x_MsoNormal\" aria-hidden=\"true\">\n<p class=\"x_MsoNormal\">DESCUBRIMIENTO PLACA RECORDATORIA DEL HCD<\/p>\n<p class=\"x_MsoNormal\" aria-hidden=\"true\">\n<p class=\"x_MsoNormal\">A trav\u00e9s de la Ordenanza 2286 el Concejo Deliberante de Goya dispuso \u201cInstituir en el \u00e1mbito de la Municipalidad de Goya el d\u00eda 9 de noviembre como el \u201cd\u00eda de la primera radicaci\u00f3n hist\u00f3rica de Goya\u201d, en el marco de la Ley Provincial 6157; estableciendo el emplazamiento de una Placa conmemorativa de esta fecha.<\/p>\n<p class=\"x_MsoNormal\" aria-hidden=\"true\">\n<p class=\"x_MsoNormal\">Promulgada por el Intendente Municipal, por medio de la Resoluci\u00f3n 1775<\/p>\n<p class=\"x_MsoNormal\">Para lo cual los integrantes del Cuerpo Deliberativo Local procedieron al descubrimiento de la placa de referencia, invitando al Intendente Mariano Hormaechea a realizar ese gesto quedando como testimonio del compromiso institucional, participaron del descubrimiento junto al Intendente el Vicepresidente 1\u00ba del HCD Dr. Marcelo Frattini, la Vicepresidente 2\u00ba del HCD Vivian Merlo y los ediles M\u00f3nica Cortinovis; Nicolas Correa Curak; Karina Esquenon; Sebasti\u00e1n Mazzaro; Leandro Montti; Jos\u00e9 Novello; Lorena P\u00e9rez Carballo; Susana Quiroz; Gabriela Refojos; \u00a0Oscar Ferrero y Gabriela Refojos.<\/p>\n<p class=\"x_MsoNormal\">\n<p class=\"x_MsoNormal\">INVOCACI\u00d3N RELIGIOSA<\/p>\n<p class=\"x_MsoNormal\">En el momento de hacer la invocaci\u00f3n religiosa acompa\u00f1aron ese instante el Obispo de la Di\u00f3cesis de Goya Monse\u00f1or Adolfo Canecin y el Pastor Evang\u00e9lico Pablo Churruar\u00edn, marcando la importancia de descubrir el origen de nuestra identidad, poniendo de relieve la necesidad de\u201d una construcci\u00f3n social, colectiva, buscando siempre en el trazo de nuestro horizonte el amparo, la protecci\u00f3n y la Bendici\u00f3n de Dios, para que ilumine cada paso, inspire a las autoridades para responder a esta mandato del cuidado los unos de los otros.\u201d Reflexiono el Pastor.<\/p>\n<p class=\"x_MsoNormal\" aria-hidden=\"true\">\n<p class=\"x_MsoNormal\" aria-hidden=\"true\">\n<p class=\"x_MsoNormal\">\u201cEs lindo estar siempre juntos como hermanos, con una triple mirada, la memoria, la esperanza, la fe, memoria agradecida por la historia, pasi\u00f3n en el presente y una profunda esperanza y confianza en el futuro porque estamos en manos de Dios, que nos acompa\u00f1a desde los tiempos de Imaguar\u00e9 y nos seguir\u00e1 acompa\u00f1ando hasta el final. \u201cConsidero el Pastor de la Di\u00f3cesis de Goya Monse\u00f1or Canecin<\/p>\n<p class=\"x_MsoNormal\" aria-hidden=\"true\">\n<p class=\"x_MsoNormal\">MARIANO HORMAECHEA<\/p>\n<p class=\"x_MsoNormal\">El Intendente Mariano Hormaechea, tras saludar y agradecer la presencia de los ex intendentes municipales, legisladores provinciales, intendentes de localidades vecinas, funcionarios municipales, provinciales, concejales, presidentes barriales, miembros de las fuerzas armadas, de seguridad, instituciones de la ciudad, vecinos, remarc\u00f3: \u201cHoy es un d\u00eda para escribir una p\u00e1gina nueva en el libro de la Historia de Goya, lo hacemos entre todos, reconociendo de d\u00f3nde venimos y qui\u00e9nes somos, conmemoramos por primera vez el d\u00eda de la primera radicaci\u00f3n hist\u00f3rica de la ciudad, un hecho que nos invita a mirar hacia atr\u00e1s con gratitud y hacia adelante con esperanza, quiero agradecer a los integrantes de la comisi\u00f3n investigadora, porque se propusieron rescatar lo que somos, sin esperar nada a cambio, para que nunca olvidemos de d\u00f3nde venimos, muchas gracias Dr. Jos\u00e9 Virgilio Acosta, Profesora Margarita Fogantini y Dr. Walter Grosse; y a todos los que de alguna u otra manera han colaborado con este proyecto.\u201d<\/p>\n<p class=\"x_MsoNormal\">\u201cAl mismo tiempo quiero agradecer y destacar el impulso del Diputado Goyano H\u00e9ctor \u201cTito\u201d Lopez-record\u00f3 el Intendente- por lograr que el trabajo de la Comisi\u00f3n se convierta en Ley Provincial, gracias a quienes pensaron y lucharon por esta Ley hoy tenemos una hoja m\u00e1s en su historia, desde esta gesti\u00f3n estamos comprometidos con la misma pasi\u00f3n, m\u00e1s inclusi\u00f3n m\u00e1s identidad y m\u00e1s desarrollo.\u201d<\/p>\n<p class=\"x_MsoNormal\" aria-hidden=\"true\">\n<p class=\"x_MsoNormal\">\u201cEste esfuerzo colectivo es el que hoy nos re\u00fane para recordar nuestro origen, pero m\u00e1s all\u00e1 del documento legal, lo que hoy celebramos es algo m\u00e1s profundo, es el inicio de una comunidad nacida del esfuerzo, la voluntad y el arraigo, aquel documento de 1791 es el primer trazo de nuestra identidad colectiva, -resalt\u00f3 el Jefe Comunal- hay una ra\u00edz, desde esta primera huella Goya se fue construyendo paso a paso, con el puerto a la vera del r\u00edo, con el esfuerzo silencioso de hombres y mujeres que eligieron este lugar para vivir, so\u00f1ar y criar a sus hijos, hoy entre nosotros est\u00e1 la escuela, los docentes y sobre todo los j\u00f3venes, ellos con su energ\u00eda, sus preguntas, su amor por Goya, nos asegura que nuestra identidad tiene futuro son ellos los nuevos portadores de la historia y los nuevos protagonistas de lo que vendr\u00e1.\u201d<\/p>\n<p class=\"x_MsoNormal\" aria-hidden=\"true\">\n<p class=\"x_MsoNormal\">En sus palabras Mariano Hormaechea, destac\u00f3: \u201c234 a\u00f1os despu\u00e9s la ciudad sigue creciendo con orgullo, trabajo y un sentido de pertenencia que se fortalece d\u00eda a d\u00eda, Goya no es solo un lugar en el mapa, es el modo de caminar las calles, el orgullo sereno, no como nostalgia sino es futuro porque saber qui\u00e9nes somos nos ayuda saber hacia d\u00f3nde vamos, por ese desde esta gesti\u00f3n municipal trabajamos para fortalecer nuestra identidad, con acciones como la Marca Goya, la puesta en valor de espacios emblem\u00e1ticos, con el anhelo de este Intendente de concretar el proyecto largamente esperado el Libro de la Historia de nuestra ciudad.\u201d<\/p>\n<p class=\"x_MsoNormal\">\u201cNo es solo cumplir una deuda-en relaci\u00f3n al libro, marco- \u00a0es un acto de amor, reconocer a esos que marcaron las huellas, dejar constancia del camino, reconocer voces, paisajes, es una invitaci\u00f3n a leer lo nuestro para entender mejor lo que podemos llegar a ser, hoy celebramos el origen, pero tambi\u00e9n renovamos el compromiso de construir una Goya, m\u00e1s unida, m\u00e1s consciente de su pasado y m\u00e1s preparada para su porvenir, as\u00ed como valoramos el trabajo de quienes pensaron en este proyecto hace m\u00e1s de diez a\u00f1os, hoy asumimos la responsabilidad de pensar Goya para los pr\u00f3ximos diez a\u00f1os, con el mismo esp\u00edritu por eso creamos el Pacto Goya 2030, es una apuesta a la memoria, al presente y al futuro, el futuro pertenece a quienes aman su historia y trabaja por lo que vendr\u00e1 (citando a Alejandro Dolina), celebremos entonces, este primer d\u00eda de la radicaci\u00f3n con alegr\u00eda, con respeto y con se orgullo sereno que nos distingue porque un Pueblo con Identidad es un Pueblo con destino y puedo asegurar que Goya lo tiene, Gracias.\u201d Concluy\u00f3 el Intendente Municipal.<\/p>\n<p class=\"x_MsoNormal\" aria-hidden=\"true\">\n<p class=\"x_MsoNormal\">Vale mencionar que durante el acto institucional de recordaci\u00f3n de la primera radicaci\u00f3n hist\u00f3rica de Goya se escucharon palabras de Jacobo Gregorio Guti\u00e9rrez, de la profesora Margarita Fogantini, lectura de poes\u00eda alusiva de una alumna de la Escuela Sof\u00eda Chalub de la zona del Puerto Goya.<\/p>\n<p class=\"x_MsoNormal\" aria-hidden=\"true\">\n<p class=\"x_MsoNormal\">DESCUBRIMIENTO PLACA CONMEMORATIVA<\/p>\n<p class=\"x_MsoNormal\">El Intendente Mariano Hormaechea junto a los ex intendentes elegidos democr\u00e1ticamente por los vecinos Alberto Difilippo, Ignacio Osella, Jorge Mazzaro, Gerardo Bassi como un s\u00edmbolo de Unidad, continuidad institucional y amor compartido por Goya procedieron al descubrimiento de la placa recordatoria.<\/p>\n<p class=\"x_MsoNormal\" aria-hidden=\"true\">\n<p class=\"x_MsoNormal\">ESPECT\u00c1CULO ART\u00cdSTICO<\/p>\n<p class=\"x_MsoNormal\">Tras el acto protocolario que marca el hecho trascendental para la historia del origen de Goya se sucedi\u00f3 en el escenario la parte art\u00edstica con la presentaci\u00f3n de la Obra recreada por la Escuela Municipal de Teatro \u201cGOYA\u201d, para continuar con la presentaci\u00f3n de la Orquesta Folcl\u00f3rica de la Provincia de Corrientes.<\/p>\n<p class=\"x_MsoNormal\">El cierre art\u00edstico fue un corolario de la propuesta de la unidad institucional, con el ensamble art\u00edstico de voces de cantantes, locutores y m\u00fasicos que con diferentes estilos y g\u00e9neros regalaron a los presentes una manera de celebrar la identidad de la ciudad.<\/p>\n<p class=\"x_MsoNormal\">De esta manera la ciudad marco que tiene fecha, historia y tiene Futuro.<\/p>\n","protected":false},"excerpt":{"rendered":"<p>UN S\u00cdMBOLO DE UNIDAD, CONTINUIDAD INSTITUCIONAL Y AMOR COMPARTIDO POR GOYA Un hecho sin dudas memorable no solo por establecer la fecha de la primera radicaci\u00f3n hist\u00f3rica de la ciudad, sino por el marco de la institucionalidad reflejada en la mencionada ceremonia El acto que presidido por el Intendente Mariano Hormaechea fue compartido junto a [&hellip;]<\/p>\n","protected":false},"author":2,"featured_media":3393,"comment_status":"open","ping_status":"open","sticky":false,"template":"","format":"standard","meta":{"footnotes":""},"categories":[56],"tags":[],"class_list":{"0":"post-3390","1":"post","2":"type-post","3":"status-publish","4":"format-standard","5":"has-post-thumbnail","7":"category-locales"},"_links":{"self":[{"href":"https:\/\/elpueblonoticia.com.ar\/web\/wp-json\/wp\/v2\/posts\/3390","targetHints":{"allow":["GET"]}}],"collection":[{"href":"https:\/\/elpueblonoticia.com.ar\/web\/wp-json\/wp\/v2\/posts"}],"about":[{"href":"https:\/\/elpueblonoticia.com.ar\/web\/wp-json\/wp\/v2\/types\/post"}],"author":[{"embeddable":true,"href":"https:\/\/elpueblonoticia.com.ar\/web\/wp-json\/wp\/v2\/users\/2"}],"replies":[{"embeddable":true,"href":"https:\/\/elpueblonoticia.com.ar\/web\/wp-json\/wp\/v2\/comments?post=3390"}],"version-history":[{"count":0,"href":"https:\/\/elpueblonoticia.com.ar\/web\/wp-json\/wp\/v2\/posts\/3390\/revisions"}],"wp:featuredmedia":[{"embeddable":true,"href":"https:\/\/elpueblonoticia.com.ar\/web\/wp-json\/wp\/v2\/media\/3393"}],"wp:attachment":[{"href":"https:\/\/elpueblonoticia.com.ar\/web\/wp-json\/wp\/v2\/media?parent=3390"}],"wp:term":[{"taxonomy":"category","embeddable":true,"href":"https:\/\/elpueblonoticia.com.ar\/web\/wp-json\/wp\/v2\/categories?post=3390"},{"taxonomy":"post_tag","embeddable":true,"href":"https:\/\/elpueblonoticia.com.ar\/web\/wp-json\/wp\/v2\/tags?post=3390"}],"curies":[{"name":"wp","href":"https:\/\/api.w.org\/{rel}","templated":true}]}}