{"id":3373,"date":"2025-11-09T14:26:57","date_gmt":"2025-11-09T17:26:57","guid":{"rendered":"https:\/\/elpueblonoticia.com.ar\/web\/?p=3373"},"modified":"2025-11-09T14:26:57","modified_gmt":"2025-11-09T17:26:57","slug":"tragedia-en-goya-una-mujer-iba-como-acompanante-en-una-moto-y-murio-tras-un-choque","status":"publish","type":"post","link":"https:\/\/elpueblonoticia.com.ar\/web\/2025\/11\/09\/tragedia-en-goya-una-mujer-iba-como-acompanante-en-una-moto-y-murio-tras-un-choque\/","title":{"rendered":"Tragedia en Goya: una mujer iba como acompa\u00f1ante en una moto y muri\u00f3 tras un choque"},"content":{"rendered":"<p>En la madrugada de este domingo 9 de noviembre, alrededor de las 3:30, se registr\u00f3 un fatal accidente de tr\u00e1nsito en calle Belgrano al 1400, casi Entre R\u00edos. Una pareja circulaba en una moto, chocaron y la mujer que viajaba como acompa\u00f1ante muri\u00f3. El conductor fue internado con heridas de consideraci\u00f3n.<\/p>\n<p>El hecho ocurri\u00f3 este domingo por la madrugada en la ciudad de Goya. Una pareja que circulaba en una motocicleta Honda Tornado 250 cc, sin dominio colocado, protagoniz\u00f3 un violento derrape por causas que se investigan. El rodado termin\u00f3 a unos 30 metros del lugar del impacto, informaron las autoridades que trabajaron el hecho.<\/p>\n<p>Como consecuencia del siniestro, falleci\u00f3 en el lugar una mujer identificada como Bel\u00e9n Mercedes L\u00f3pez, quien resid\u00eda en la zona sur. En tanto el conductor, Walter Casco, domiciliado en el barrio 9 de Julio, fue trasladado al hospital local con lesiones de consideraci\u00f3n.<\/p>\n<p>Intervino personal de la Comisar\u00eda Primera de Goya, junto con peritos de la Unidad Regional II, quienes trabajan para establecer las circunstancias del caso.<\/p>\n","protected":false},"excerpt":{"rendered":"<p>En la madrugada de este domingo 9 de noviembre, alrededor de las 3:30, se registr\u00f3 un fatal accidente de tr\u00e1nsito en calle Belgrano al 1400, casi Entre R\u00edos. Una pareja circulaba en una moto, chocaron y la mujer que viajaba como acompa\u00f1ante muri\u00f3. El conductor fue internado con heridas de consideraci\u00f3n. El hecho ocurri\u00f3 este [&hellip;]<\/p>\n","protected":false},"author":2,"featured_media":3376,"comment_status":"open","ping_status":"open","sticky":false,"template":"","format":"standard","meta":{"footnotes":""},"categories":[68],"tags":[],"class_list":{"0":"post-3373","1":"post","2":"type-post","3":"status-publish","4":"format-standard","5":"has-post-thumbnail","7":"category-policiales-nacionales"},"_links":{"self":[{"href":"https:\/\/elpueblonoticia.com.ar\/web\/wp-json\/wp\/v2\/posts\/3373","targetHints":{"allow":["GET"]}}],"collection":[{"href":"https:\/\/elpueblonoticia.com.ar\/web\/wp-json\/wp\/v2\/posts"}],"about":[{"href":"https:\/\/elpueblonoticia.com.ar\/web\/wp-json\/wp\/v2\/types\/post"}],"author":[{"embeddable":true,"href":"https:\/\/elpueblonoticia.com.ar\/web\/wp-json\/wp\/v2\/users\/2"}],"replies":[{"embeddable":true,"href":"https:\/\/elpueblonoticia.com.ar\/web\/wp-json\/wp\/v2\/comments?post=3373"}],"version-history":[{"count":0,"href":"https:\/\/elpueblonoticia.com.ar\/web\/wp-json\/wp\/v2\/posts\/3373\/revisions"}],"wp:featuredmedia":[{"embeddable":true,"href":"https:\/\/elpueblonoticia.com.ar\/web\/wp-json\/wp\/v2\/media\/3376"}],"wp:attachment":[{"href":"https:\/\/elpueblonoticia.com.ar\/web\/wp-json\/wp\/v2\/media?parent=3373"}],"wp:term":[{"taxonomy":"category","embeddable":true,"href":"https:\/\/elpueblonoticia.com.ar\/web\/wp-json\/wp\/v2\/categories?post=3373"},{"taxonomy":"post_tag","embeddable":true,"href":"https:\/\/elpueblonoticia.com.ar\/web\/wp-json\/wp\/v2\/tags?post=3373"}],"curies":[{"name":"wp","href":"https:\/\/api.w.org\/{rel}","templated":true}]}}