{"id":3320,"date":"2025-11-07T10:26:53","date_gmt":"2025-11-07T13:26:53","guid":{"rendered":"https:\/\/elpueblonoticia.com.ar\/web\/?p=3320"},"modified":"2025-11-07T10:26:53","modified_gmt":"2025-11-07T13:26:53","slug":"taller-de-capacitacion","status":"publish","type":"post","link":"https:\/\/elpueblonoticia.com.ar\/web\/2025\/11\/07\/taller-de-capacitacion\/","title":{"rendered":"TALLER DE CAPACITACI\u00d3N"},"content":{"rendered":"<p class=\"x_MsoNormal\" data-olk-copy-source=\"MessageBody\">La Municipalidad de Goya a trav\u00e9s de la Direcci\u00f3n de Promoci\u00f3n Social impulsa un nuevo taller de capacitaci\u00f3n que se brindar\u00e1 el s\u00e1bado 8 desde las 9 horas en la oficina de la mencionada repartici\u00f3n municipal, San Mart\u00edn 567.<\/p>\n<p class=\"x_MsoNormal\" aria-hidden=\"true\">\n<p class=\"x_MsoNormal\">El espacio de formaci\u00f3n consiste en un \u201cTaller Intensivo Confecci\u00f3n Tote Bag m\u00e1s Intervenci\u00f3n con Sublimado\u201d.<\/p>\n<p class=\"x_MsoNormal\">El curso tiene cupos limitados. Los interesados podr\u00e1n asistir 30 minutos antes del inicio para registrar su inscripci\u00f3n.<\/p>\n<p class=\"x_MsoNormal\" aria-hidden=\"true\">\n","protected":false},"excerpt":{"rendered":"<p>La Municipalidad de Goya a trav\u00e9s de la Direcci\u00f3n de Promoci\u00f3n Social impulsa un nuevo taller de capacitaci\u00f3n que se brindar\u00e1 el s\u00e1bado 8 desde las 9 horas en la oficina de la mencionada repartici\u00f3n municipal, San Mart\u00edn 567. El espacio de formaci\u00f3n consiste en un \u201cTaller Intensivo Confecci\u00f3n Tote Bag m\u00e1s Intervenci\u00f3n con Sublimado\u201d. [&hellip;]<\/p>\n","protected":false},"author":2,"featured_media":3321,"comment_status":"open","ping_status":"open","sticky":false,"template":"","format":"standard","meta":{"footnotes":""},"categories":[56],"tags":[],"class_list":{"0":"post-3320","1":"post","2":"type-post","3":"status-publish","4":"format-standard","5":"has-post-thumbnail","7":"category-locales"},"_links":{"self":[{"href":"https:\/\/elpueblonoticia.com.ar\/web\/wp-json\/wp\/v2\/posts\/3320","targetHints":{"allow":["GET"]}}],"collection":[{"href":"https:\/\/elpueblonoticia.com.ar\/web\/wp-json\/wp\/v2\/posts"}],"about":[{"href":"https:\/\/elpueblonoticia.com.ar\/web\/wp-json\/wp\/v2\/types\/post"}],"author":[{"embeddable":true,"href":"https:\/\/elpueblonoticia.com.ar\/web\/wp-json\/wp\/v2\/users\/2"}],"replies":[{"embeddable":true,"href":"https:\/\/elpueblonoticia.com.ar\/web\/wp-json\/wp\/v2\/comments?post=3320"}],"version-history":[{"count":0,"href":"https:\/\/elpueblonoticia.com.ar\/web\/wp-json\/wp\/v2\/posts\/3320\/revisions"}],"wp:featuredmedia":[{"embeddable":true,"href":"https:\/\/elpueblonoticia.com.ar\/web\/wp-json\/wp\/v2\/media\/3321"}],"wp:attachment":[{"href":"https:\/\/elpueblonoticia.com.ar\/web\/wp-json\/wp\/v2\/media?parent=3320"}],"wp:term":[{"taxonomy":"category","embeddable":true,"href":"https:\/\/elpueblonoticia.com.ar\/web\/wp-json\/wp\/v2\/categories?post=3320"},{"taxonomy":"post_tag","embeddable":true,"href":"https:\/\/elpueblonoticia.com.ar\/web\/wp-json\/wp\/v2\/tags?post=3320"}],"curies":[{"name":"wp","href":"https:\/\/api.w.org\/{rel}","templated":true}]}}