{"id":3310,"date":"2025-11-07T10:15:24","date_gmt":"2025-11-07T13:15:24","guid":{"rendered":"https:\/\/elpueblonoticia.com.ar\/web\/?p=3310"},"modified":"2025-11-07T10:15:24","modified_gmt":"2025-11-07T13:15:24","slug":"conferencia-de-prensa-presentacion-oficial-del-concurso-la-previa-vii","status":"publish","type":"post","link":"https:\/\/elpueblonoticia.com.ar\/web\/2025\/11\/07\/conferencia-de-prensa-presentacion-oficial-del-concurso-la-previa-vii\/","title":{"rendered":"CONFERENCIA DE PRENSA: PRESENTACI\u00d3N OFICIAL DEL CONCURSO \u201cLA PREVIA VII\u201d"},"content":{"rendered":"<p data-olk-copy-source=\"MessageBody\">Goya se prepara para vivir la 7\u00b0 Edici\u00f3n del Concurso de pesca deportiva \u201cLa Previa\u201d del Surub\u00ed, un evento que a\u00f1o tras a\u00f1o convoca a pescadores de distintos puntos del pa\u00eds y se consolida como una verdadera fiesta del deporte y la camarader\u00eda.<\/p>\n<p>La presentaci\u00f3n oficial se realizar\u00e1 este martes 11 de noviembre a las 20.30 horas, en el sal\u00f3n del Club N\u00e1utico y de Pesca Goya, ubicado en calles Ej\u00e9rcito Argentino y Jos\u00e9 Mar\u00eda Soto.<\/p>\n<p>La Comisi\u00f3n Organizadora invita a periodistas y medios de comunicaci\u00f3n a participar de la conferencia de prensa, donde se brindar\u00e1n todos los detalles de esta esperada s\u00e9ptima edici\u00f3n.<\/p>\n<p>Durante el encuentro se anunciar\u00e1 el cronograma oficial de actividades y se dar\u00e1n a conocer los premios que distinguen a este certamen, que se llevar\u00e1 a cabo los d\u00edas 14, 15 y 16 de noviembre. Este a\u00f1o, el concurso repartir\u00e1 m\u00e1s de 105 millones de pesos en premios, adem\u00e1s de las tradicionales copas de cristal y los trofeos Surub\u00ed 3D,<\/p>\n<p>Asimismo, se presentar\u00e1n las categor\u00edas y reconocimientos especiales, entre ellas: Pieza Mayor, Zona, Damas, Menores y Tr\u00edo Familia, que destacan la participaci\u00f3n inclusiva y familiar del evento.<\/p>\n<p>Con esta conferencia, Goya dar\u00e1 inicio a una nueva edici\u00f3n de un encuentro que combina pasi\u00f3n, competencia y amistad, reafirmando su lugar como uno de los epicentros de la pesca deportiva en la regi\u00f3n.<\/p>\n<p>\u00a1Los esperamos para conocer todos los detalles y sumarse a esta gran fiesta de la pesca deportiva!<\/p>\n","protected":false},"excerpt":{"rendered":"<p>Goya se prepara para vivir la 7\u00b0 Edici\u00f3n del Concurso de pesca deportiva \u201cLa Previa\u201d del Surub\u00ed, un evento que a\u00f1o tras a\u00f1o convoca a pescadores de distintos puntos del pa\u00eds y se consolida como una verdadera fiesta del deporte y la camarader\u00eda. La presentaci\u00f3n oficial se realizar\u00e1 este martes 11 de noviembre a las [&hellip;]<\/p>\n","protected":false},"author":2,"featured_media":3311,"comment_status":"open","ping_status":"open","sticky":false,"template":"","format":"standard","meta":{"footnotes":""},"categories":[78],"tags":[],"class_list":{"0":"post-3310","1":"post","2":"type-post","3":"status-publish","4":"format-standard","5":"has-post-thumbnail","7":"category-generales"},"_links":{"self":[{"href":"https:\/\/elpueblonoticia.com.ar\/web\/wp-json\/wp\/v2\/posts\/3310","targetHints":{"allow":["GET"]}}],"collection":[{"href":"https:\/\/elpueblonoticia.com.ar\/web\/wp-json\/wp\/v2\/posts"}],"about":[{"href":"https:\/\/elpueblonoticia.com.ar\/web\/wp-json\/wp\/v2\/types\/post"}],"author":[{"embeddable":true,"href":"https:\/\/elpueblonoticia.com.ar\/web\/wp-json\/wp\/v2\/users\/2"}],"replies":[{"embeddable":true,"href":"https:\/\/elpueblonoticia.com.ar\/web\/wp-json\/wp\/v2\/comments?post=3310"}],"version-history":[{"count":0,"href":"https:\/\/elpueblonoticia.com.ar\/web\/wp-json\/wp\/v2\/posts\/3310\/revisions"}],"wp:featuredmedia":[{"embeddable":true,"href":"https:\/\/elpueblonoticia.com.ar\/web\/wp-json\/wp\/v2\/media\/3311"}],"wp:attachment":[{"href":"https:\/\/elpueblonoticia.com.ar\/web\/wp-json\/wp\/v2\/media?parent=3310"}],"wp:term":[{"taxonomy":"category","embeddable":true,"href":"https:\/\/elpueblonoticia.com.ar\/web\/wp-json\/wp\/v2\/categories?post=3310"},{"taxonomy":"post_tag","embeddable":true,"href":"https:\/\/elpueblonoticia.com.ar\/web\/wp-json\/wp\/v2\/tags?post=3310"}],"curies":[{"name":"wp","href":"https:\/\/api.w.org\/{rel}","templated":true}]}}