{"id":3299,"date":"2025-11-07T09:50:30","date_gmt":"2025-11-07T12:50:30","guid":{"rendered":"https:\/\/elpueblonoticia.com.ar\/web\/?p=3299"},"modified":"2025-11-07T09:50:30","modified_gmt":"2025-11-07T12:50:30","slug":"fernando-lopez-torre-modo-runner-team-agradecio-invitacion-para-correr-la-tradicional-la-neike","status":"publish","type":"post","link":"https:\/\/elpueblonoticia.com.ar\/web\/2025\/11\/07\/fernando-lopez-torre-modo-runner-team-agradecio-invitacion-para-correr-la-tradicional-la-neike\/","title":{"rendered":"FERNANDO L\u00d2PEZ TORRE : MODO RUNNER TEAM AGRADECI\u00d3 INVITACI\u00d3N PARA CORRER LA TRADICIONAL \u201cLA NEIKE\u201d"},"content":{"rendered":"<p data-olk-copy-source=\"MessageBody\"><img loading=\"lazy\" decoding=\"async\" class=\"alignnone size-medium wp-image-3301\" src=\"https:\/\/elpueblonoticia.com.ar\/web\/wp-content\/uploads\/2025\/11\/LOPEZ-TORRES-LA-NEIKE-3-300x293.jpeg\" alt=\"\" width=\"300\" height=\"293\" srcset=\"https:\/\/elpueblonoticia.com.ar\/web\/wp-content\/uploads\/2025\/11\/LOPEZ-TORRES-LA-NEIKE-3-300x293.jpeg 300w, https:\/\/elpueblonoticia.com.ar\/web\/wp-content\/uploads\/2025\/11\/LOPEZ-TORRES-LA-NEIKE-3-1024x1001.jpeg 1024w, https:\/\/elpueblonoticia.com.ar\/web\/wp-content\/uploads\/2025\/11\/LOPEZ-TORRES-LA-NEIKE-3-768x751.jpeg 768w, https:\/\/elpueblonoticia.com.ar\/web\/wp-content\/uploads\/2025\/11\/LOPEZ-TORRES-LA-NEIKE-3-430x420.jpeg 430w, https:\/\/elpueblonoticia.com.ar\/web\/wp-content\/uploads\/2025\/11\/LOPEZ-TORRES-LA-NEIKE-3-696x681.jpeg 696w, https:\/\/elpueblonoticia.com.ar\/web\/wp-content\/uploads\/2025\/11\/LOPEZ-TORRES-LA-NEIKE-3-1068x1044.jpeg 1068w, https:\/\/elpueblonoticia.com.ar\/web\/wp-content\/uploads\/2025\/11\/LOPEZ-TORRES-LA-NEIKE-3.jpeg 1080w\" sizes=\"auto, (max-width: 300px) 100vw, 300px\" \/><img loading=\"lazy\" decoding=\"async\" class=\"alignnone size-medium wp-image-3302\" src=\"https:\/\/elpueblonoticia.com.ar\/web\/wp-content\/uploads\/2025\/11\/LOPEZ-TORRES-LA-NEIKE-4-300x296.jpeg\" alt=\"\" width=\"300\" height=\"296\" srcset=\"https:\/\/elpueblonoticia.com.ar\/web\/wp-content\/uploads\/2025\/11\/LOPEZ-TORRES-LA-NEIKE-4-300x296.jpeg 300w, https:\/\/elpueblonoticia.com.ar\/web\/wp-content\/uploads\/2025\/11\/LOPEZ-TORRES-LA-NEIKE-4-1024x1012.jpeg 1024w, https:\/\/elpueblonoticia.com.ar\/web\/wp-content\/uploads\/2025\/11\/LOPEZ-TORRES-LA-NEIKE-4-768x759.jpeg 768w, https:\/\/elpueblonoticia.com.ar\/web\/wp-content\/uploads\/2025\/11\/LOPEZ-TORRES-LA-NEIKE-4-425x420.jpeg 425w, https:\/\/elpueblonoticia.com.ar\/web\/wp-content\/uploads\/2025\/11\/LOPEZ-TORRES-LA-NEIKE-4-696x688.jpeg 696w, https:\/\/elpueblonoticia.com.ar\/web\/wp-content\/uploads\/2025\/11\/LOPEZ-TORRES-LA-NEIKE-4-1068x1055.jpeg 1068w, https:\/\/elpueblonoticia.com.ar\/web\/wp-content\/uploads\/2025\/11\/LOPEZ-TORRES-LA-NEIKE-4.jpeg 1080w\" sizes=\"auto, (max-width: 300px) 100vw, 300px\" \/><img loading=\"lazy\" decoding=\"async\" class=\"alignnone size-medium wp-image-3303\" src=\"https:\/\/elpueblonoticia.com.ar\/web\/wp-content\/uploads\/2025\/11\/LOPEZ-TORRES-LA-NEIKE-1-300x300.jpeg\" alt=\"\" width=\"300\" height=\"300\" srcset=\"https:\/\/elpueblonoticia.com.ar\/web\/wp-content\/uploads\/2025\/11\/LOPEZ-TORRES-LA-NEIKE-1-300x300.jpeg 300w, https:\/\/elpueblonoticia.com.ar\/web\/wp-content\/uploads\/2025\/11\/LOPEZ-TORRES-LA-NEIKE-1-1020x1024.jpeg 1020w, https:\/\/elpueblonoticia.com.ar\/web\/wp-content\/uploads\/2025\/11\/LOPEZ-TORRES-LA-NEIKE-1-150x150.jpeg 150w, https:\/\/elpueblonoticia.com.ar\/web\/wp-content\/uploads\/2025\/11\/LOPEZ-TORRES-LA-NEIKE-1-768x771.jpeg 768w, https:\/\/elpueblonoticia.com.ar\/web\/wp-content\/uploads\/2025\/11\/LOPEZ-TORRES-LA-NEIKE-1-418x420.jpeg 418w, https:\/\/elpueblonoticia.com.ar\/web\/wp-content\/uploads\/2025\/11\/LOPEZ-TORRES-LA-NEIKE-1-696x699.jpeg 696w, https:\/\/elpueblonoticia.com.ar\/web\/wp-content\/uploads\/2025\/11\/LOPEZ-TORRES-LA-NEIKE-1-1068x1072.jpeg 1068w, https:\/\/elpueblonoticia.com.ar\/web\/wp-content\/uploads\/2025\/11\/LOPEZ-TORRES-LA-NEIKE-1.jpeg 1080w\" sizes=\"auto, (max-width: 300px) 100vw, 300px\" \/><\/p>\n<p class=\"x_MsoNormal\" data-olk-copy-source=\"MessageBody\">El pasado fin de semana se corri\u00f3 en Goya la gran final del Circuito Correntino de Running. La ciudad fue sede de la \u00faltima fecha del campeonato disput\u00e1ndose la tradicional carrera &#8220;La Neike&#8221;.<\/p>\n<p class=\"x_MsoNormal\">El pasado domingo 2 de noviembre se corri\u00f3 la s\u00e9ptima y \u00faltima fecha del Circuito Correntino de Running. Fernando L\u00f3pez Torres, referente de Modo Runner Team, en di\u00e1logo radial destac\u00f3 que \u201cLa Neike\u201d es una de las carreras m\u00e1s emblem\u00e1ticas \u201ccon matices emocionantes&#8221;. Se corri\u00f3 esta fecha clave dentro del calendario regional. Concurren muchos corredores de la regi\u00f3n y los locales que se suman. Nuestro Team ha batido r\u00e9cord en cantidad de participantes con 66 inscriptos as\u00ed que muy agradecidos a los organizadores de La Neike\u201d dijo.<\/p>\n<p class=\"x_MsoNormal\">Adelant\u00f3 que el a\u00f1o que viene durante el primer mes ya se estar\u00e1 dando a difusi\u00f3n el nuevo calendario de encuentros de running 2026.<\/p>\n<p class=\"x_MsoNormal\">Subray\u00f3 que los encuentros que se corren en distintas superficies y toponimias del interior provincial permiten disfrutar de hermosos paisajes haciendo una actividad deportiva, como por ejemplo la que se realiza en la reserva paleontol\u00f3gica Torop\u00ed en Bella Vista o en el municipio de Carolina en zona de la llamada cascadita y campo, en el parque acu\u00e1tico durante la Oto\u00f1o Trail Run, \u201cen su recorrido se percibe y disfruta la belleza del paisaje, esto le da al corredor ese plus del turismo y aventura\u201d.<\/p>\n<p class=\"x_MsoNormal\">ACTIVIDAD EN CRECIMIENTO<\/p>\n<p class=\"x_MsoNormal\">En otra parte del contacto radial, L\u00f3pez Torres ponder\u00f3 las bondades de la que goza la disciplina \u201cya que son cada vez m\u00e1s los que se suman a esta actividad\u201d. El Trail Running es para todos: para el que quiere ir a despejarse a la naturaleza, para el que va a superarse a s\u00ed mismo y para los que quieren competir. Adem\u00e1s, son cada vez m\u00e1s los que ven estas carreras como una excusa perfecta para organizar viajes y disfrutar momentos memorables con amigos.<\/p>\n<p class=\"x_MsoNormal\">\u201cDespu\u00e9s de la pandemia el running y el mountain bike sufrieron este crecimiento enorme, muchos descubrieron estos deportes y crecieron a ritmo feroz, todo el mundo se dio cuenta que el correr y el buen estado f\u00edsico tiene que ver con la salud y una recuperaci\u00f3n de la enfermedad mucho mejor, as\u00ed es que se gener\u00f3 esa conciencia de la actividad f\u00edsica dentro de la salud\u201d cerr\u00f3.<\/p>\n<p class=\"x_MsoNormal\">CARRERA &#8220;LA NEIKE&#8221; CAMPEONES<\/p>\n<p class=\"x_MsoNormal\">JUVENIL MASCULINO.<\/p>\n<p class=\"x_MsoNormal\">Leonel Sosa<\/p>\n<p class=\"x_MsoNormal\">MAYORES FEMENINA<\/p>\n<p class=\"x_MsoNormal\">Jesica Brea<\/p>\n<p class=\"x_MsoNormal\">MAYORES MASCULINO<\/p>\n<p class=\"x_MsoNormal\">Jos\u00e9 Lacuadra<\/p>\n<p class=\"x_MsoNormal\">INTERMEDIA FEMENINA<\/p>\n<p class=\"x_MsoNormal\">Clara Vel\u00e1zquez<\/p>\n<p class=\"x_MsoNormal\">INTERMEDIA MASCULINO<\/p>\n<p class=\"x_MsoNormal\">Brahian Sala<\/p>\n<p class=\"x_MsoNormal\">MEDIA FEMENINA<\/p>\n<p class=\"x_MsoNormal\">Karina D&#8217;Aveta<\/p>\n<p class=\"x_MsoNormal\">MEDIA MASCULINO<\/p>\n<p class=\"x_MsoNormal\">Sergio P\u00e9rez<\/p>\n","protected":false},"excerpt":{"rendered":"<p>El pasado fin de semana se corri\u00f3 en Goya la gran final del Circuito Correntino de Running. La ciudad fue sede de la \u00faltima fecha del campeonato disput\u00e1ndose la tradicional carrera &#8220;La Neike&#8221;. El pasado domingo 2 de noviembre se corri\u00f3 la s\u00e9ptima y \u00faltima fecha del Circuito Correntino de Running. Fernando L\u00f3pez Torres, referente [&hellip;]<\/p>\n","protected":false},"author":2,"featured_media":3300,"comment_status":"open","ping_status":"open","sticky":false,"template":"","format":"standard","meta":{"footnotes":""},"categories":[76],"tags":[],"class_list":{"0":"post-3299","1":"post","2":"type-post","3":"status-publish","4":"format-standard","5":"has-post-thumbnail","7":"category-deportes"},"_links":{"self":[{"href":"https:\/\/elpueblonoticia.com.ar\/web\/wp-json\/wp\/v2\/posts\/3299","targetHints":{"allow":["GET"]}}],"collection":[{"href":"https:\/\/elpueblonoticia.com.ar\/web\/wp-json\/wp\/v2\/posts"}],"about":[{"href":"https:\/\/elpueblonoticia.com.ar\/web\/wp-json\/wp\/v2\/types\/post"}],"author":[{"embeddable":true,"href":"https:\/\/elpueblonoticia.com.ar\/web\/wp-json\/wp\/v2\/users\/2"}],"replies":[{"embeddable":true,"href":"https:\/\/elpueblonoticia.com.ar\/web\/wp-json\/wp\/v2\/comments?post=3299"}],"version-history":[{"count":0,"href":"https:\/\/elpueblonoticia.com.ar\/web\/wp-json\/wp\/v2\/posts\/3299\/revisions"}],"wp:featuredmedia":[{"embeddable":true,"href":"https:\/\/elpueblonoticia.com.ar\/web\/wp-json\/wp\/v2\/media\/3300"}],"wp:attachment":[{"href":"https:\/\/elpueblonoticia.com.ar\/web\/wp-json\/wp\/v2\/media?parent=3299"}],"wp:term":[{"taxonomy":"category","embeddable":true,"href":"https:\/\/elpueblonoticia.com.ar\/web\/wp-json\/wp\/v2\/categories?post=3299"},{"taxonomy":"post_tag","embeddable":true,"href":"https:\/\/elpueblonoticia.com.ar\/web\/wp-json\/wp\/v2\/tags?post=3299"}],"curies":[{"name":"wp","href":"https:\/\/api.w.org\/{rel}","templated":true}]}}