{"id":3293,"date":"2025-11-06T11:43:24","date_gmt":"2025-11-06T14:43:24","guid":{"rendered":"https:\/\/elpueblonoticia.com.ar\/web\/?p=3293"},"modified":"2025-11-06T11:43:24","modified_gmt":"2025-11-06T14:43:24","slug":"se-realizo-la-primera-convencion-de-fiscales-y-policia-rural-de-corrientes","status":"publish","type":"post","link":"https:\/\/elpueblonoticia.com.ar\/web\/2025\/11\/06\/se-realizo-la-primera-convencion-de-fiscales-y-policia-rural-de-corrientes\/","title":{"rendered":"Se realiz\u00f3 la primera Convenci\u00f3n de Fiscales y Polic\u00eda Rural de Corrientes"},"content":{"rendered":"<p><img loading=\"lazy\" decoding=\"async\" class=\"alignnone  wp-image-3295\" src=\"https:\/\/elpueblonoticia.com.ar\/web\/wp-content\/uploads\/2025\/11\/1762387730767-300x143.jpg\" alt=\"\" width=\"801\" height=\"382\" srcset=\"https:\/\/elpueblonoticia.com.ar\/web\/wp-content\/uploads\/2025\/11\/1762387730767-300x143.jpg 300w, https:\/\/elpueblonoticia.com.ar\/web\/wp-content\/uploads\/2025\/11\/1762387730767-768x366.jpg 768w, https:\/\/elpueblonoticia.com.ar\/web\/wp-content\/uploads\/2025\/11\/1762387730767-696x332.jpg 696w, https:\/\/elpueblonoticia.com.ar\/web\/wp-content\/uploads\/2025\/11\/1762387730767.jpg 807w\" sizes=\"auto, (max-width: 801px) 100vw, 801px\" \/><img loading=\"lazy\" decoding=\"async\" class=\"alignnone  wp-image-3296\" src=\"https:\/\/elpueblonoticia.com.ar\/web\/wp-content\/uploads\/2025\/11\/1762387731848-269x300.jpg\" alt=\"\" width=\"746\" height=\"832\" srcset=\"https:\/\/elpueblonoticia.com.ar\/web\/wp-content\/uploads\/2025\/11\/1762387731848-269x300.jpg 269w, https:\/\/elpueblonoticia.com.ar\/web\/wp-content\/uploads\/2025\/11\/1762387731848-376x420.jpg 376w, https:\/\/elpueblonoticia.com.ar\/web\/wp-content\/uploads\/2025\/11\/1762387731848.jpg 446w\" sizes=\"auto, (max-width: 746px) 100vw, 746px\" \/><\/p>\n<p>Asistieron seis representantes de ministerios p\u00fablicos y jefes de priares de toda la provincia.<\/p>\n<p>En la Sociedad Rural de Bella Vista, se realiz\u00f3 la Primera Convenci\u00f3n de Fiscales y Jefes de la Polic\u00eda de Seguridad Rural y Ecol\u00f3gica de la Provincia de Corrientes.<\/p>\n<div class=\"container-spot\" data-tipo=\"tipo_todo\" data-pos=\"NEW_P1_cuerpo\">\n<div id=\"pppSlot6\" class=\" lazyloaded\" data-gpt=\"\/22675780113\/nota\/new_p1_cuerpo\" data-size=\"[[728, 90]]\" data-gpt-mobile=\"\/22675780113\/nota\/new_p1_cuerpo\" data-size-mobile=\"[[320, 100],[300, 250],[300, 100],[300, 50]]\" data-expand=\"300\"><\/div>\n<\/div>\n<p>El encuentro reuni\u00f3 a seis integrantes del Ministerio P\u00fablico Fiscal y jefes y oficiales de todas las unidades especiales rurales de Corrientes.<br \/>\nParticiparon los fiscales Ram\u00f3n Alfredo Muth y Sergio Germ\u00e1n Freitag, de Bella Vista; Juan Carlos Castillo y Gerardo Cabral de Mercedes; Jos\u00e9 Omar Caser\u00e9 de Goya y Oscar Ca\u00f1ete de Curuz\u00fa Cuati\u00e1.<\/p>\n<p>El comisario general Gerardo Torres titular de la Direcci\u00f3n General de la Direcci\u00f3n Polic\u00eda Rural inaugur\u00f3 el evento, destacando la importancia de la colaboraci\u00f3n entre las fuerzas policiales y el Ministerio P\u00fablico Fiscal.<br \/>\nLos fiscales compartieron experiencias y casos relevantes, resaltando los resultados obtenidos en causas por abigeato y delitos rurales. Tambi\u00e9n destacaron las condenas r\u00e1pidas logradas gracias a la coordinaci\u00f3n institucional.<\/p>\n<p>La jornada permiti\u00f3 a los jefes y efectivos de las unidades rurales intercambiar experiencias, realizar consultas operativas y fortalecer los mecanismos de actuaci\u00f3n conjunta. Esto busca agilizar los procedimientos y optimizar la respuesta policial en el \u00e1mbito rural.<\/p>\n<p>&nbsp;<\/p>\n<p>La convenci\u00f3n refleja el compromiso del Poder Judicial y del Poder Ejecutivo en mejorar el servicio de seguridad rural en beneficio de los ciudadanos correntinos. Se proyecta replicar este evento en otras circunscripciones judiciales y jurisdicciones provinciales.<\/p>\n<p>&nbsp;<\/p>\n<div class=\"container-spot\" data-tipo=\"tipo_todo\" data-pos=\"NEW_P2_cuerpo\">\n<div id=\"pppSlot8\" class=\" lazyloaded\" data-gpt=\"\/22675780113\/nota\/new_p2_cuerpo\" data-size=\"[[728, 90]]\" data-gpt-mobile=\"\/22675780113\/nota\/new_p2_cuerpo\" data-size-mobile=\"[[320, 100],[320, 50],[300, 600],[300, 250],[300, 100],[300, 50]]\" data-expand=\"300\"><\/div>\n<\/div>\n<p>&nbsp;<\/p>\n<div class=\"fixed-container direction-center\"><\/div>\n","protected":false},"excerpt":{"rendered":"<p>Asistieron seis representantes de ministerios p\u00fablicos y jefes de priares de toda la provincia. En la Sociedad Rural de Bella Vista, se realiz\u00f3 la Primera Convenci\u00f3n de Fiscales y Jefes de la Polic\u00eda de Seguridad Rural y Ecol\u00f3gica de la Provincia de Corrientes. El encuentro reuni\u00f3 a seis integrantes del Ministerio P\u00fablico Fiscal y jefes [&hellip;]<\/p>\n","protected":false},"author":2,"featured_media":3294,"comment_status":"open","ping_status":"open","sticky":false,"template":"","format":"standard","meta":{"footnotes":""},"categories":[66],"tags":[],"class_list":{"0":"post-3293","1":"post","2":"type-post","3":"status-publish","4":"format-standard","5":"has-post-thumbnail","7":"category-politica-nacionales"},"_links":{"self":[{"href":"https:\/\/elpueblonoticia.com.ar\/web\/wp-json\/wp\/v2\/posts\/3293","targetHints":{"allow":["GET"]}}],"collection":[{"href":"https:\/\/elpueblonoticia.com.ar\/web\/wp-json\/wp\/v2\/posts"}],"about":[{"href":"https:\/\/elpueblonoticia.com.ar\/web\/wp-json\/wp\/v2\/types\/post"}],"author":[{"embeddable":true,"href":"https:\/\/elpueblonoticia.com.ar\/web\/wp-json\/wp\/v2\/users\/2"}],"replies":[{"embeddable":true,"href":"https:\/\/elpueblonoticia.com.ar\/web\/wp-json\/wp\/v2\/comments?post=3293"}],"version-history":[{"count":0,"href":"https:\/\/elpueblonoticia.com.ar\/web\/wp-json\/wp\/v2\/posts\/3293\/revisions"}],"wp:featuredmedia":[{"embeddable":true,"href":"https:\/\/elpueblonoticia.com.ar\/web\/wp-json\/wp\/v2\/media\/3294"}],"wp:attachment":[{"href":"https:\/\/elpueblonoticia.com.ar\/web\/wp-json\/wp\/v2\/media?parent=3293"}],"wp:term":[{"taxonomy":"category","embeddable":true,"href":"https:\/\/elpueblonoticia.com.ar\/web\/wp-json\/wp\/v2\/categories?post=3293"},{"taxonomy":"post_tag","embeddable":true,"href":"https:\/\/elpueblonoticia.com.ar\/web\/wp-json\/wp\/v2\/tags?post=3293"}],"curies":[{"name":"wp","href":"https:\/\/api.w.org\/{rel}","templated":true}]}}