{"id":3290,"date":"2025-11-06T11:19:26","date_gmt":"2025-11-06T14:19:26","guid":{"rendered":"https:\/\/elpueblonoticia.com.ar\/web\/?p=3290"},"modified":"2025-11-06T11:19:26","modified_gmt":"2025-11-06T14:19:26","slug":"cayo-una-red-de-turismo-sexual-que-operaba-entre-corrientes-y-paso-de-la-patria","status":"publish","type":"post","link":"https:\/\/elpueblonoticia.com.ar\/web\/2025\/11\/06\/cayo-una-red-de-turismo-sexual-que-operaba-entre-corrientes-y-paso-de-la-patria\/","title":{"rendered":"Cay\u00f3 una red de turismo sexual que operaba entre Corrientes y Paso de la Patria"},"content":{"rendered":"<p>La Polic\u00eda Federal Argentina desarticul\u00f3 una organizaci\u00f3n dedicada a la trata de personas con fines de explotaci\u00f3n sexual, que operaba entre la ciudad de Corrientes y la villa tur\u00edstica de Paso de la Patria.<\/p>\n<figure class=\"wp-block-image size-full\"><img loading=\"lazy\" decoding=\"async\" class=\"wp-image-371786 entered lazyloaded\" src=\"https:\/\/www.diarioellibertador.com.ar\/wp-content\/uploads\/2025\/11\/1762430408.jpg\" sizes=\"auto, (max-width: 800px) 100vw, 800px\" srcset=\"https:\/\/www.diarioellibertador.com.ar\/wp-content\/uploads\/2025\/11\/1762430408.jpg 800w, https:\/\/www.diarioellibertador.com.ar\/wp-content\/uploads\/2025\/11\/1762430408-150x86.jpg 150w, https:\/\/www.diarioellibertador.com.ar\/wp-content\/uploads\/2025\/11\/1762430408-450x257.jpg 450w, https:\/\/www.diarioellibertador.com.ar\/wp-content\/uploads\/2025\/11\/1762430408-768x439.jpg 768w\" alt=\"\" width=\"800\" height=\"457\" data-lazy-srcset=\"https:\/\/www.diarioellibertador.com.ar\/wp-content\/uploads\/2025\/11\/1762430408.jpg 800w, https:\/\/www.diarioellibertador.com.ar\/wp-content\/uploads\/2025\/11\/1762430408-150x86.jpg 150w, https:\/\/www.diarioellibertador.com.ar\/wp-content\/uploads\/2025\/11\/1762430408-450x257.jpg 450w, https:\/\/www.diarioellibertador.com.ar\/wp-content\/uploads\/2025\/11\/1762430408-768x439.jpg 768w\" data-lazy-sizes=\"(max-width: 800px) 100vw, 800px\" data-lazy-src=\"https:\/\/www.diarioellibertador.com.ar\/wp-content\/uploads\/2025\/11\/1762430408.jpg\" data-ll-status=\"loaded\" \/><\/figure>\n<p>El operativo principal se realiz\u00f3 en la zona conocida como El Rinc\u00f3n, sobre la avenida Virgen de Itat\u00ed, donde fueron detenidos un hombre y su hijastra mientras trasladaban a una joven v\u00edctima, que fue rescatada y puesta bajo resguardo del Programa Nacional de Acompa\u00f1amiento a Personas Damnificadas por el Delito de Trata.<\/p>\n<p>La investigaci\u00f3n, que se extendi\u00f3 durante varios meses, incluy\u00f3 siete allanamientos en la Capital correntina, en inmediaciones de las avenidas Cazadores Correntinos y Chacabuco, donde las mujeres eran captadas. Seg\u00fan los informes, la red organizaba encuentros con turistas brasile\u00f1os en Paso de la Patria, aprovechando el movimiento de visitantes vinculados a la pesca deportiva.<\/p>\n<figure class=\"wp-block-image size-full\"><img loading=\"lazy\" decoding=\"async\" class=\"wp-image-371787 entered lazyloaded\" src=\"https:\/\/www.diarioellibertador.com.ar\/wp-content\/uploads\/2025\/11\/1762431059.jpg\" sizes=\"auto, (max-width: 800px) 100vw, 800px\" srcset=\"https:\/\/www.diarioellibertador.com.ar\/wp-content\/uploads\/2025\/11\/1762431059.jpg 800w, https:\/\/www.diarioellibertador.com.ar\/wp-content\/uploads\/2025\/11\/1762431059-150x113.jpg 150w, https:\/\/www.diarioellibertador.com.ar\/wp-content\/uploads\/2025\/11\/1762431059-450x340.jpg 450w, https:\/\/www.diarioellibertador.com.ar\/wp-content\/uploads\/2025\/11\/1762431059-768x581.jpg 768w\" alt=\"\" width=\"800\" height=\"605\" data-lazy-srcset=\"https:\/\/www.diarioellibertador.com.ar\/wp-content\/uploads\/2025\/11\/1762431059.jpg 800w, https:\/\/www.diarioellibertador.com.ar\/wp-content\/uploads\/2025\/11\/1762431059-150x113.jpg 150w, https:\/\/www.diarioellibertador.com.ar\/wp-content\/uploads\/2025\/11\/1762431059-450x340.jpg 450w, https:\/\/www.diarioellibertador.com.ar\/wp-content\/uploads\/2025\/11\/1762431059-768x581.jpg 768w\" data-lazy-sizes=\"(max-width: 800px) 100vw, 800px\" data-lazy-src=\"https:\/\/www.diarioellibertador.com.ar\/wp-content\/uploads\/2025\/11\/1762431059.jpg\" data-ll-status=\"loaded\" \/><\/figure>\n<p>Durante los procedimientos se secuestraron veh\u00edculos, tel\u00e9fonos y documentaci\u00f3n. Adem\u00e1s, se confirm\u00f3 que una de las personas involucradas pertenece al Servicio Penitenciario Provincial, y hay otras funcionarias bajo investigaci\u00f3n. La causa sigue abierta y no se descartan nuevas detenciones.<\/p>\n","protected":false},"excerpt":{"rendered":"<p>La Polic\u00eda Federal Argentina desarticul\u00f3 una organizaci\u00f3n dedicada a la trata de personas con fines de explotaci\u00f3n sexual, que operaba entre la ciudad de Corrientes y la villa tur\u00edstica de Paso de la Patria. El operativo principal se realiz\u00f3 en la zona conocida como El Rinc\u00f3n, sobre la avenida Virgen de Itat\u00ed, donde fueron detenidos [&hellip;]<\/p>\n","protected":false},"author":2,"featured_media":3291,"comment_status":"open","ping_status":"open","sticky":false,"template":"","format":"standard","meta":{"footnotes":""},"categories":[68],"tags":[],"class_list":{"0":"post-3290","1":"post","2":"type-post","3":"status-publish","4":"format-standard","5":"has-post-thumbnail","7":"category-policiales-nacionales"},"_links":{"self":[{"href":"https:\/\/elpueblonoticia.com.ar\/web\/wp-json\/wp\/v2\/posts\/3290","targetHints":{"allow":["GET"]}}],"collection":[{"href":"https:\/\/elpueblonoticia.com.ar\/web\/wp-json\/wp\/v2\/posts"}],"about":[{"href":"https:\/\/elpueblonoticia.com.ar\/web\/wp-json\/wp\/v2\/types\/post"}],"author":[{"embeddable":true,"href":"https:\/\/elpueblonoticia.com.ar\/web\/wp-json\/wp\/v2\/users\/2"}],"replies":[{"embeddable":true,"href":"https:\/\/elpueblonoticia.com.ar\/web\/wp-json\/wp\/v2\/comments?post=3290"}],"version-history":[{"count":0,"href":"https:\/\/elpueblonoticia.com.ar\/web\/wp-json\/wp\/v2\/posts\/3290\/revisions"}],"wp:featuredmedia":[{"embeddable":true,"href":"https:\/\/elpueblonoticia.com.ar\/web\/wp-json\/wp\/v2\/media\/3291"}],"wp:attachment":[{"href":"https:\/\/elpueblonoticia.com.ar\/web\/wp-json\/wp\/v2\/media?parent=3290"}],"wp:term":[{"taxonomy":"category","embeddable":true,"href":"https:\/\/elpueblonoticia.com.ar\/web\/wp-json\/wp\/v2\/categories?post=3290"},{"taxonomy":"post_tag","embeddable":true,"href":"https:\/\/elpueblonoticia.com.ar\/web\/wp-json\/wp\/v2\/tags?post=3290"}],"curies":[{"name":"wp","href":"https:\/\/api.w.org\/{rel}","templated":true}]}}