{"id":3287,"date":"2025-11-06T10:59:33","date_gmt":"2025-11-06T13:59:33","guid":{"rendered":"https:\/\/elpueblonoticia.com.ar\/web\/?p=3287"},"modified":"2025-11-06T10:59:33","modified_gmt":"2025-11-06T13:59:33","slug":"golpe-a-los-bolsillos-la-dpec-aplicara-nueva-suba-de-tarifas-entre-el-10-y-15","status":"publish","type":"post","link":"https:\/\/elpueblonoticia.com.ar\/web\/2025\/11\/06\/golpe-a-los-bolsillos-la-dpec-aplicara-nueva-suba-de-tarifas-entre-el-10-y-15\/","title":{"rendered":"GOLPE A LOS BOLSILLOS: La Dpec aplicar\u00e1 nueva suba de tarifas entre el 10 y 15%"},"content":{"rendered":"<p>El presidente del Ente Regulador de Energ\u00eda de Corrientes, Pablo Cuenca, confirm\u00f3 que la tarifa el\u00e9ctrica tendr\u00e1 un nuevo incremento a partir de noviembre, tras la publicaci\u00f3n de las resoluciones de la Secretar\u00eda de Energ\u00eda de la Naci\u00f3n correspondientes a la programaci\u00f3n del per\u00edodo verano.<\/p>\n<div>Se trata de la confirmaci\u00f3n de la Resoluci\u00f3n 1263 publicada el 31 de octubre pasado en el Bolet\u00edn Oficial.<\/div>\n<div>Cuenca explic\u00f3 que el sistema el\u00e9ctrico se organiza con dos programaciones anuales -verano e inviernodonde se definen los costos de la energ\u00eda mayorista, los cuales luego se ajustan trimestralmente seg\u00fan el comportamiento del mercado. A esto se suma el retiro gradual de subsidios nacionales y las condiciones de generaci\u00f3n. &#8220;Los tres componentes juntos hacen que el aumento se exprese de manera distinta seg\u00fan el tipo de usuario&#8221;, indic\u00f3. En promedio, para los grandes consumidores como comercios e industrias el incremento rondar\u00e1 entre el 3,5% y el 4%. En tanto, para los usuarios residenciales -especialmente para los categorizados como Nivel 2, es decir, aquellos con mayor subsidio estatal- el aumento se ubicar\u00e1 entre el 10% y el 12%, pudiendo llegar al 15% en casos que se superen los l\u00edmites de consumo subsidiado.<\/div>\n<div><\/div>\n<div>El titular del organismo record\u00f3 que la factura de luz se compone del costo mayorista, el costo de distribuci\u00f3n y los impuestos. En ese sentido, se\u00f1al\u00f3 que Corrientes es una de las pocas provincias que no agrega tributos provinciales ni tasas municipales sobre el servicio: &#8220;La \u00fanica carga impositiva es el IVA, que es nacional&#8221;. Sobre el registro para mantener subsidios, Cuenca indic\u00f3 que en Corrientes aproximadamente 180.000 usuarios a\u00fan cuentan con ese beneficio, aunque el gobierno nacional contin\u00faa avanzando en su retiro progresivo. S<\/div>\n","protected":false},"excerpt":{"rendered":"<p>El presidente del Ente Regulador de Energ\u00eda de Corrientes, Pablo Cuenca, confirm\u00f3 que la tarifa el\u00e9ctrica tendr\u00e1 un nuevo incremento a partir de noviembre, tras la publicaci\u00f3n de las resoluciones de la Secretar\u00eda de Energ\u00eda de la Naci\u00f3n correspondientes a la programaci\u00f3n del per\u00edodo verano. Se trata de la confirmaci\u00f3n de la Resoluci\u00f3n 1263 publicada [&hellip;]<\/p>\n","protected":false},"author":2,"featured_media":3288,"comment_status":"open","ping_status":"open","sticky":false,"template":"","format":"standard","meta":{"footnotes":""},"categories":[65],"tags":[],"class_list":{"0":"post-3287","1":"post","2":"type-post","3":"status-publish","4":"format-standard","5":"has-post-thumbnail","7":"category-economia"},"_links":{"self":[{"href":"https:\/\/elpueblonoticia.com.ar\/web\/wp-json\/wp\/v2\/posts\/3287","targetHints":{"allow":["GET"]}}],"collection":[{"href":"https:\/\/elpueblonoticia.com.ar\/web\/wp-json\/wp\/v2\/posts"}],"about":[{"href":"https:\/\/elpueblonoticia.com.ar\/web\/wp-json\/wp\/v2\/types\/post"}],"author":[{"embeddable":true,"href":"https:\/\/elpueblonoticia.com.ar\/web\/wp-json\/wp\/v2\/users\/2"}],"replies":[{"embeddable":true,"href":"https:\/\/elpueblonoticia.com.ar\/web\/wp-json\/wp\/v2\/comments?post=3287"}],"version-history":[{"count":0,"href":"https:\/\/elpueblonoticia.com.ar\/web\/wp-json\/wp\/v2\/posts\/3287\/revisions"}],"wp:featuredmedia":[{"embeddable":true,"href":"https:\/\/elpueblonoticia.com.ar\/web\/wp-json\/wp\/v2\/media\/3288"}],"wp:attachment":[{"href":"https:\/\/elpueblonoticia.com.ar\/web\/wp-json\/wp\/v2\/media?parent=3287"}],"wp:term":[{"taxonomy":"category","embeddable":true,"href":"https:\/\/elpueblonoticia.com.ar\/web\/wp-json\/wp\/v2\/categories?post=3287"},{"taxonomy":"post_tag","embeddable":true,"href":"https:\/\/elpueblonoticia.com.ar\/web\/wp-json\/wp\/v2\/tags?post=3287"}],"curies":[{"name":"wp","href":"https:\/\/api.w.org\/{rel}","templated":true}]}}