{"id":3283,"date":"2025-11-06T10:52:39","date_gmt":"2025-11-06T13:52:39","guid":{"rendered":"https:\/\/elpueblonoticia.com.ar\/web\/?p=3283"},"modified":"2025-11-06T10:52:39","modified_gmt":"2025-11-06T13:52:39","slug":"a-dias-del-superclasico-marcelo-gallardo-renovo-su-contrato-con-river-seguira-hasta-diciembre-de-2026","status":"publish","type":"post","link":"https:\/\/elpueblonoticia.com.ar\/web\/2025\/11\/06\/a-dias-del-superclasico-marcelo-gallardo-renovo-su-contrato-con-river-seguira-hasta-diciembre-de-2026\/","title":{"rendered":"A d\u00edas del Supercl\u00e1sico, Marcelo Gallardo renov\u00f3 su contrato con River: seguir\u00e1 hasta diciembre de 2026"},"content":{"rendered":"<p><img loading=\"lazy\" decoding=\"async\" class=\"alignnone size-medium wp-image-3284\" src=\"https:\/\/elpueblonoticia.com.ar\/web\/wp-content\/uploads\/2025\/11\/gallardo-1-300x169.webp\" alt=\"\" width=\"300\" height=\"169\" srcset=\"https:\/\/elpueblonoticia.com.ar\/web\/wp-content\/uploads\/2025\/11\/gallardo-1-300x169.webp 300w, https:\/\/elpueblonoticia.com.ar\/web\/wp-content\/uploads\/2025\/11\/gallardo-1.webp 610w\" sizes=\"auto, (max-width: 300px) 100vw, 300px\" \/><\/p>\n<p><strong>El hist\u00f3rico entrenador acord\u00f3 su continuidad en el Millonario hasta diciembre de 2026. La dirigencia impuso nuevas condiciones salariales y de productividad.<\/strong><\/p>\n<section class=\"detail-body first-paragraph\">\n<section class=\"body-content note-body content-protected-false\" data-twitter-link=\"&lt;a href=\">\n<p data-start=\"337\" data-end=\"716\">En medio de las dudas sobre su futuro,\u00a0<strong>Marcelo Gallardo<\/strong>\u00a0sorprendi\u00f3 a todos anunciando que continuar\u00e1 al frente de\u00a0<strong>River<\/strong>. De hecho, la noticia se supo incluso antes de que realizara una conferencia de prensa junto al flamante presidente\u00a0<strong>Stefano Di Carlo<\/strong>, con quien acord\u00f3 con el entrenador la renovaci\u00f3n del contrato hasta diciembre de 2026.<\/p>\n<\/section>\n<\/section>\n<section class=\"detail-body second-paragraph\">\n<section class=\"body-content note-body content-protected-false\">\n<p data-start=\"337\" data-end=\"716\">La decisi\u00f3n llega en un contexto deportivo complejo, pero con el respaldo total de la dirigencia y nuevas condiciones econ\u00f3micas para el plantel de cara al futuro cercano d\u00f3nde se deber\u00e1n cambiar muchas cosas para encontrar un nuevo rumbo.<\/p>\n<section class=\"detail-body\">\n<section class=\"body-content note-body content-protected-false\">\n<p data-start=\"1496\" data-end=\"1771\">A pesar de los resultados irregulares del equipo, la dirigencia decidi\u00f3 renovar la confianza en\u00a0<strong>Gallardo<\/strong>. Seg\u00fan trascendi\u00f3, la continuidad no depende del desempe\u00f1o deportivo de lo que resta de 2025, por lo que el entrenador seguir\u00e1 en el cargo al menos hasta fines de 2026. La medida refleja la intenci\u00f3n de sostener un proyecto a largo plazo, incluso en medio de la presi\u00f3n por los resultados. Di Carlo considera a Gallardo una figura clave en la reconstrucci\u00f3n del club, tanto en el plano futbol\u00edstico como institucional.<\/p>\n<\/section>\n<\/section>\n<section class=\"detail-body\">\n<section class=\"body-content note-body content-protected-false\">\n<h2 data-start=\"1496\" data-end=\"1771\"><strong>Las nuevas condiciones que tendr\u00e1 el contrato de Marcelo Gallardo en River<\/strong><\/h2>\n<p data-start=\"2069\" data-end=\"2333\">En el nuevo acuerdo se incorporaron cl\u00e1usulas vinculadas a la pol\u00edtica econ\u00f3mica de la gesti\u00f3n Di Carlo.\u00a0<strong>River\u00a0<\/strong>impondr\u00e1 un tope en la masa salarial del plantel y establecer\u00e1 contratos sujetos a productividad, tanto para el cuerpo t\u00e9cnico como para los jugadores. Con esta decisi\u00f3n, la dirigencia busca ordenar las finanzas del club y evitar los gastos excesivos que marcaron los \u00faltimos a\u00f1os. Gallardo acept\u00f3 las condiciones, demostrando su compromiso con el nuevo rumbo que pretende la instituci\u00f3n.<\/p>\n<\/section>\n<\/section>\n<section class=\"detail-body\">\n<section class=\"body-content note-body content-protected-false\">\n<p data-start=\"2620\" data-end=\"2897\">El contrato del entrenador con River se extender\u00e1 hasta el 31 de diciembre de 2026. Llegado el momento, tal como ocurri\u00f3 en anteriores renovaciones, el propio DT y la dirigencia evaluar\u00e1n su continuidad en base al proyecto deportivo y a los objetivos alcanzados. De esta forma, el \u201cMu\u00f1eco\u201d iniciar\u00e1 una nueva etapa al frente del equipo, respaldado por la confianza dirigencial y la esperanza de recuperar el nivel competitivo que lo llev\u00f3 a convertirse en uno de los t\u00e9cnicos m\u00e1s exitosos de la historia del club.<\/p>\n<\/section>\n<\/section>\n<div><\/div>\n<\/section>\n<\/section>\n","protected":false},"excerpt":{"rendered":"<p>El hist\u00f3rico entrenador acord\u00f3 su continuidad en el Millonario hasta diciembre de 2026. La dirigencia impuso nuevas condiciones salariales y de productividad. En medio de las dudas sobre su futuro,\u00a0Marcelo Gallardo\u00a0sorprendi\u00f3 a todos anunciando que continuar\u00e1 al frente de\u00a0River. De hecho, la noticia se supo incluso antes de que realizara una conferencia de prensa junto [&hellip;]<\/p>\n","protected":false},"author":2,"featured_media":3285,"comment_status":"open","ping_status":"open","sticky":false,"template":"","format":"standard","meta":{"footnotes":""},"categories":[76],"tags":[],"class_list":{"0":"post-3283","1":"post","2":"type-post","3":"status-publish","4":"format-standard","5":"has-post-thumbnail","7":"category-deportes"},"_links":{"self":[{"href":"https:\/\/elpueblonoticia.com.ar\/web\/wp-json\/wp\/v2\/posts\/3283","targetHints":{"allow":["GET"]}}],"collection":[{"href":"https:\/\/elpueblonoticia.com.ar\/web\/wp-json\/wp\/v2\/posts"}],"about":[{"href":"https:\/\/elpueblonoticia.com.ar\/web\/wp-json\/wp\/v2\/types\/post"}],"author":[{"embeddable":true,"href":"https:\/\/elpueblonoticia.com.ar\/web\/wp-json\/wp\/v2\/users\/2"}],"replies":[{"embeddable":true,"href":"https:\/\/elpueblonoticia.com.ar\/web\/wp-json\/wp\/v2\/comments?post=3283"}],"version-history":[{"count":0,"href":"https:\/\/elpueblonoticia.com.ar\/web\/wp-json\/wp\/v2\/posts\/3283\/revisions"}],"wp:featuredmedia":[{"embeddable":true,"href":"https:\/\/elpueblonoticia.com.ar\/web\/wp-json\/wp\/v2\/media\/3285"}],"wp:attachment":[{"href":"https:\/\/elpueblonoticia.com.ar\/web\/wp-json\/wp\/v2\/media?parent=3283"}],"wp:term":[{"taxonomy":"category","embeddable":true,"href":"https:\/\/elpueblonoticia.com.ar\/web\/wp-json\/wp\/v2\/categories?post=3283"},{"taxonomy":"post_tag","embeddable":true,"href":"https:\/\/elpueblonoticia.com.ar\/web\/wp-json\/wp\/v2\/tags?post=3283"}],"curies":[{"name":"wp","href":"https:\/\/api.w.org\/{rel}","templated":true}]}}