{"id":3277,"date":"2025-11-06T10:32:31","date_gmt":"2025-11-06T13:32:31","guid":{"rendered":"https:\/\/elpueblonoticia.com.ar\/web\/?p=3277"},"modified":"2025-11-06T10:32:31","modified_gmt":"2025-11-06T13:32:31","slug":"comision-de-economia-y-finanzas-del-hcd-goya-dio-despacho-favorable-a-los-proyectos-de-presupuesto-y-tarifaria-2026","status":"publish","type":"post","link":"https:\/\/elpueblonoticia.com.ar\/web\/2025\/11\/06\/comision-de-economia-y-finanzas-del-hcd-goya-dio-despacho-favorable-a-los-proyectos-de-presupuesto-y-tarifaria-2026\/","title":{"rendered":"COMISI\u00d3N DE ECONOM\u00cdA Y FINANZAS DEL HCD GOYA DIO DESPACHO FAVORABLE A LOS PROYECTOS DE PRESUPUESTO Y TARIFARIA 2026"},"content":{"rendered":"<p><strong>Fue en el marco de una reuni\u00f3n ampliada de la Comisi\u00f3n realizada este mi\u00e9rcoles en el Sal\u00f3n de Sesiones del Concejo Deliberante. La Subsecretaria de Econom\u00eda, Contabilidad y Presupuesto, Ludmila Vargas Viola y la Subsecretaria de Ingresos P\u00fablicos, Gabriela L\u00f3pez, explicaron los criterios utilizados para la elaboraci\u00f3n de ambas iniciativas tras lo cual los concejales presentes plantearon inquietudes e interrogantes que fueron evacuados por ambas funcionarias.\u00a0<\/strong><\/p>\n<p>Este mi\u00e9rcoles en el Sal\u00f3n de Sesiones del HCD de Goya, la Comisi\u00f3n de Econom\u00eda y Finanzas dio Despacho Aprobando a los Expedientes N\u00b0 3.453 y 3.454, que contienen la elevaci\u00f3n del Presupuesto Municipal 2026 y la ordenanza Tarifaria 2026, que fueran remitidos al Cuerpo Legislativo por el Ejecutivo Municipal.<\/p>\n<p>De la reuni\u00f3n ampliada de la Comisi\u00f3n de Econom\u00eda y Finanzas del HCD, tomaron parte los concejales Sebasti\u00e1n Mazzaro, Vivian Merlo, Marcelo Frattini, Gabriela Refojos, M\u00f3nica Cortinovis, Leandro Montti, Jorge Zorzoli, Oscar Ferrero, Jos\u00e9 Novello, Cecilia Gortari, Antonio Mazzaro, Jorge Zorzoli y Nicolas Correa Curak.<\/p>\n<p>En representaci\u00f3n del equipo de la Secretar\u00eda de Hacienda y Econom\u00eda, en tanto, concurrieron la Subsecretaria de Econom\u00eda, Contabilidad y Presupuesto, Ludmila Vargas Viola; y la Subsecretaria de Ingresos P\u00fablicos, Gabriela L\u00f3pez.<\/p>\n<p>En el inicio de la reuni\u00f3n ampliada, el concejal Sebasti\u00e1n Mazzaro, en su condici\u00f3n de presidente de la Comisi\u00f3n de Econom\u00eda y Finanzas dio la bienvenida a las dos funcionarias al tiempo que comunic\u00f3 a sus pares que ya hab\u00eda ingresado al HCD el informe del Tribunal de Cuentas Municipal sobre el Presupuesto 2026. Indicando que el citado organismo hace el control de legalidad para que, lo presentado, cumpla con lo establecido por la carta Org\u00e1nica Municipal.<\/p>\n<p>PRESUPUESTO 2026<\/p>\n<p>Fue la Subsecretaria Vargas Viola quien explic\u00f3 en primer t\u00e9rmino los criterios que utiliz\u00f3 la Secretar\u00eda de Hacienda y Finanzas para la elaboraci\u00f3n del mismo. Dijo que fue confeccionado durante el mes de Octubre en el marco de un contexto de \u201cbastante incertidumbre\u201d por lo que pasaba con la macroeconom\u00eda del pa\u00eds (el Tesoro de los Estados Unidos debi\u00f3 asistir a Argentina con un swap de 20.000 millones de d\u00f3lares). Por ello se hizo el presupuesto 2026 con una \u201cmirada conservadora\u201d, es equilibrado y asciende a $ 42.718 millones, un 34%\u00a0 mayor en ingresos que el de este a\u00f1o, inform\u00f3.<\/p>\n<p>Dijo tambi\u00e9n que el proyecto presentado al Concejo para su consideraci\u00f3n tiene\u00a0 \u201creacomodamientos en partidas\u201d de algunas \u00e1reas para darle mayor din\u00e1mica a la gesti\u00f3n de distintas secretarias.<\/p>\n<p>Con el Presupuesto se present\u00f3 un \u201cPlan de obras y una planilla de inversi\u00f3n\u201d, pero aclar\u00f3 que eso \u201cest\u00e1 sujeto a la disponibilidad de recursos\u201d. Vargas Viola anunci\u00f3 de todas maneras que va a haber una reducci\u00f3n por la baja de alquiler de m\u00e1quinas y equipos para obras.<\/p>\n<p>Consider\u00f3 que la inflaci\u00f3n de este a\u00f1o finalizar\u00e1 arriba del 40 % muy superior a la pauta que se fij\u00f3 el propio gobierno nacional. \u201cTratamos que este ajuste, no se de en \u00e1reas sensibles para la poblaci\u00f3n. Estamos incrementado las prestaciones de salud y acci\u00f3n social\u201d, afirm\u00f3.<\/p>\n<p>CAIDA DE LA COPARTICIPACI\u00d3N<\/p>\n<p>Lo que no est\u00e1 claro es el panorama macro econ\u00f3mico nacional, sostuvo la funcionaria y subrayo que este a\u00f1o los recursos coparticipables han ca\u00eddo en forma significativa. \u201cCay\u00f3 un 35 % en t\u00e9rminos reales respecto del 2024 (debido a la baja de la actividad econ\u00f3mica por la ca\u00edda del consumo interno de bienes y servicios). \u201cEso implica alrededor de $ 300 millones \u00a0 mensuales menos para la Municipalidad de Goya\u201d, remarc\u00f3 Vargas Viola.<\/p>\n<p>Hizo notar que la coparticipaci\u00f3n nacional, que representa alrededor del 60 % del total de los ingresos del Municipio, \u201cantes cubr\u00eda los costos corrientes y este a\u00f1o ya no ocurri\u00f3 eso\u201d.<\/p>\n<p>Finalmente, y en materia salarial, la Subsecretaria de Econom\u00eda, Contabilidad y Presupuesto, precis\u00f3 que el incremento para el a\u00f1o pr\u00f3ximo estar\u00e1 entre un 25 y un 34 %, \u201cVa a haber una valoraci\u00f3n positiva de los trabajadores de menores ingresos\u201d, expres\u00f3 la licenciada Vargas Viola.<\/p>\n<p>El proyecto de ordenanza al que se le dio despacho aprobando establece:<\/p>\n<p>ARTICULO 1\u00ba: FIJASE en la suma de PESOS CUARENTA Y DOS MIL SETECIENTOS DIECIOCHO MILLONES NOVECIENTOS TRECE MIL QUINIENTOS OCHENTA Y CUATRO CON CUARENTA Y NUEVE CENTAVOS ($ 42.718.913.584,49), los Gastos Corrientes, de Capital, y Servicios de la Deuda del Presupuesto de la Municipalidad de Goya para el ejercicio 2026 con destino a las finalidades de las distintas Secretar\u00edas y\/o \u00e1reas de gasto.<\/p>\n<p>GASTOS CORRIENTES \u00a0 \u00a0 \u00a0 \u00a0 \u00a0 \u00a0 \u00a0 \u00a0 \u00a0 \u00a0 \u00a0 $ 36.771.597.919,58<\/p>\n<p>GASTOS DE CAPITAL \u00a0 \u00a0 \u00a0 \u00a0 \u00a0 \u00a0 \u00a0 \u00a0 \u00a0 \u00a0 \u00a0 \u00a0 $ \u00a0 5.875.315.664,91<\/p>\n<p>SERVICIOS DE LA DEUDA \u00a0 \u00a0 \u00a0 \u00a0 \u00a0 \u00a0 \u00a0 \u00a0 $ \u00a0 \u00a0 \u00a0 \u00a0 \u00a0 2.000.000,00<\/p>\n<p>CAJA MUNICIPAL DE PR\u00c9STAMO \u00a0 $ \u00a0 \u00a0 \u00a0 \u00a0 70.000.000,00<\/p>\n<p>TOTAL \u00a0 \u00a0 \u00a0 \u00a0 \u00a0 \u00a0 \u00a0 \u00a0 \u00a0 \u00a0 \u00a0 \u00a0 \u00a0 \u00a0 \u00a0 \u00a0 \u00a0 \u00a0 \u00a0 \u00a0 \u00a0 \u00a0 \u00a0 \u00a0 $ \u00a0 42.718.913.584,49<\/p>\n<p>ARTICULO 2\u00b0: ESTIMASE en la suma de PESOS CUARENTA Y DOS MIL SETECIENTOS DIECIOCHO MILLONES NOVECIENTOS TRECE MIL QUINIENTOS OCHENTA Y CUATRO CON CUARENTA Y NUEVE CENTAVOS ($ 42.718.913.584,49), el c\u00e1lculo de RECURSOS CORRIENTES, DE CAPITAL Y FUENTES FINANCIERAS de LA MUNICIPALIDAD DE GOYA de acuerdo con el resumen que se indica a continuaci\u00f3n:<\/p>\n<p>RECURSOS CORRIENTES \u00a0 \u00a0 \u00a0 \u00a0 \u00a0 \u00a0 \u00a0 \u00a0 $ 40.660.701.681,64<\/p>\n<p>RECURSOS DE CAPITAL \u00a0 \u00a0 \u00a0 \u00a0 \u00a0 \u00a0 \u00a0 \u00a0 \u00a0 $\u00a0 \u00a0 2.043.211.902,85<\/p>\n<p>FUENTES FINANCIERAS\u00a0 \u00a0 \u00a0 \u00a0 \u00a0 \u00a0 \u00a0 \u00a0 \u00a0 $\u00a0 \u00a0 \u00a0 \u00a0 \u00a0 15.000.000,00<\/p>\n<p>TOTAL \u00a0 \u00a0 \u00a0 \u00a0 \u00a0 \u00a0 \u00a0 \u00a0 \u00a0 \u00a0 \u00a0 \u00a0 \u00a0 \u00a0 \u00a0 \u00a0 \u00a0 \u00a0 \u00a0 \u00a0 \u00a0 \u00a0 \u00a0 $ \u00a0 42.718.913.584,49<\/p>\n<p>&nbsp;<\/p>\n<p>ORDENANZA TARIFARIA<\/p>\n<p>Seguidamente, fue el turno del Proyecto de Ordenanza Tarifaria, que fue explicado por la Subsecretaria de Ingresos P\u00fablicos, Gabriela L\u00f3pez.<\/p>\n<p>La funcionaria sostuvo que la actualizaci\u00f3n de la Tasa de Retribuci\u00f3n de Servicios y del Impuesto Inmobiliario ser\u00e1 del 50 % en 2026. Y todas las dem\u00e1s tasas se incrementar\u00e1n en un \u201ctreinta y pico\u201d por ciento.<\/p>\n<p>En ese sentido que el valor de la hora del Estacionamiento Medido pasar\u00e1 de $ 300 a $ 400. Y que el costo de Derecho de Cementerio (el costo de los nichos) ser\u00e1 de $ 18.000 anual.<\/p>\n<p>Al t\u00e9rmino de las exposiciones, los ediles formularon preguntas y evacuaron dudas con las funcionarias.-<\/p>\n","protected":false},"excerpt":{"rendered":"<p>Fue en el marco de una reuni\u00f3n ampliada de la Comisi\u00f3n realizada este mi\u00e9rcoles en el Sal\u00f3n de Sesiones del Concejo Deliberante. La Subsecretaria de Econom\u00eda, Contabilidad y Presupuesto, Ludmila Vargas Viola y la Subsecretaria de Ingresos P\u00fablicos, Gabriela L\u00f3pez, explicaron los criterios utilizados para la elaboraci\u00f3n de ambas iniciativas tras lo cual los concejales [&hellip;]<\/p>\n","protected":false},"author":2,"featured_media":3278,"comment_status":"open","ping_status":"open","sticky":false,"template":"","format":"standard","meta":{"footnotes":""},"categories":[78],"tags":[],"class_list":{"0":"post-3277","1":"post","2":"type-post","3":"status-publish","4":"format-standard","5":"has-post-thumbnail","7":"category-generales"},"_links":{"self":[{"href":"https:\/\/elpueblonoticia.com.ar\/web\/wp-json\/wp\/v2\/posts\/3277","targetHints":{"allow":["GET"]}}],"collection":[{"href":"https:\/\/elpueblonoticia.com.ar\/web\/wp-json\/wp\/v2\/posts"}],"about":[{"href":"https:\/\/elpueblonoticia.com.ar\/web\/wp-json\/wp\/v2\/types\/post"}],"author":[{"embeddable":true,"href":"https:\/\/elpueblonoticia.com.ar\/web\/wp-json\/wp\/v2\/users\/2"}],"replies":[{"embeddable":true,"href":"https:\/\/elpueblonoticia.com.ar\/web\/wp-json\/wp\/v2\/comments?post=3277"}],"version-history":[{"count":0,"href":"https:\/\/elpueblonoticia.com.ar\/web\/wp-json\/wp\/v2\/posts\/3277\/revisions"}],"wp:featuredmedia":[{"embeddable":true,"href":"https:\/\/elpueblonoticia.com.ar\/web\/wp-json\/wp\/v2\/media\/3278"}],"wp:attachment":[{"href":"https:\/\/elpueblonoticia.com.ar\/web\/wp-json\/wp\/v2\/media?parent=3277"}],"wp:term":[{"taxonomy":"category","embeddable":true,"href":"https:\/\/elpueblonoticia.com.ar\/web\/wp-json\/wp\/v2\/categories?post=3277"},{"taxonomy":"post_tag","embeddable":true,"href":"https:\/\/elpueblonoticia.com.ar\/web\/wp-json\/wp\/v2\/tags?post=3277"}],"curies":[{"name":"wp","href":"https:\/\/api.w.org\/{rel}","templated":true}]}}