{"id":3274,"date":"2025-11-06T10:20:21","date_gmt":"2025-11-06T13:20:21","guid":{"rendered":"https:\/\/elpueblonoticia.com.ar\/web\/?p=3274"},"modified":"2025-11-06T10:20:21","modified_gmt":"2025-11-06T13:20:21","slug":"la-fbpc-anuncia-la-creacion-del-departamento-de-genero-y-discriminacion","status":"publish","type":"post","link":"https:\/\/elpueblonoticia.com.ar\/web\/2025\/11\/06\/la-fbpc-anuncia-la-creacion-del-departamento-de-genero-y-discriminacion\/","title":{"rendered":"La FBPC anuncia la creaci\u00f3n del Departamento de G\u00e9nero y Discriminaci\u00f3n"},"content":{"rendered":"<p>Adem\u00e1s, se nombr\u00f3 al Dr. Carlos Almeida como responsable del \u00e1rea legal y de lucha contra la discriminaci\u00f3n. La Federaci\u00f3n de B\u00e1squet de la Provincia de Corrientes anunci\u00f3 a trav\u00e9s de una resoluci\u00f3n la creaci\u00f3n del departamento de G\u00e9nero y Discriminaci\u00f3n.<\/p>\n<div>En este sentido, se confirm\u00f3 al Dr. Carlos Almeida como responsable del \u00e1rea legal y de lucha contra la discriminaci\u00f3n. Uno de los primeros movimientos del mencionado departamento fue la presentaci\u00f3n del modelo de trabajo a desarrollar c\u00f3mo as\u00ed tambi\u00e9n un protocolo de g\u00e9nero y no discriminaci\u00f3n con los pasos a seguir ante cualquier hecho que amerite su aplicaci\u00f3n.<\/div>\n<div><\/div>\n<div>En el \u00e1mbito de la FBPC se conformar\u00e1 un \u00e1rea de seguimiento de Violencia de G\u00e9nero, Diversidad, No discriminaci\u00f3n y Protecci\u00f3n integral del ni\u00f1o, ni\u00f1a y adolescente encargado de recibir las presentaciones o denuncias a efectos de generar un \u00e1mbito de contenci\u00f3n y confianza a la persona denunciante.<\/div>\n<div><\/div>\n<div>En dicho marco, se confeccionar\u00e1n estad\u00edsticas de los casos presentados a fin de tener un detalle de los casos para adoptar medidas de prevenci\u00f3n, educaci\u00f3n y sanci\u00f3n en caso de corresponder.<\/div>\n","protected":false},"excerpt":{"rendered":"<p>Adem\u00e1s, se nombr\u00f3 al Dr. Carlos Almeida como responsable del \u00e1rea legal y de lucha contra la discriminaci\u00f3n. La Federaci\u00f3n de B\u00e1squet de la Provincia de Corrientes anunci\u00f3 a trav\u00e9s de una resoluci\u00f3n la creaci\u00f3n del departamento de G\u00e9nero y Discriminaci\u00f3n. En este sentido, se confirm\u00f3 al Dr. Carlos Almeida como responsable del \u00e1rea legal [&hellip;]<\/p>\n","protected":false},"author":2,"featured_media":3275,"comment_status":"open","ping_status":"open","sticky":false,"template":"","format":"standard","meta":{"footnotes":""},"categories":[76],"tags":[],"class_list":{"0":"post-3274","1":"post","2":"type-post","3":"status-publish","4":"format-standard","5":"has-post-thumbnail","7":"category-deportes"},"_links":{"self":[{"href":"https:\/\/elpueblonoticia.com.ar\/web\/wp-json\/wp\/v2\/posts\/3274","targetHints":{"allow":["GET"]}}],"collection":[{"href":"https:\/\/elpueblonoticia.com.ar\/web\/wp-json\/wp\/v2\/posts"}],"about":[{"href":"https:\/\/elpueblonoticia.com.ar\/web\/wp-json\/wp\/v2\/types\/post"}],"author":[{"embeddable":true,"href":"https:\/\/elpueblonoticia.com.ar\/web\/wp-json\/wp\/v2\/users\/2"}],"replies":[{"embeddable":true,"href":"https:\/\/elpueblonoticia.com.ar\/web\/wp-json\/wp\/v2\/comments?post=3274"}],"version-history":[{"count":0,"href":"https:\/\/elpueblonoticia.com.ar\/web\/wp-json\/wp\/v2\/posts\/3274\/revisions"}],"wp:featuredmedia":[{"embeddable":true,"href":"https:\/\/elpueblonoticia.com.ar\/web\/wp-json\/wp\/v2\/media\/3275"}],"wp:attachment":[{"href":"https:\/\/elpueblonoticia.com.ar\/web\/wp-json\/wp\/v2\/media?parent=3274"}],"wp:term":[{"taxonomy":"category","embeddable":true,"href":"https:\/\/elpueblonoticia.com.ar\/web\/wp-json\/wp\/v2\/categories?post=3274"},{"taxonomy":"post_tag","embeddable":true,"href":"https:\/\/elpueblonoticia.com.ar\/web\/wp-json\/wp\/v2\/tags?post=3274"}],"curies":[{"name":"wp","href":"https:\/\/api.w.org\/{rel}","templated":true}]}}