{"id":3271,"date":"2025-11-06T10:15:45","date_gmt":"2025-11-06T13:15:45","guid":{"rendered":"https:\/\/elpueblonoticia.com.ar\/web\/?p=3271"},"modified":"2025-11-06T10:15:45","modified_gmt":"2025-11-06T13:15:45","slug":"policia-detuvo-a-un-sujeto-que-ingreso-a-un-domicilio","status":"publish","type":"post","link":"https:\/\/elpueblonoticia.com.ar\/web\/2025\/11\/06\/policia-detuvo-a-un-sujeto-que-ingreso-a-un-domicilio\/","title":{"rendered":"POLIC\u00cdA DETUVO A UN SUJETO QUE INGRES\u00d3 A UN DOMICILIO"},"content":{"rendered":"<p class=\"x_MsoNormal\" data-olk-copy-source=\"MessageBody\">Efectivos de Investigaciones de la Comisar\u00eda 1ra de Goya, detuvieron en la tarde del mi\u00e9rcoles a un sujeto de apellido OVIEDO, que hab\u00eda ingresado al patio de una casa y sustra\u00eddo muebles de jard\u00edn.<\/p>\n<p class=\"x_MsoNormal\">El hecho ocurri\u00f3 en la ma\u00f1ana del mismo mi\u00e9rcoles, cuando un hombre sali\u00f3 a trabajar y al regresar al medio d\u00eda se percat\u00f3 que personas desconocidas ingresaron al patio de su domicilio y le sustrajeron dos silletas de color negras.<\/p>\n<p class=\"x_MsoNormal\">Con la denuncia, se inici\u00f3 la investigaci\u00f3n y el an\u00e1lisis de c\u00e1maras de seguridad, pudiendo identificar a una persona que llevaba consigo las mencionadas silletas.<\/p>\n<p class=\"x_MsoNormal\">Es as\u00ed que bajo las formalidades de rigor, se procedi\u00f3 a la aprehensi\u00f3n del sospechoso y se recuperaron las dos silletas, las que fueron reconocidas por el denunciante.<\/p>\n<p class=\"x_MsoNormal\">En tanto, el sospechoso qued\u00f3 alojado en la Comisar\u00eda Primera a disposici\u00f3n de las autoridades pertinentes.<\/p>\n","protected":false},"excerpt":{"rendered":"<p>Efectivos de Investigaciones de la Comisar\u00eda 1ra de Goya, detuvieron en la tarde del mi\u00e9rcoles a un sujeto de apellido OVIEDO, que hab\u00eda ingresado al patio de una casa y sustra\u00eddo muebles de jard\u00edn. El hecho ocurri\u00f3 en la ma\u00f1ana del mismo mi\u00e9rcoles, cuando un hombre sali\u00f3 a trabajar y al regresar al medio d\u00eda [&hellip;]<\/p>\n","protected":false},"author":2,"featured_media":3272,"comment_status":"open","ping_status":"open","sticky":false,"template":"","format":"standard","meta":{"footnotes":""},"categories":[68],"tags":[],"class_list":{"0":"post-3271","1":"post","2":"type-post","3":"status-publish","4":"format-standard","5":"has-post-thumbnail","7":"category-policiales-nacionales"},"_links":{"self":[{"href":"https:\/\/elpueblonoticia.com.ar\/web\/wp-json\/wp\/v2\/posts\/3271","targetHints":{"allow":["GET"]}}],"collection":[{"href":"https:\/\/elpueblonoticia.com.ar\/web\/wp-json\/wp\/v2\/posts"}],"about":[{"href":"https:\/\/elpueblonoticia.com.ar\/web\/wp-json\/wp\/v2\/types\/post"}],"author":[{"embeddable":true,"href":"https:\/\/elpueblonoticia.com.ar\/web\/wp-json\/wp\/v2\/users\/2"}],"replies":[{"embeddable":true,"href":"https:\/\/elpueblonoticia.com.ar\/web\/wp-json\/wp\/v2\/comments?post=3271"}],"version-history":[{"count":0,"href":"https:\/\/elpueblonoticia.com.ar\/web\/wp-json\/wp\/v2\/posts\/3271\/revisions"}],"wp:featuredmedia":[{"embeddable":true,"href":"https:\/\/elpueblonoticia.com.ar\/web\/wp-json\/wp\/v2\/media\/3272"}],"wp:attachment":[{"href":"https:\/\/elpueblonoticia.com.ar\/web\/wp-json\/wp\/v2\/media?parent=3271"}],"wp:term":[{"taxonomy":"category","embeddable":true,"href":"https:\/\/elpueblonoticia.com.ar\/web\/wp-json\/wp\/v2\/categories?post=3271"},{"taxonomy":"post_tag","embeddable":true,"href":"https:\/\/elpueblonoticia.com.ar\/web\/wp-json\/wp\/v2\/tags?post=3271"}],"curies":[{"name":"wp","href":"https:\/\/api.w.org\/{rel}","templated":true}]}}