{"id":3263,"date":"2025-11-06T10:09:12","date_gmt":"2025-11-06T13:09:12","guid":{"rendered":"https:\/\/elpueblonoticia.com.ar\/web\/?p=3263"},"modified":"2025-11-06T10:09:12","modified_gmt":"2025-11-06T13:09:12","slug":"asueto-administrativo-en-adhesion-al-dia-del-empleado-municipal","status":"publish","type":"post","link":"https:\/\/elpueblonoticia.com.ar\/web\/2025\/11\/06\/asueto-administrativo-en-adhesion-al-dia-del-empleado-municipal\/","title":{"rendered":"ASUETO ADMINISTRATIVO EN ADHESI\u00d3N AL D\u00cdA DEL EMPLEADO MUNICIPAL."},"content":{"rendered":"<p class=\"x_MsoNormal\" data-olk-copy-source=\"MessageBody\">Por medio de la Resoluci\u00f3n N\u00ba 1886 el Departamento Ejecutivo Municipal, con las firmas del Intendente Mariano Hormaechea y el Secretario de Gobierno Pablo Fern\u00e1ndez.<\/p>\n<p class=\"x_MsoNormal\">Disponiendo Asueto Administrativo para el Personal Municipal el d\u00eda viernes 7 de Noviembre de 2025, en adhesi\u00f3n al &#8220;D\u00cdA DEL EMPLEADO MUNICIPAL&#8221;.<\/p>\n<p class=\"x_MsoNormal\">La mencionada Resoluci\u00f3n dispone las guardias que en distintas dependencias de la Municipalidad se deben cumplir, a fin de garantizar el funcionamiento de los servicios esenciales que no pueden dejar de prestarse.<\/p>\n<p class=\"x_MsoNormal\">El 8 de Noviembre, se conmemora el &#8220;D\u00cdA DEL EMPLEADO MUNICIPAL&#8221;. El reconocimiento a los agentes municipales por el compromiso y esfuerzo en la prestaci\u00f3n de servicios que los vecinos de la Ciudad requieran para el normal desarrollo de la vida urbana.\u00a0 Motivo que considera oportuno disponer Asueto Administrativo para el Personal Municipal el d\u00eda Viernes 07 de Noviembre del corriente a\u00f1o, d\u00eda anterior al d\u00eda del empleado municipal para de esta forma reconocer el esfuerzo y trabajo realizado por todos ellos.<\/p>\n<p class=\"x_MsoNormal\">La Resoluci\u00f3n 1886, en su Art\u00edculo 1\u00b0establece, DISPONER ASUETO ADMINISTRATIVO para el Personal Municipal el d\u00eda 07 de Noviembre de 2025, en adhesi\u00f3n al &#8220;D\u00cdA DEL EMPLEADO MUNICIPAL&#8221;.<\/p>\n<p class=\"x_MsoNormal\">ART\u00cdCULO 2\u00b0: El Asueto dispuesto en el art\u00edculo anterior, no contempla a las guardias que en distintas dependencias de la Municipalidad que se deben cumplir, a fin de garantizar el funcionamiento de los servicios esenciales que no pueden dejar de prestarse.<\/p>\n","protected":false},"excerpt":{"rendered":"<p>Por medio de la Resoluci\u00f3n N\u00ba 1886 el Departamento Ejecutivo Municipal, con las firmas del Intendente Mariano Hormaechea y el Secretario de Gobierno Pablo Fern\u00e1ndez. Disponiendo Asueto Administrativo para el Personal Municipal el d\u00eda viernes 7 de Noviembre de 2025, en adhesi\u00f3n al &#8220;D\u00cdA DEL EMPLEADO MUNICIPAL&#8221;. La mencionada Resoluci\u00f3n dispone las guardias que en [&hellip;]<\/p>\n","protected":false},"author":2,"featured_media":3264,"comment_status":"open","ping_status":"open","sticky":false,"template":"","format":"standard","meta":{"footnotes":""},"categories":[56],"tags":[],"class_list":{"0":"post-3263","1":"post","2":"type-post","3":"status-publish","4":"format-standard","5":"has-post-thumbnail","7":"category-locales"},"_links":{"self":[{"href":"https:\/\/elpueblonoticia.com.ar\/web\/wp-json\/wp\/v2\/posts\/3263","targetHints":{"allow":["GET"]}}],"collection":[{"href":"https:\/\/elpueblonoticia.com.ar\/web\/wp-json\/wp\/v2\/posts"}],"about":[{"href":"https:\/\/elpueblonoticia.com.ar\/web\/wp-json\/wp\/v2\/types\/post"}],"author":[{"embeddable":true,"href":"https:\/\/elpueblonoticia.com.ar\/web\/wp-json\/wp\/v2\/users\/2"}],"replies":[{"embeddable":true,"href":"https:\/\/elpueblonoticia.com.ar\/web\/wp-json\/wp\/v2\/comments?post=3263"}],"version-history":[{"count":0,"href":"https:\/\/elpueblonoticia.com.ar\/web\/wp-json\/wp\/v2\/posts\/3263\/revisions"}],"wp:featuredmedia":[{"embeddable":true,"href":"https:\/\/elpueblonoticia.com.ar\/web\/wp-json\/wp\/v2\/media\/3264"}],"wp:attachment":[{"href":"https:\/\/elpueblonoticia.com.ar\/web\/wp-json\/wp\/v2\/media?parent=3263"}],"wp:term":[{"taxonomy":"category","embeddable":true,"href":"https:\/\/elpueblonoticia.com.ar\/web\/wp-json\/wp\/v2\/categories?post=3263"},{"taxonomy":"post_tag","embeddable":true,"href":"https:\/\/elpueblonoticia.com.ar\/web\/wp-json\/wp\/v2\/tags?post=3263"}],"curies":[{"name":"wp","href":"https:\/\/api.w.org\/{rel}","templated":true}]}}