{"id":3258,"date":"2025-11-06T10:02:36","date_gmt":"2025-11-06T13:02:36","guid":{"rendered":"https:\/\/elpueblonoticia.com.ar\/web\/?p=3258"},"modified":"2025-11-06T10:02:36","modified_gmt":"2025-11-06T13:02:36","slug":"la-casa-de-la-cultura-se-lleno-de-amor-y-esperanza","status":"publish","type":"post","link":"https:\/\/elpueblonoticia.com.ar\/web\/2025\/11\/06\/la-casa-de-la-cultura-se-lleno-de-amor-y-esperanza\/","title":{"rendered":"LA CASA DE LA CULTURA SE LLEN\u00d3 DE AMOR Y ESPERANZA"},"content":{"rendered":"<p data-olk-copy-source=\"MessageBody\"><img loading=\"lazy\" decoding=\"async\" class=\"alignnone  wp-image-3260\" src=\"https:\/\/elpueblonoticia.com.ar\/web\/wp-content\/uploads\/2025\/11\/FotoJet-7-300x238.jpg\" alt=\"\" width=\"976\" height=\"774\" srcset=\"https:\/\/elpueblonoticia.com.ar\/web\/wp-content\/uploads\/2025\/11\/FotoJet-7-300x238.jpg 300w, https:\/\/elpueblonoticia.com.ar\/web\/wp-content\/uploads\/2025\/11\/FotoJet-7-1024x812.jpg 1024w, https:\/\/elpueblonoticia.com.ar\/web\/wp-content\/uploads\/2025\/11\/FotoJet-7-768x609.jpg 768w, https:\/\/elpueblonoticia.com.ar\/web\/wp-content\/uploads\/2025\/11\/FotoJet-7-1536x1218.jpg 1536w, https:\/\/elpueblonoticia.com.ar\/web\/wp-content\/uploads\/2025\/11\/FotoJet-7-530x420.jpg 530w, https:\/\/elpueblonoticia.com.ar\/web\/wp-content\/uploads\/2025\/11\/FotoJet-7-696x552.jpg 696w, https:\/\/elpueblonoticia.com.ar\/web\/wp-content\/uploads\/2025\/11\/FotoJet-7-1068x847.jpg 1068w, https:\/\/elpueblonoticia.com.ar\/web\/wp-content\/uploads\/2025\/11\/FotoJet-7.jpg 2025w\" sizes=\"auto, (max-width: 976px) 100vw, 976px\" \/><\/p>\n<p class=\"x_MsoNormal\" data-olk-copy-source=\"MessageBody\">En la tarde noche del mi\u00e9rcoles el \u00e1mbito elegido por la Direcci\u00f3n de Cultura y la SADE Goya, fue uno de los salones de la Casa de la Cultura para la presentaci\u00f3n del Libro \u201cUn Llamado al Amor y a la Esperanza\u201d autor\u00eda de Alicia \u00c1rnica de Nardelli.<\/p>\n<p class=\"x_MsoNormal\" aria-hidden=\"true\">\n<p class=\"x_MsoNormal\">De la presentaci\u00f3n de la obra n\u00famero 13 de la prol\u00edfica autora participaron junto al Director de Cultura Manuel Zampar, la Vicepresidente 2\u00aa del HCD Concejal Vivian Merlo, el Presidente de la SADE Goya Felipe Farquharson, la Directora de Cultura del Municipio de Carolina Profesora Milagros Guzm\u00e1n, la presidente de la Biblioteca Popular \u201cDomingo Faustino Sarmiento\u201d profesora Marisa Laura B\u00e1ez, adem\u00e1s de escritores, personalidades de la cultura goyana y p\u00fablico en general.<\/p>\n<p class=\"x_MsoNormal\" aria-hidden=\"true\">\n<p class=\"x_MsoNormal\">Vale mencionar que la obra de Alicia \u00c1rnica de Nardelli ha sido declarada de Inter\u00e9s Cultural por Disposici\u00f3n de la Direcci\u00f3n de Cultura, al igual que por Resoluci\u00f3n de Presidencia del Honorable Concejo Deliberante, de Inter\u00e9s Municipal.<\/p>\n<p class=\"x_MsoNormal\" aria-hidden=\"true\">\n<p class=\"x_MsoNormal\">La velada literaria tuvo la conducci\u00f3n de Gladys N\u00fa\u00f1ez, ensamblada con la m\u00fasica aportada con la interpretaci\u00f3n del viol\u00edn de la destacada estudiante de la Escuela Municipal de M\u00fasica Victoria Maciel Aguirre, en la ejecuci\u00f3n de dos temas populares.<\/p>\n<p class=\"x_MsoNormal\">En la continuidad de la jornada literaria se procedi\u00f3 a la lectura de las salutaciones enviadas por distintas entidades, incluida la nota remitida por el Intendente de la ciudad de Reconquista y amigos de la autora.<\/p>\n<p class=\"x_MsoNormal\">Para la apertura se repas\u00f3 el curr\u00edculum de Alicia \u00c1rnica de Nardelli, destacando su pasi\u00f3n por las letras y la vocaci\u00f3n de escritora.<\/p>\n<p class=\"x_MsoNormal\" aria-hidden=\"true\">\n<p class=\"x_MsoNormal\">El Presidente de la SADE Goya Felipe Farquharson en sus palabras, reconoci\u00f3 la fecunda labor literaria de la autora, se\u00f1alando que, para la Sociedad de Escritores, siempre es \u201cun honor la oportunidad de presentar obras de sus asociados, como en este caso el de la querida Alicia, que nos invita a movilizar nuestro interior, nuestras emociones\u201d.<\/p>\n<p class=\"x_MsoNormal\" aria-hidden=\"true\">\n<p class=\"x_MsoNormal\">De igual manera el Director de Cultura Manuel Zampar, dio la bienvenida a los presentes, remarcando que \u201ceste espacio de la Casa de la Cultura, es el lugar ideal para proyectar la creaci\u00f3n de nuestros autores, es una alegr\u00eda que tenemos por la posibilidad de conocer un nuevo libro de Alicia, raz\u00f3n por la cual hacemos entrega de la Disposici\u00f3n correspondiente, por la cual se establece desde esta direcci\u00f3n declarar de Inter\u00e9s Cultural el libro \u201cUn Llamado al Amor y a la Esperanza\u201d.<\/p>\n<p class=\"x_MsoNormal\" aria-hidden=\"true\">\n<p class=\"x_MsoNormal\">Del mismo modo la Vicepresidente 2\u00aa del HCD, la Concejal Viv\u00edan Merlo hizo entrega de la Resoluci\u00f3n de la Presidencia del Cuerpo Deliberativo Local, por la cual se resuelve declarar de inter\u00e9s municipal la referida obra de Alicia \u00c1rnica de Nardelli.<\/p>\n<p class=\"x_MsoNormal\" aria-hidden=\"true\">\n<p class=\"x_MsoNormal\">A pedido de la autora, la profesora Marisa Laura B\u00e1ez, ley\u00f3 un umbral, sobre el sentir de la obra, donde dej\u00f3 traslucir lo que la escritora, interpreta y plasma en el libro, que requiere una pausa para reaccionar, para valorar el ser agradecido por lo recibido, junto a otras semblanzas que deja este libro, para coronar la velada el Director de Cultura Manuel Zampar, tambi\u00e9n a pedido de la autora ley\u00f3 la poes\u00eda \u201cEra el tiempo\u201d, gestos que han sido reconocidos por la propia Alicia \u00c1rnica de Nardelli, quien agradeci\u00f3 por esta \u201coportunidad que tengo de presentar un nuevo libro, gracias a todos por estar presente, por acompa\u00f1arme en esta ocasi\u00f3n de dar a conocer una nueva obra.\u201d<\/p>\n<p class=\"x_MsoNormal\" aria-hidden=\"true\">\n<p class=\"x_MsoNormal\">Con un clima de amor y esperanza se realiz\u00f3 la presentaci\u00f3n de una nueva obra literaria de la escritora Alicia \u00c1rnica de Nardelli, el mi\u00e9rcoles en Casa de la Cultura, concluida la exposici\u00f3n los presentes prolongaron la estad\u00eda en ese lugar para expresar sus buenos augurios y felicitaciones a la autora.<\/p>\n","protected":false},"excerpt":{"rendered":"<p>En la tarde noche del mi\u00e9rcoles el \u00e1mbito elegido por la Direcci\u00f3n de Cultura y la SADE Goya, fue uno de los salones de la Casa de la Cultura para la presentaci\u00f3n del Libro \u201cUn Llamado al Amor y a la Esperanza\u201d autor\u00eda de Alicia \u00c1rnica de Nardelli. De la presentaci\u00f3n de la obra n\u00famero [&hellip;]<\/p>\n","protected":false},"author":2,"featured_media":3259,"comment_status":"open","ping_status":"open","sticky":false,"template":"","format":"standard","meta":{"footnotes":""},"categories":[56],"tags":[],"class_list":{"0":"post-3258","1":"post","2":"type-post","3":"status-publish","4":"format-standard","5":"has-post-thumbnail","7":"category-locales"},"_links":{"self":[{"href":"https:\/\/elpueblonoticia.com.ar\/web\/wp-json\/wp\/v2\/posts\/3258","targetHints":{"allow":["GET"]}}],"collection":[{"href":"https:\/\/elpueblonoticia.com.ar\/web\/wp-json\/wp\/v2\/posts"}],"about":[{"href":"https:\/\/elpueblonoticia.com.ar\/web\/wp-json\/wp\/v2\/types\/post"}],"author":[{"embeddable":true,"href":"https:\/\/elpueblonoticia.com.ar\/web\/wp-json\/wp\/v2\/users\/2"}],"replies":[{"embeddable":true,"href":"https:\/\/elpueblonoticia.com.ar\/web\/wp-json\/wp\/v2\/comments?post=3258"}],"version-history":[{"count":0,"href":"https:\/\/elpueblonoticia.com.ar\/web\/wp-json\/wp\/v2\/posts\/3258\/revisions"}],"wp:featuredmedia":[{"embeddable":true,"href":"https:\/\/elpueblonoticia.com.ar\/web\/wp-json\/wp\/v2\/media\/3259"}],"wp:attachment":[{"href":"https:\/\/elpueblonoticia.com.ar\/web\/wp-json\/wp\/v2\/media?parent=3258"}],"wp:term":[{"taxonomy":"category","embeddable":true,"href":"https:\/\/elpueblonoticia.com.ar\/web\/wp-json\/wp\/v2\/categories?post=3258"},{"taxonomy":"post_tag","embeddable":true,"href":"https:\/\/elpueblonoticia.com.ar\/web\/wp-json\/wp\/v2\/tags?post=3258"}],"curies":[{"name":"wp","href":"https:\/\/api.w.org\/{rel}","templated":true}]}}