{"id":3250,"date":"2025-11-06T09:50:31","date_gmt":"2025-11-06T12:50:31","guid":{"rendered":"https:\/\/elpueblonoticia.com.ar\/web\/?p=3250"},"modified":"2025-11-06T09:50:31","modified_gmt":"2025-11-06T12:50:31","slug":"58-anos-siempre-listo-para-el-servicio","status":"publish","type":"post","link":"https:\/\/elpueblonoticia.com.ar\/web\/2025\/11\/06\/58-anos-siempre-listo-para-el-servicio\/","title":{"rendered":"58 A\u00d1OS SIEMPRE LISTO PARA EL SERVICIO"},"content":{"rendered":"<p data-olk-copy-source=\"MessageBody\"><img loading=\"lazy\" decoding=\"async\" class=\"alignnone size-medium wp-image-3252\" src=\"https:\/\/elpueblonoticia.com.ar\/web\/wp-content\/uploads\/2025\/11\/Aniversario-Scouto-ilustracion-2-225x300.jpg\" alt=\"\" width=\"225\" height=\"300\" srcset=\"https:\/\/elpueblonoticia.com.ar\/web\/wp-content\/uploads\/2025\/11\/Aniversario-Scouto-ilustracion-2-225x300.jpg 225w, https:\/\/elpueblonoticia.com.ar\/web\/wp-content\/uploads\/2025\/11\/Aniversario-Scouto-ilustracion-2-768x1024.jpg 768w, https:\/\/elpueblonoticia.com.ar\/web\/wp-content\/uploads\/2025\/11\/Aniversario-Scouto-ilustracion-2-315x420.jpg 315w, https:\/\/elpueblonoticia.com.ar\/web\/wp-content\/uploads\/2025\/11\/Aniversario-Scouto-ilustracion-2-696x928.jpg 696w, https:\/\/elpueblonoticia.com.ar\/web\/wp-content\/uploads\/2025\/11\/Aniversario-Scouto-ilustracion-2-1068x1424.jpg 1068w, https:\/\/elpueblonoticia.com.ar\/web\/wp-content\/uploads\/2025\/11\/Aniversario-Scouto-ilustracion-2.jpg 1080w\" sizes=\"auto, (max-width: 225px) 100vw, 225px\" \/><\/p>\n<p class=\"x_MsoNormal\" data-olk-copy-source=\"MessageBody\">El Grupo Scout de nuestra ciudad celebrar\u00e1 su 58\u00ba aniversario con una cena a realizarse el s\u00e1bado en su sede junto a la comunidad.<\/p>\n<p class=\"x_MsoNormal\">La ocasi\u00f3n ser\u00e1 la ideal para que una joven efect\u00fae su promesa scout afirmando el compromiso de custodiar y difundir los valores de la educaci\u00f3n, el cuidado de los recursos naturales, afirmando ese deber de estar lista para las buenas acciones y el servicio.<\/p>\n<p class=\"x_MsoNormal\" aria-hidden=\"true\">\n<p class=\"x_MsoNormal\">El dirigente Patricio Escudero, en declaraciones radiales comenta sobre las actividades celebrativas del aniversario del Grupo impulsado desde sus comienzos por el L\u00edder, Maestro, Mentor Jorge Colonese, a desarrollarse el s\u00e1bado 8 de noviembre en su sede.<\/p>\n<p class=\"x_MsoNormal\" aria-hidden=\"true\">\n<p class=\"x_MsoNormal\">CENA ANIVERSARIO<\/p>\n<p class=\"x_MsoNormal\" aria-hidden=\"true\">\n<p class=\"x_MsoNormal\">El dirigente Scout destac\u00f3 en el contacto radial el permanente acompa\u00f1amiento del fundador: \u201cJorge (Colonese)nos sigue acompa\u00f1ando cada s\u00e1bado, en la cena aniversario si Dios quiere contaremos con su presencia, en nuestra sede para la cena que cuenta como men\u00fa Pata Muslo, chorizo y los que adquieran la tarjeta deber\u00e1n llevar su bebida y ensalada, contaremos con la actuaci\u00f3n de tres j\u00f3venes que son m\u00fasicos y la participaci\u00f3n de \u201cCarito\u201d (Carolina Torales); nos dedicara sus canciones.\u201d<\/p>\n<p class=\"x_MsoNormal\" aria-hidden=\"true\">\n<p class=\"x_MsoNormal\">\u201cEste encuentro es abierto a la comunidad 3777 415139, es el n\u00famero al que se pueden contactar para acompa\u00f1arnos y vivir esta experiencia, el festejo dar\u00e1 comienzo con la promesa que tomara una joven, con todo el ritual de nuestro grupo, de 16 a\u00f1os, es cuando toma la decisi\u00f3n de practicar la \u201cfilosof\u00eda scout\u201d para el resto de su vida, con la presencia del Faro de nuestro Grupo, Jorge Colonese, quien guiar\u00e1 la ceremonia.\u201d Preciso Escudero, quien defini\u00f3 a Jorge Colonese como un Faro<\/p>\n<p class=\"x_MsoNormal\" aria-hidden=\"true\">\n<p class=\"x_MsoNormal\">El dirigente invit\u00f3 a la comunidad a participar de la celebraci\u00f3n: \u201cMuchas personas que han vivido la experiencia, se sentir\u00e1n movilizados para ser parte de la celebraci\u00f3n, por eso invitamos a ser parte del festejo de nuestros 58 a\u00f1os, al servicio de la comunidad.<\/p>\n<p class=\"x_MsoNormal\" aria-hidden=\"true\">\n<p class=\"x_MsoNormal\">LA MAGIA DE LO SIMPLE<\/p>\n<p class=\"x_MsoNormal\" aria-hidden=\"true\">\n<p class=\"x_MsoNormal\">En la entrevista, se\u00f1al\u00f3: \u201cQueremos conservar la magia, la fantas\u00eda del juego, de la alegr\u00eda, que el chico tenga un lugar donde sentir lo simple, aprender, el respeto v\u00ednculo que marcamos mucho en estos tiempos que transitamos, por eso entendemos que es necesario revalorizar estos valores, por eso nuestro objetivo de educar sobre estos valores fundamentales.\u201d<\/p>\n<p class=\"x_MsoNormal\" aria-hidden=\"true\">\n<p class=\"x_MsoNormal\">LIBRO DEL GRUPO SCOUT<\/p>\n<p class=\"x_MsoNormal\" aria-hidden=\"true\">\n<p class=\"x_MsoNormal\">El dirigente destac\u00f3 como un gran paso la edici\u00f3n del Libro: \u201cEste a\u00f1o hemos hecho el libro del Grupo Scout, en un formato de PDF de manera libre, gratuita, si desean la otra manera se pueden contactar con nosotros, o trav\u00e9s de nuestras redes Instagram o Facebook Grupo Scout Goya, recordemos que esta historia hemos presentado en la Feria del Libro, en el SUM \u201cCoqui\u201d Correa, seguramente ayudar\u00e1 a revivir esa experiencia de vida.\u201d<\/p>\n<p class=\"x_MsoNormal\" aria-hidden=\"true\">\n<p class=\"x_MsoNormal\">PR\u00d3XIMAS ACTIVIDADES<\/p>\n<p class=\"x_MsoNormal\" aria-hidden=\"true\">\n<p class=\"x_MsoNormal\">Patricio Escudero, adelant\u00f3 la agenda a cumplir por parte del grupo: \u201cLos d\u00edas 22 y 23 de noviembre los adultos tendremos un espacio de formaci\u00f3n, destinados a los educadores scout para mejorar nuestro servicio, a cargo de personal de Naci\u00f3n y Corrientes, para actualizar los temas.\u201d<\/p>\n<p class=\"x_MsoNormal\" aria-hidden=\"true\">\n<p class=\"x_MsoNormal\">\u201cEl 17 de enero una tropa Scout de j\u00f3venes entre 18 y 22 a\u00f1os de edad participaran de un encuentro en Necochea y Mar del Plata, para ello est\u00e1n trabajando para la recaudaci\u00f3n de recursos que ayude a ser part\u00edcipes de este encuentro nacional, del cual ser\u00e1n parte unos 7 mil j\u00f3venes de todo el pa\u00eds.\u201d Sostuvo<\/p>\n<p class=\"x_MsoNormal\" aria-hidden=\"true\">\n<p class=\"x_MsoNormal\">CAMINO A LOS 60 A\u00d1OS<\/p>\n<p class=\"x_MsoNormal\">Para finalizar la entrevista radial, el dirigente Scout Patricio Escudero, puso de manifiesto los desaf\u00edos del grupo: \u201cEste a\u00f1o estamos cerrando el ciclo, pensamos en el nuevo a\u00f1o proyectando la preparaci\u00f3n de nuevos dirigentes para el Grupo Scout de Goya, planificando el camino hacia los 60 a\u00f1os de nuestra fundaci\u00f3n, esta cena ser\u00e1 una gestaci\u00f3n hacia esa fecha, para evaluar, analizar como resulta, teniendo en cuenta los nuevos desaf\u00edos.\u201d<\/p>\n","protected":false},"excerpt":{"rendered":"<p>El Grupo Scout de nuestra ciudad celebrar\u00e1 su 58\u00ba aniversario con una cena a realizarse el s\u00e1bado en su sede junto a la comunidad. La ocasi\u00f3n ser\u00e1 la ideal para que una joven efect\u00fae su promesa scout afirmando el compromiso de custodiar y difundir los valores de la educaci\u00f3n, el cuidado de los recursos naturales, [&hellip;]<\/p>\n","protected":false},"author":2,"featured_media":3251,"comment_status":"open","ping_status":"open","sticky":false,"template":"","format":"standard","meta":{"footnotes":""},"categories":[78],"tags":[],"class_list":{"0":"post-3250","1":"post","2":"type-post","3":"status-publish","4":"format-standard","5":"has-post-thumbnail","7":"category-generales"},"_links":{"self":[{"href":"https:\/\/elpueblonoticia.com.ar\/web\/wp-json\/wp\/v2\/posts\/3250","targetHints":{"allow":["GET"]}}],"collection":[{"href":"https:\/\/elpueblonoticia.com.ar\/web\/wp-json\/wp\/v2\/posts"}],"about":[{"href":"https:\/\/elpueblonoticia.com.ar\/web\/wp-json\/wp\/v2\/types\/post"}],"author":[{"embeddable":true,"href":"https:\/\/elpueblonoticia.com.ar\/web\/wp-json\/wp\/v2\/users\/2"}],"replies":[{"embeddable":true,"href":"https:\/\/elpueblonoticia.com.ar\/web\/wp-json\/wp\/v2\/comments?post=3250"}],"version-history":[{"count":0,"href":"https:\/\/elpueblonoticia.com.ar\/web\/wp-json\/wp\/v2\/posts\/3250\/revisions"}],"wp:featuredmedia":[{"embeddable":true,"href":"https:\/\/elpueblonoticia.com.ar\/web\/wp-json\/wp\/v2\/media\/3251"}],"wp:attachment":[{"href":"https:\/\/elpueblonoticia.com.ar\/web\/wp-json\/wp\/v2\/media?parent=3250"}],"wp:term":[{"taxonomy":"category","embeddable":true,"href":"https:\/\/elpueblonoticia.com.ar\/web\/wp-json\/wp\/v2\/categories?post=3250"},{"taxonomy":"post_tag","embeddable":true,"href":"https:\/\/elpueblonoticia.com.ar\/web\/wp-json\/wp\/v2\/tags?post=3250"}],"curies":[{"name":"wp","href":"https:\/\/api.w.org\/{rel}","templated":true}]}}