{"id":3246,"date":"2025-11-06T09:43:44","date_gmt":"2025-11-06T12:43:44","guid":{"rendered":"https:\/\/elpueblonoticia.com.ar\/web\/?p=3246"},"modified":"2025-11-06T09:43:44","modified_gmt":"2025-11-06T12:43:44","slug":"se-presenta-el-capibara-en-el-teatro-municipal","status":"publish","type":"post","link":"https:\/\/elpueblonoticia.com.ar\/web\/2025\/11\/06\/se-presenta-el-capibara-en-el-teatro-municipal\/","title":{"rendered":"SE PRESENTA EL CAPIBARA EN EL TEATRO MUNICIPAL"},"content":{"rendered":"<p class=\"x_MsoNormal\" data-olk-copy-source=\"MessageBody\">El viernes 7 de noviembre, a las 15 horas en una funciona especial, el Grupo PASI, de la Fundaci\u00f3n San Lucas recrear\u00e1 la obra \u201cEl Capibara y el Secreto que no se Guarda\u201d, en el Teatro Municipal<\/p>\n<p class=\"x_MsoNormal\">La presentaci\u00f3n de la obra es una adhesi\u00f3n a la fecha del 19 de noviembre; Prevenci\u00f3n del ASI.<\/p>\n<p class=\"x_MsoNormal\" aria-hidden=\"true\">\n<p class=\"x_MsoNormal\">D\u00eda Mundial para la Prevenci\u00f3n del Abuso Sexual de Ni\u00f1os y Adolescentes<\/p>\n<p class=\"x_MsoNormal\" aria-hidden=\"true\">\n<p class=\"x_MsoNormal\">Esta fecha fue instaurada en el a\u00f1o 2000 por iniciativa de la Fundaci\u00f3n de la Cumbre Mundial de la Mujer (WWSF), con la intenci\u00f3n de visibilizar esta problem\u00e1tica y promover acciones de protecci\u00f3n y prevenci\u00f3n en todas las sociedades.<\/p>\n<p class=\"x_MsoNormal\">Esta fecha nos invita a reflexionar y tomar conciencia sobre esta problem\u00e1tica, y a renovar el compromiso con la construcci\u00f3n de un entorno seguro para todos los ni\u00f1os y adolescentes, fundamentado en el respeto y la defensa de sus derechos esenciales<\/p>\n<p class=\"x_MsoNormal\">Con ese prop\u00f3sito PASI invita a la funci\u00f3n teatral el viernes 7 a las 15 horas, en el Teatro Municipal, de la Obra: \u201cEl Capibara y el Secreto que no se Guarda\u201d<\/p>\n","protected":false},"excerpt":{"rendered":"<p>El viernes 7 de noviembre, a las 15 horas en una funciona especial, el Grupo PASI, de la Fundaci\u00f3n San Lucas recrear\u00e1 la obra \u201cEl Capibara y el Secreto que no se Guarda\u201d, en el Teatro Municipal La presentaci\u00f3n de la obra es una adhesi\u00f3n a la fecha del 19 de noviembre; Prevenci\u00f3n del ASI. [&hellip;]<\/p>\n","protected":false},"author":2,"featured_media":3247,"comment_status":"open","ping_status":"open","sticky":false,"template":"","format":"standard","meta":{"footnotes":""},"categories":[56],"tags":[],"class_list":{"0":"post-3246","1":"post","2":"type-post","3":"status-publish","4":"format-standard","5":"has-post-thumbnail","7":"category-locales"},"_links":{"self":[{"href":"https:\/\/elpueblonoticia.com.ar\/web\/wp-json\/wp\/v2\/posts\/3246","targetHints":{"allow":["GET"]}}],"collection":[{"href":"https:\/\/elpueblonoticia.com.ar\/web\/wp-json\/wp\/v2\/posts"}],"about":[{"href":"https:\/\/elpueblonoticia.com.ar\/web\/wp-json\/wp\/v2\/types\/post"}],"author":[{"embeddable":true,"href":"https:\/\/elpueblonoticia.com.ar\/web\/wp-json\/wp\/v2\/users\/2"}],"replies":[{"embeddable":true,"href":"https:\/\/elpueblonoticia.com.ar\/web\/wp-json\/wp\/v2\/comments?post=3246"}],"version-history":[{"count":0,"href":"https:\/\/elpueblonoticia.com.ar\/web\/wp-json\/wp\/v2\/posts\/3246\/revisions"}],"wp:featuredmedia":[{"embeddable":true,"href":"https:\/\/elpueblonoticia.com.ar\/web\/wp-json\/wp\/v2\/media\/3247"}],"wp:attachment":[{"href":"https:\/\/elpueblonoticia.com.ar\/web\/wp-json\/wp\/v2\/media?parent=3246"}],"wp:term":[{"taxonomy":"category","embeddable":true,"href":"https:\/\/elpueblonoticia.com.ar\/web\/wp-json\/wp\/v2\/categories?post=3246"},{"taxonomy":"post_tag","embeddable":true,"href":"https:\/\/elpueblonoticia.com.ar\/web\/wp-json\/wp\/v2\/tags?post=3246"}],"curies":[{"name":"wp","href":"https:\/\/api.w.org\/{rel}","templated":true}]}}