{"id":3242,"date":"2025-11-06T09:38:33","date_gmt":"2025-11-06T12:38:33","guid":{"rendered":"https:\/\/elpueblonoticia.com.ar\/web\/?p=3242"},"modified":"2025-11-06T09:38:33","modified_gmt":"2025-11-06T12:38:33","slug":"fuego-musica-y-tradicion","status":"publish","type":"post","link":"https:\/\/elpueblonoticia.com.ar\/web\/2025\/11\/06\/fuego-musica-y-tradicion\/","title":{"rendered":"Fuego, m\u00fasica y tradici\u00f3n:"},"content":{"rendered":"<p class=\"x_MsoNormal\" data-olk-copy-source=\"MessageBody\">M\u00c1S DE 50 ARTESANOS Y EMPRENDEDORES SE SUMAN A LA EXPO AGROINDUSTRIAL DEL 5\u00b0 FESTIVAL DEL ASADO CRIOLLO DE GOYA<\/p>\n<p class=\"x_MsoNormal\" aria-hidden=\"true\">\n<p class=\"x_MsoNormal\">\u00a0Este fin de semana la vidriera productiva de la regi\u00f3n se podr\u00e1 disfrutar en Predio de Costa Surub\u00ed, anfitriona del Festival del Asado Criollo y \u201cMundial de Asadores\u201d con su tradicional concurso. El evento tiene el auspicio y acompa\u00f1amiento de la Municipalidad de Goya.<\/p>\n<p class=\"x_MsoNormal\" aria-hidden=\"true\">\n<p class=\"x_MsoNormal\">El viernes 7, s\u00e1bado 8 y domingo 9 de noviembre, los mejores parrilleros de la regi\u00f3n competir\u00e1n demostrando talentos con el fuego y las brasas. Adem\u00e1s, habr\u00e1 una feria agroindustrial, una amplia expo de artesanos, puestos gastron\u00f3micos y foodtrucks con bebidas, tragos y opciones r\u00e1pidas para toda la familia.<\/p>\n<p class=\"x_MsoNormal\" aria-hidden=\"true\">\n<p class=\"x_MsoNormal\">M\u00e1s de 50 expositores de la localidad estar\u00e1n presentes con sus creaciones aut\u00f3ctonas acompa\u00f1ando esta gran feria gastron\u00f3mica, tur\u00edstica y cultural.<\/p>\n<p class=\"x_MsoNormal\" aria-hidden=\"true\">\n<p class=\"x_MsoNormal\">El festival musical contar\u00e1 con shows en vivo de artistas locales y regionales, elecci\u00f3n de reina y princesas, y un espacio dedicado especialmente a los m\u00e1s chicos, convirtiendo la propuesta en una experiencia integral pensada para todas las edades.<\/p>\n<p class=\"x_MsoNormal\" aria-hidden=\"true\">\n<p class=\"x_MsoNormal\" aria-hidden=\"true\">\n<p class=\"x_MsoNormal\">FERIA ARTESANAL Y AGROINDUSTRIAL<\/p>\n<p class=\"x_MsoNormal\" aria-hidden=\"true\">\n<p class=\"x_MsoNormal\">Goya demuestra su potencial y acompa\u00f1a a peque\u00f1as y medianas empresas para que puedan exhibir sus productos. Es importante poner en valor las producciones regionales. Se espera la exposici\u00f3n de implementos gastron\u00f3micos, todo para el asador, herramientas del agro, ganaderos y la industria. Asimismo, un importante muestrario de emprendedores, tecnolog\u00eda, producci\u00f3n, comercial, pesca y de la m\u00fasica y el entretenimiento.<\/p>\n<p class=\"x_MsoNormal\" aria-hidden=\"true\">\n<p class=\"x_MsoNormal\" aria-hidden=\"true\">\n<p class=\"x_MsoNormal\">Cabe se\u00f1alar que el armado y organizaci\u00f3n de la parte espacio de artesanos y emprendedores est\u00e1 a cargo de la direcci\u00f3n de Promoci\u00f3n Social.<\/p>\n<p class=\"x_MsoNormal\" aria-hidden=\"true\">\n<p class=\"x_MsoNormal\">\u201chay 50 emprendedores anotados para el festival de asado, as\u00ed como otras opciones para feriar, as\u00ed que estamos muy contentos con este evento. Lo importante es acompa\u00f1ar a los emprendedores independientes y a las asociaciones\u201d asegur\u00f3 este mi\u00e9rcoles Mercedes Pintos, titular de esa dependencia municipal.<\/p>\n<p class=\"x_MsoNormal\" aria-hidden=\"true\">\n<p class=\"x_MsoNormal\">Aquellas marcas comerciales que deseen exponer este fin de semana en predio Costa Surub\u00ed comunicarse al tel\u00e9fono de contacto, Gustavo Montepeloso Cel.: 3777\/600535<\/p>\n<p class=\"x_MsoNormal\" aria-hidden=\"true\">\n<p class=\"x_MsoNormal\" aria-hidden=\"true\">\n<p class=\"x_MsoNormal\">MEDIOS DE PRENSA ACREDITADOS<\/p>\n<p class=\"x_MsoNormal\" aria-hidden=\"true\">\n<p class=\"x_MsoNormal\" aria-hidden=\"true\">\n<p class=\"x_MsoNormal\">Desde la organizaci\u00f3n de la 5\u00aa Edici\u00f3n de la Fiesta del Asado Criollo y Concurso de Asadores evento a llevarse a cabo del 7 al 9 de noviembre de 2025 en predio Costa Surub\u00ed, informaron que se han acreditado una veintena de Medios de la regi\u00f3n y de la localidad para cubrir las alternativas del concurso y festival.<\/p>\n<p class=\"x_MsoNormal\" aria-hidden=\"true\">\n<p class=\"x_MsoNormal\">Entre estos se destacan: Radio FM Pampa, FM de Rosario (Santa Fe), un destacado tik toker que asiste a eventos gastron\u00f3micos nacionales y medio de la localidad en su mayor\u00eda.<\/p>\n","protected":false},"excerpt":{"rendered":"<p>M\u00c1S DE 50 ARTESANOS Y EMPRENDEDORES SE SUMAN A LA EXPO AGROINDUSTRIAL DEL 5\u00b0 FESTIVAL DEL ASADO CRIOLLO DE GOYA \u00a0Este fin de semana la vidriera productiva de la regi\u00f3n se podr\u00e1 disfrutar en Predio de Costa Surub\u00ed, anfitriona del Festival del Asado Criollo y \u201cMundial de Asadores\u201d con su tradicional concurso. El evento tiene [&hellip;]<\/p>\n","protected":false},"author":2,"featured_media":3243,"comment_status":"open","ping_status":"open","sticky":false,"template":"","format":"standard","meta":{"footnotes":""},"categories":[56],"tags":[],"class_list":{"0":"post-3242","1":"post","2":"type-post","3":"status-publish","4":"format-standard","5":"has-post-thumbnail","7":"category-locales"},"_links":{"self":[{"href":"https:\/\/elpueblonoticia.com.ar\/web\/wp-json\/wp\/v2\/posts\/3242","targetHints":{"allow":["GET"]}}],"collection":[{"href":"https:\/\/elpueblonoticia.com.ar\/web\/wp-json\/wp\/v2\/posts"}],"about":[{"href":"https:\/\/elpueblonoticia.com.ar\/web\/wp-json\/wp\/v2\/types\/post"}],"author":[{"embeddable":true,"href":"https:\/\/elpueblonoticia.com.ar\/web\/wp-json\/wp\/v2\/users\/2"}],"replies":[{"embeddable":true,"href":"https:\/\/elpueblonoticia.com.ar\/web\/wp-json\/wp\/v2\/comments?post=3242"}],"version-history":[{"count":0,"href":"https:\/\/elpueblonoticia.com.ar\/web\/wp-json\/wp\/v2\/posts\/3242\/revisions"}],"wp:featuredmedia":[{"embeddable":true,"href":"https:\/\/elpueblonoticia.com.ar\/web\/wp-json\/wp\/v2\/media\/3243"}],"wp:attachment":[{"href":"https:\/\/elpueblonoticia.com.ar\/web\/wp-json\/wp\/v2\/media?parent=3242"}],"wp:term":[{"taxonomy":"category","embeddable":true,"href":"https:\/\/elpueblonoticia.com.ar\/web\/wp-json\/wp\/v2\/categories?post=3242"},{"taxonomy":"post_tag","embeddable":true,"href":"https:\/\/elpueblonoticia.com.ar\/web\/wp-json\/wp\/v2\/tags?post=3242"}],"curies":[{"name":"wp","href":"https:\/\/api.w.org\/{rel}","templated":true}]}}