{"id":3236,"date":"2025-11-06T09:31:03","date_gmt":"2025-11-06T12:31:03","guid":{"rendered":"https:\/\/elpueblonoticia.com.ar\/web\/?p=3236"},"modified":"2025-11-06T09:31:03","modified_gmt":"2025-11-06T12:31:03","slug":"lazos-internacionales-valdes-fortalece-la-integracion-con-paraguay-para-el-desarrollo-regional","status":"publish","type":"post","link":"https:\/\/elpueblonoticia.com.ar\/web\/2025\/11\/06\/lazos-internacionales-valdes-fortalece-la-integracion-con-paraguay-para-el-desarrollo-regional\/","title":{"rendered":"Lazos internacionales : Vald\u00e9s fortalece la integraci\u00f3n con Paraguay para el desarrollo regional"},"content":{"rendered":"<p data-olk-copy-source=\"MessageBody\"><img loading=\"lazy\" decoding=\"async\" class=\"alignnone size-medium wp-image-3237\" src=\"https:\/\/elpueblonoticia.com.ar\/web\/wp-content\/uploads\/2025\/11\/intendente-Mariano-Hormaechea-acompano-al-Gobernador-en-paraguay-3-300x200.jpg\" alt=\"\" width=\"300\" height=\"200\" srcset=\"https:\/\/elpueblonoticia.com.ar\/web\/wp-content\/uploads\/2025\/11\/intendente-Mariano-Hormaechea-acompano-al-Gobernador-en-paraguay-3-300x200.jpg 300w, https:\/\/elpueblonoticia.com.ar\/web\/wp-content\/uploads\/2025\/11\/intendente-Mariano-Hormaechea-acompano-al-Gobernador-en-paraguay-3-1024x683.jpg 1024w, https:\/\/elpueblonoticia.com.ar\/web\/wp-content\/uploads\/2025\/11\/intendente-Mariano-Hormaechea-acompano-al-Gobernador-en-paraguay-3-768x512.jpg 768w, https:\/\/elpueblonoticia.com.ar\/web\/wp-content\/uploads\/2025\/11\/intendente-Mariano-Hormaechea-acompano-al-Gobernador-en-paraguay-3-1536x1024.jpg 1536w, https:\/\/elpueblonoticia.com.ar\/web\/wp-content\/uploads\/2025\/11\/intendente-Mariano-Hormaechea-acompano-al-Gobernador-en-paraguay-3-630x420.jpg 630w, https:\/\/elpueblonoticia.com.ar\/web\/wp-content\/uploads\/2025\/11\/intendente-Mariano-Hormaechea-acompano-al-Gobernador-en-paraguay-3-696x464.jpg 696w, https:\/\/elpueblonoticia.com.ar\/web\/wp-content\/uploads\/2025\/11\/intendente-Mariano-Hormaechea-acompano-al-Gobernador-en-paraguay-3-1068x712.jpg 1068w, https:\/\/elpueblonoticia.com.ar\/web\/wp-content\/uploads\/2025\/11\/intendente-Mariano-Hormaechea-acompano-al-Gobernador-en-paraguay-3.jpg 2048w\" sizes=\"auto, (max-width: 300px) 100vw, 300px\" \/><img loading=\"lazy\" decoding=\"async\" class=\"alignnone size-medium wp-image-3238\" src=\"https:\/\/elpueblonoticia.com.ar\/web\/wp-content\/uploads\/2025\/11\/intendente-Mariano-Hormaechea-acompano-al-Gobernador-en-paraguay-2-300x169.jpg\" alt=\"\" width=\"300\" height=\"169\" srcset=\"https:\/\/elpueblonoticia.com.ar\/web\/wp-content\/uploads\/2025\/11\/intendente-Mariano-Hormaechea-acompano-al-Gobernador-en-paraguay-2-300x169.jpg 300w, https:\/\/elpueblonoticia.com.ar\/web\/wp-content\/uploads\/2025\/11\/intendente-Mariano-Hormaechea-acompano-al-Gobernador-en-paraguay-2-1024x576.jpg 1024w, https:\/\/elpueblonoticia.com.ar\/web\/wp-content\/uploads\/2025\/11\/intendente-Mariano-Hormaechea-acompano-al-Gobernador-en-paraguay-2-768x432.jpg 768w, https:\/\/elpueblonoticia.com.ar\/web\/wp-content\/uploads\/2025\/11\/intendente-Mariano-Hormaechea-acompano-al-Gobernador-en-paraguay-2-1536x864.jpg 1536w, https:\/\/elpueblonoticia.com.ar\/web\/wp-content\/uploads\/2025\/11\/intendente-Mariano-Hormaechea-acompano-al-Gobernador-en-paraguay-2-747x420.jpg 747w, https:\/\/elpueblonoticia.com.ar\/web\/wp-content\/uploads\/2025\/11\/intendente-Mariano-Hormaechea-acompano-al-Gobernador-en-paraguay-2-696x392.jpg 696w, https:\/\/elpueblonoticia.com.ar\/web\/wp-content\/uploads\/2025\/11\/intendente-Mariano-Hormaechea-acompano-al-Gobernador-en-paraguay-2-1068x601.jpg 1068w, https:\/\/elpueblonoticia.com.ar\/web\/wp-content\/uploads\/2025\/11\/intendente-Mariano-Hormaechea-acompano-al-Gobernador-en-paraguay-2.jpg 1920w\" sizes=\"auto, (max-width: 300px) 100vw, 300px\" \/><img loading=\"lazy\" decoding=\"async\" class=\"alignnone size-medium wp-image-3239\" src=\"https:\/\/elpueblonoticia.com.ar\/web\/wp-content\/uploads\/2025\/11\/intendente-Mariano-Hormaechea-acompano-al-Gobernador-en-paraguay-4-300x200.jpg\" alt=\"\" width=\"300\" height=\"200\" srcset=\"https:\/\/elpueblonoticia.com.ar\/web\/wp-content\/uploads\/2025\/11\/intendente-Mariano-Hormaechea-acompano-al-Gobernador-en-paraguay-4-300x200.jpg 300w, https:\/\/elpueblonoticia.com.ar\/web\/wp-content\/uploads\/2025\/11\/intendente-Mariano-Hormaechea-acompano-al-Gobernador-en-paraguay-4-1024x683.jpg 1024w, https:\/\/elpueblonoticia.com.ar\/web\/wp-content\/uploads\/2025\/11\/intendente-Mariano-Hormaechea-acompano-al-Gobernador-en-paraguay-4-768x512.jpg 768w, https:\/\/elpueblonoticia.com.ar\/web\/wp-content\/uploads\/2025\/11\/intendente-Mariano-Hormaechea-acompano-al-Gobernador-en-paraguay-4-1536x1024.jpg 1536w, https:\/\/elpueblonoticia.com.ar\/web\/wp-content\/uploads\/2025\/11\/intendente-Mariano-Hormaechea-acompano-al-Gobernador-en-paraguay-4-630x420.jpg 630w, https:\/\/elpueblonoticia.com.ar\/web\/wp-content\/uploads\/2025\/11\/intendente-Mariano-Hormaechea-acompano-al-Gobernador-en-paraguay-4-696x464.jpg 696w, https:\/\/elpueblonoticia.com.ar\/web\/wp-content\/uploads\/2025\/11\/intendente-Mariano-Hormaechea-acompano-al-Gobernador-en-paraguay-4-1068x712.jpg 1068w, https:\/\/elpueblonoticia.com.ar\/web\/wp-content\/uploads\/2025\/11\/intendente-Mariano-Hormaechea-acompano-al-Gobernador-en-paraguay-4.jpg 2048w\" sizes=\"auto, (max-width: 300px) 100vw, 300px\" \/><\/p>\n<p class=\"x_MsoNormal\" data-olk-copy-source=\"MessageBody\">El gobernador acompa\u00f1\u00f3 ayer al presidente del vecino pa\u00eds, Santiago Pe\u00f1a, y a otras autoridades durante una jornada de trabajo y gesti\u00f3n en la localidad de Humait\u00e1.<\/p>\n<p class=\"x_MsoNormal\" aria-hidden=\"true\">\n<p class=\"x_MsoNormal\">EL INTENDENTE MARIANO HORMAECHEA PARTICIP\u00d3 JUNTO AL GOBERNADOR DE LA PROVINCIA Y EL GOBERNADOR ELECTO JUAN PABLO VALD\u00c9S A LA JORNADA DE INTEGRACI\u00d3N<\/p>\n<p class=\"x_MsoNormal\" aria-hidden=\"true\">\n<p class=\"x_MsoNormal\">El gobernador Gustavo Vald\u00e9s, junto con el gobernador electo, Juan Pablo Vald\u00e9s, el Intendente Mariano Hormaechea, acompa\u00f1\u00f3 el martes, al presidente de Paraguay, Santiago Pe\u00f1a; al vicepresidente de ese pa\u00eds, Pedro Alliana, y al gobernador de \u00d1eembuc\u00fa, V\u00edctor Hugo Forner\u00f3n, durante una jornada de trabajo y gesti\u00f3n en la localidad de Humait\u00e1, sobre desarrollo y la integraci\u00f3n regional.<\/p>\n<p class=\"x_MsoNormal\">Tras su retorno de Paraguay, el Intendente Mariano Hormaechea, expres\u00f3: \u201cAcompa\u00f1amos al gobernador Gustavo Vald\u00e9s y al presidente de Paraguay, Santiago Pe\u00f1a, en un acto cargado de emoci\u00f3n en Humait\u00e1, con firmas de contratos viales y entrega de viviendas que fortalecen el desarrollo y la integraci\u00f3n.\u201d<\/p>\n<p class=\"x_MsoNormal\">\u201cCorrientes y Paraguay comparten historia, cultura y valores. Hoy reafirmamos esa fraternidad que nos une y nos impulsa hacia un futuro com\u00fan de crecimiento y cooperaci\u00f3n.\u201d Afirm\u00f3 el Jefe Comunal Goyano<\/p>\n","protected":false},"excerpt":{"rendered":"<p>El gobernador acompa\u00f1\u00f3 ayer al presidente del vecino pa\u00eds, Santiago Pe\u00f1a, y a otras autoridades durante una jornada de trabajo y gesti\u00f3n en la localidad de Humait\u00e1. EL INTENDENTE MARIANO HORMAECHEA PARTICIP\u00d3 JUNTO AL GOBERNADOR DE LA PROVINCIA Y EL GOBERNADOR ELECTO JUAN PABLO VALD\u00c9S A LA JORNADA DE INTEGRACI\u00d3N El gobernador Gustavo Vald\u00e9s, junto [&hellip;]<\/p>\n","protected":false},"author":2,"featured_media":3234,"comment_status":"open","ping_status":"open","sticky":false,"template":"","format":"standard","meta":{"footnotes":""},"categories":[78],"tags":[],"class_list":{"0":"post-3236","1":"post","2":"type-post","3":"status-publish","4":"format-standard","5":"has-post-thumbnail","7":"category-generales"},"_links":{"self":[{"href":"https:\/\/elpueblonoticia.com.ar\/web\/wp-json\/wp\/v2\/posts\/3236","targetHints":{"allow":["GET"]}}],"collection":[{"href":"https:\/\/elpueblonoticia.com.ar\/web\/wp-json\/wp\/v2\/posts"}],"about":[{"href":"https:\/\/elpueblonoticia.com.ar\/web\/wp-json\/wp\/v2\/types\/post"}],"author":[{"embeddable":true,"href":"https:\/\/elpueblonoticia.com.ar\/web\/wp-json\/wp\/v2\/users\/2"}],"replies":[{"embeddable":true,"href":"https:\/\/elpueblonoticia.com.ar\/web\/wp-json\/wp\/v2\/comments?post=3236"}],"version-history":[{"count":0,"href":"https:\/\/elpueblonoticia.com.ar\/web\/wp-json\/wp\/v2\/posts\/3236\/revisions"}],"wp:featuredmedia":[{"embeddable":true,"href":"https:\/\/elpueblonoticia.com.ar\/web\/wp-json\/wp\/v2\/media\/3234"}],"wp:attachment":[{"href":"https:\/\/elpueblonoticia.com.ar\/web\/wp-json\/wp\/v2\/media?parent=3236"}],"wp:term":[{"taxonomy":"category","embeddable":true,"href":"https:\/\/elpueblonoticia.com.ar\/web\/wp-json\/wp\/v2\/categories?post=3236"},{"taxonomy":"post_tag","embeddable":true,"href":"https:\/\/elpueblonoticia.com.ar\/web\/wp-json\/wp\/v2\/tags?post=3236"}],"curies":[{"name":"wp","href":"https:\/\/api.w.org\/{rel}","templated":true}]}}