{"id":3228,"date":"2025-11-06T09:18:43","date_gmt":"2025-11-06T12:18:43","guid":{"rendered":"https:\/\/elpueblonoticia.com.ar\/web\/?p=3228"},"modified":"2025-11-06T09:18:43","modified_gmt":"2025-11-06T12:18:43","slug":"goya-fue-sede-del-tercer-encuentro-internacional-de-jovenes-palautianos","status":"publish","type":"post","link":"https:\/\/elpueblonoticia.com.ar\/web\/2025\/11\/06\/goya-fue-sede-del-tercer-encuentro-internacional-de-jovenes-palautianos\/","title":{"rendered":"GOYA FUE SEDE DEL TERCER ENCUENTRO INTERNACIONAL DE J\u00d3VENES PALAUTIANOS"},"content":{"rendered":"<p data-olk-copy-source=\"MessageBody\"><img loading=\"lazy\" decoding=\"async\" class=\"alignnone  wp-image-3230\" src=\"https:\/\/elpueblonoticia.com.ar\/web\/wp-content\/uploads\/2025\/11\/FotoJet-6-245x300.jpg\" alt=\"\" width=\"797\" height=\"976\" srcset=\"https:\/\/elpueblonoticia.com.ar\/web\/wp-content\/uploads\/2025\/11\/FotoJet-6-245x300.jpg 245w, https:\/\/elpueblonoticia.com.ar\/web\/wp-content\/uploads\/2025\/11\/FotoJet-6-836x1024.jpg 836w, https:\/\/elpueblonoticia.com.ar\/web\/wp-content\/uploads\/2025\/11\/FotoJet-6-768x941.jpg 768w, https:\/\/elpueblonoticia.com.ar\/web\/wp-content\/uploads\/2025\/11\/FotoJet-6-343x420.jpg 343w, https:\/\/elpueblonoticia.com.ar\/web\/wp-content\/uploads\/2025\/11\/FotoJet-6-696x853.jpg 696w, https:\/\/elpueblonoticia.com.ar\/web\/wp-content\/uploads\/2025\/11\/FotoJet-6-1068x1308.jpg 1068w, https:\/\/elpueblonoticia.com.ar\/web\/wp-content\/uploads\/2025\/11\/FotoJet-6.jpg 1200w\" sizes=\"auto, (max-width: 797px) 100vw, 797px\" \/><\/p>\n<p class=\"x_MsoNormal\" data-olk-copy-source=\"MessageBody\">Goya fue el epicentro, en forma virtual, del Tercer Encuentro Internacional de J\u00f3venes Palautianos, un evento que reuni\u00f3 a j\u00f3venes de todo el mundo para reflexionar sobre la realidad juvenil, fortalecer la comuni\u00f3n y construir entornos seguros en un mundo individualista.<\/p>\n<p class=\"x_MsoNormal\">El encuentro, que se realiz\u00f3 del martes 4 al mi\u00e9rcoles 5 de noviembre en el Instituto Santa Teresa de Jes\u00fas, destac\u00f3 la importancia del acompa\u00f1amiento a los j\u00f3venes.<\/p>\n<p class=\"x_MsoNormal\">Durante dos jornadas, los j\u00f3venes Palautianos vivieron este encuentro internacional como sembradores de esperanza en la Iglesia de hoy.<\/p>\n<p class=\"x_MsoNormal\">130 A\u00d1OS SEMBRANDO ESPERANZA<\/p>\n<p class=\"x_MsoNormal\">Sobre este tema se refiri\u00f3 Sergio Insaurralde Tajan, quien en declaraciones radiales destac\u00f3 el trabajo de la \u201cfamilia palautiana\u201d, que se remonta a 130 a\u00f1os, desde sus inicios con Francisco Palau.<\/p>\n<p class=\"x_MsoNormal\">&#8220;Hace 130 a\u00f1os, se realiza el servicio, desde ese sue\u00f1o de Francisco Palau que ech\u00f3 ra\u00edces en la tierra correntina y en Am\u00e9rica, para nosotros es una alegr\u00eda que, desde aqu\u00ed, por tercera edici\u00f3n consecutiva se realice este Encuentro que congrega a cientos de j\u00f3venes, hermanas, laicos, educadores, trabajadores sociales, es decir todos los espacios religiosas y laicos, en familia palautiana compartiendo esta identidad y este carisma que nos une\u201d, se\u00f1al\u00f3 Insaurralde Tajan.<\/p>\n<p class=\"x_MsoNormal\">En relaci\u00f3n a los temas tratados en el Encuentro, el Rector del Instituto Santa Teresa de Jes\u00fas, precis\u00f3 que estuvieron trabajando \u201cen la realidad juvenil que parten de los ejes carism\u00e1ticos que nosotros como congregaci\u00f3n tratamos de predicar no solo con la palabra sino fundamentalmente con la presencia, la cercan\u00eda y la compa\u00f1\u00eda que los j\u00f3venes hoy necesitan de ese acompa\u00f1amiento\u201d.<\/p>\n<p class=\"x_MsoNormal\">EJES TRATADOS<\/p>\n<p class=\"x_MsoNormal\">\u201cPor eso intentamos que el primer eje que tiene que ver con la comuni\u00f3n sean espacios de encuentro entre los j\u00f3venes y donde se puedan sentir escuchados y acompa\u00f1ados ante tantas debilidades y presiones, ante un mundo tan individualista, la necesidad de poder compartir y abrir los corazones para escucharse en el d\u00eda a d\u00eda, a \u00a0eso le llamamos, restaurar la belleza de la iglesia, y que tiene que ver, como dec\u00eda el Padre Palau: \u201centre Dios y los pr\u00f3jimos\u201d, no \u00a0podemos ver a un Dios descarnado y lejano, sino un Dios que habita en nosotros y en la humanidad\u201d.<\/p>\n<p class=\"x_MsoNormal\">TODOS LOS CONTINENTES<\/p>\n<p class=\"x_MsoNormal\">\u201cTodos los continentes, hoy estamos aqu\u00ed reunidos virtualmente y contamos con la visita hermosa y especial de la hermana Teresa de Rosa, justamente en el d\u00eda de su cumplea\u00f1os, ella es chilena, y tenemos el honor de recibirla porque es Hermana Provincial de Am\u00e9rica y por eso tiene una jerarqu\u00eda y trascendencia importante\u201d, -explic\u00f3-\u201c con este tipo de encuentros ven una oportunidad de \u201cderribar barreras culturales e idiom\u00e1ticas y en este caso la virtualidad como herramienta que nunca va a reemplazar la presencialidad, sin embargo es un modo de encontrarnos, de conversar y compartir realidades distintas, la persona humana es \u00fanica en el mundo con sus matices y que lindo que en este caso la virtualidad nos re\u00fane y convoca para analizar la realidad juvenil, sus problem\u00e1ticas, sus alegr\u00edas, sus luces y sombras, y en este caso es muy valorado la virtualidad para este uso\u201d, reitero.<\/p>\n<p class=\"x_MsoNormal\">LAS REDES<\/p>\n<p class=\"x_MsoNormal\">\u201cSe estuvo trabajando en el tema de la realidad y las redes, que tiene que ver con c\u00f3mo acercarnos, contar con entornos seguros, que los lugares donde nos movemos: los barrios, las familias, las escuelas, sean espacios de encuentros seguros, de vida, de construcci\u00f3n\u201d, detall\u00f3.<\/p>\n<p class=\"x_MsoNormal\">HERMANA TERESA<\/p>\n<p class=\"x_MsoNormal\">Por su parte la hermana Teresa de Rosa, coment\u00f3: \u201cgracias por la oportunidad de compartir la vida y sobre todo de la alegr\u00eda y el gozo de estos j\u00f3venes, el papa Le\u00f3n XIV est\u00e1 convocando a que los j\u00f3venes tengan su espacio y sean protagonistas y me da mucho orgullo que este colegio, que es nuestra primera presencia de las Carmelitas en Latinoam\u00e9rica es el que ha impulsado, ha permitido este Encuentro\u201d.<\/p>\n<p class=\"x_MsoNormal\">\u201cEn este encuentro (virtual) hay j\u00f3venes de Asia, Europa, Am\u00e9rica, \u00c1frica y esto nos hace sentir familia, nos hace sentir cuerpo y nos hace sentir que los protagonistas son los j\u00f3venes, quienes como dice el Papa tienen que ser sal y luz del mundo\u201d, reflexiono la Hermana Provincial.<\/p>\n","protected":false},"excerpt":{"rendered":"<p>Goya fue el epicentro, en forma virtual, del Tercer Encuentro Internacional de J\u00f3venes Palautianos, un evento que reuni\u00f3 a j\u00f3venes de todo el mundo para reflexionar sobre la realidad juvenil, fortalecer la comuni\u00f3n y construir entornos seguros en un mundo individualista. El encuentro, que se realiz\u00f3 del martes 4 al mi\u00e9rcoles 5 de noviembre en [&hellip;]<\/p>\n","protected":false},"author":2,"featured_media":3229,"comment_status":"open","ping_status":"open","sticky":false,"template":"","format":"standard","meta":{"footnotes":""},"categories":[56],"tags":[],"class_list":{"0":"post-3228","1":"post","2":"type-post","3":"status-publish","4":"format-standard","5":"has-post-thumbnail","7":"category-locales"},"_links":{"self":[{"href":"https:\/\/elpueblonoticia.com.ar\/web\/wp-json\/wp\/v2\/posts\/3228","targetHints":{"allow":["GET"]}}],"collection":[{"href":"https:\/\/elpueblonoticia.com.ar\/web\/wp-json\/wp\/v2\/posts"}],"about":[{"href":"https:\/\/elpueblonoticia.com.ar\/web\/wp-json\/wp\/v2\/types\/post"}],"author":[{"embeddable":true,"href":"https:\/\/elpueblonoticia.com.ar\/web\/wp-json\/wp\/v2\/users\/2"}],"replies":[{"embeddable":true,"href":"https:\/\/elpueblonoticia.com.ar\/web\/wp-json\/wp\/v2\/comments?post=3228"}],"version-history":[{"count":0,"href":"https:\/\/elpueblonoticia.com.ar\/web\/wp-json\/wp\/v2\/posts\/3228\/revisions"}],"wp:featuredmedia":[{"embeddable":true,"href":"https:\/\/elpueblonoticia.com.ar\/web\/wp-json\/wp\/v2\/media\/3229"}],"wp:attachment":[{"href":"https:\/\/elpueblonoticia.com.ar\/web\/wp-json\/wp\/v2\/media?parent=3228"}],"wp:term":[{"taxonomy":"category","embeddable":true,"href":"https:\/\/elpueblonoticia.com.ar\/web\/wp-json\/wp\/v2\/categories?post=3228"},{"taxonomy":"post_tag","embeddable":true,"href":"https:\/\/elpueblonoticia.com.ar\/web\/wp-json\/wp\/v2\/tags?post=3228"}],"curies":[{"name":"wp","href":"https:\/\/api.w.org\/{rel}","templated":true}]}}