{"id":3222,"date":"2025-11-06T09:07:22","date_gmt":"2025-11-06T12:07:22","guid":{"rendered":"https:\/\/elpueblonoticia.com.ar\/web\/?p=3222"},"modified":"2025-11-06T09:07:22","modified_gmt":"2025-11-06T12:07:22","slug":"charla-en-el-marco-del-dia-nacional-de-la-lucha-contra-el-grooming","status":"publish","type":"post","link":"https:\/\/elpueblonoticia.com.ar\/web\/2025\/11\/06\/charla-en-el-marco-del-dia-nacional-de-la-lucha-contra-el-grooming\/","title":{"rendered":"CHARLA EN EL MARCO DEL DIA NACIONAL DE LA LUCHA CONTRA EL GROOMING"},"content":{"rendered":"<p class=\"x_MsoNormal\" data-olk-copy-source=\"MessageBody\">Invitaci\u00f3n a familias y referentes afectivos<\/p>\n<p class=\"x_MsoNormal\" data-olk-copy-source=\"MessageBody\">En el marco del D\u00eda Nacional de la Lucha contra el Grooming (13 de noviembre), la Direcci\u00f3n de Fortalecimiento Familiar invita a participar de una charla\/taller destinada a padres, madres y adultos referentes.<\/p>\n<p class=\"x_MsoNormal\">Objetivo: Brindar herramientas para concientizar y prevenir el acoso virtual hacia ni\u00f1as, ni\u00f1os y adolescentes, promoviendo el di\u00e1logo cotidiano, la escucha emp\u00e1tica y el acompa\u00f1amiento en sus experiencias digitales.<\/p>\n<p class=\"x_MsoNormal\" aria-hidden=\"true\">\n<p class=\"x_MsoNormal\">Lugar: CPD Arco\u00edris (Catamarca y Pe\u00f1aloza)<\/p>\n<p class=\"x_MsoNormal\">D\u00eda: mi\u00e9rcoles 12 de noviembre<\/p>\n<p class=\"x_MsoNormal\">Hora: 15:30<\/p>\n<p class=\"x_MsoNormal\">Sumate a este espacio de reflexi\u00f3n y aprendizaje para seguir cuidando juntos a nuestras infancias.<\/p>\n","protected":false},"excerpt":{"rendered":"<p>Invitaci\u00f3n a familias y referentes afectivos En el marco del D\u00eda Nacional de la Lucha contra el Grooming (13 de noviembre), la Direcci\u00f3n de Fortalecimiento Familiar invita a participar de una charla\/taller destinada a padres, madres y adultos referentes. Objetivo: Brindar herramientas para concientizar y prevenir el acoso virtual hacia ni\u00f1as, ni\u00f1os y adolescentes, promoviendo [&hellip;]<\/p>\n","protected":false},"author":2,"featured_media":3225,"comment_status":"open","ping_status":"open","sticky":false,"template":"","format":"standard","meta":{"footnotes":""},"categories":[56],"tags":[],"class_list":{"0":"post-3222","1":"post","2":"type-post","3":"status-publish","4":"format-standard","5":"has-post-thumbnail","7":"category-locales"},"_links":{"self":[{"href":"https:\/\/elpueblonoticia.com.ar\/web\/wp-json\/wp\/v2\/posts\/3222","targetHints":{"allow":["GET"]}}],"collection":[{"href":"https:\/\/elpueblonoticia.com.ar\/web\/wp-json\/wp\/v2\/posts"}],"about":[{"href":"https:\/\/elpueblonoticia.com.ar\/web\/wp-json\/wp\/v2\/types\/post"}],"author":[{"embeddable":true,"href":"https:\/\/elpueblonoticia.com.ar\/web\/wp-json\/wp\/v2\/users\/2"}],"replies":[{"embeddable":true,"href":"https:\/\/elpueblonoticia.com.ar\/web\/wp-json\/wp\/v2\/comments?post=3222"}],"version-history":[{"count":0,"href":"https:\/\/elpueblonoticia.com.ar\/web\/wp-json\/wp\/v2\/posts\/3222\/revisions"}],"wp:featuredmedia":[{"embeddable":true,"href":"https:\/\/elpueblonoticia.com.ar\/web\/wp-json\/wp\/v2\/media\/3225"}],"wp:attachment":[{"href":"https:\/\/elpueblonoticia.com.ar\/web\/wp-json\/wp\/v2\/media?parent=3222"}],"wp:term":[{"taxonomy":"category","embeddable":true,"href":"https:\/\/elpueblonoticia.com.ar\/web\/wp-json\/wp\/v2\/categories?post=3222"},{"taxonomy":"post_tag","embeddable":true,"href":"https:\/\/elpueblonoticia.com.ar\/web\/wp-json\/wp\/v2\/tags?post=3222"}],"curies":[{"name":"wp","href":"https:\/\/api.w.org\/{rel}","templated":true}]}}