{"id":3219,"date":"2025-11-06T08:58:49","date_gmt":"2025-11-06T11:58:49","guid":{"rendered":"https:\/\/elpueblonoticia.com.ar\/web\/?p=3219"},"modified":"2025-11-06T09:01:57","modified_gmt":"2025-11-06T12:01:57","slug":"ministerio-de-desarrollo-social-delegacion-goya-informa-cronograma-de-entrega-de-modulos-alimentarios","status":"publish","type":"post","link":"https:\/\/elpueblonoticia.com.ar\/web\/2025\/11\/06\/ministerio-de-desarrollo-social-delegacion-goya-informa-cronograma-de-entrega-de-modulos-alimentarios\/","title":{"rendered":"MINISTERIO DE DESARROLLO SOCIAL DELEGACI\u00d3N GOYA INFORMA CRONOGRAMA DE ENTREGA DE M\u00d3DULOS ALIMENTARIOS"},"content":{"rendered":"<p class=\"x_MsoNormal\" data-olk-copy-source=\"MessageBody\">La Delegaci\u00f3n Goya de Desarrollo Social informa el cronograma de entrega de m\u00f3dulos alimentarios desde el 6 de octubre hasta el 23 de octubre de 2025. Los m\u00f3dulos se entregar\u00e1n \u00fanicamente en las fechas indicadas en el cronograma. Sin excepciones, presentarse con DNI.<\/p>\n<p class=\"x_MsoNormal\">CRONOGRAMA DE ENTREGA DE M\u00d3DULOS<\/p>\n<p class=\"x_MsoNormal\">Desde el 10 hasta el 27 de Noviembre de 2025<\/p>\n<p class=\"x_MsoNormal\">\u2022Lunes 10: 63 viv &#8211; Puente Chiappe- CGT- Leandro Alem -Yapey\u00fa -Virgen de Lourdes &#8211; Mauricio Valenzuela &#8211; Sargento Cabral- 99 viv- Virgen del Rosario- Jard\u00edn \u2013 Bicentenario -La Rotonda- Colonita Loza- Francisco Palau- Inmaculada concepci\u00f3n &#8211; San Cayetano &#8211; Santa Rita &#8211; Pl\u00e1cido Mart\u00ednez &#8211; Centro-9 de julio &#8211; Santa Ana.<\/p>\n<p class=\"x_MsoNormal\">\u2022Martes 11: Coqui Correa- Independencia- Itat\u00ed &#8211; Medalla Milagrosa- Santa Rosa de Lima &#8211; Santiago de la Hoz- Resurrecci\u00f3n &#8211; Mateo Marincovich- Estrella del sur- Pando.<\/p>\n<p class=\"x_MsoNormal\">\u2022Mi\u00e9rcoles 12: Aeropuerto y Remanso (Se lleva)<\/p>\n<p class=\"x_MsoNormal\">\u2022Jueves 13: 100viv- Virgen de Lujan-25 de mayo- 70 viv- 96viv. &#8211; 160viv. &#8211; Alberdi &#8211; Belgrano &#8211; San Francisco de As\u00eds- Golondrinas &#8211; \u00d1anderoga &#8211; \u00d1apind\u00e1- Sagrado Coraz\u00f3n de Jes\u00fas &#8211; Vital.<\/p>\n<p class=\"x_MsoNormal\">\u2022Viernes 14: Devoto &#8211; Devoto nuevo &#8211; Pje. Soledad (se lleva).<\/p>\n<p class=\"x_MsoNormal\">\u2022Lunes 17: San Ram\u00f3n<\/p>\n<p class=\"x_MsoNormal\">\u2022Martes 18: Arco\u00edris &#8211; Sarmiento.<\/p>\n<p class=\"x_MsoNormal\">\u2022Mi\u00e9rcoles 19: Santa Catalina &#8211; Puerto Boca (se lleva)<\/p>\n<p class=\"x_MsoNormal\">\u2022Jueves 20: La boca (ex chacal) &#8211; Esperanza<\/p>\n<p class=\"x_MsoNormal\">\u2022Martes 25: 1\u00ba de mayo &#8211; Coembot\u00e1- Laguna Bosco- Mariano Moreno- Sc\u00f3fano- G\u00fcemes.<\/p>\n<p class=\"x_MsoNormal\">\u2022Mi\u00e9rcoles 26: Santa Clara &#8211; Rinc\u00f3n de G\u00f3mez (se lleva).<\/p>\n<p class=\"x_MsoNormal\">\u2022Jueves 27: Francisco | &#8211; Matadero- Aeroclub- Santa Luc\u00eda-Juan XXIII<\/p>\n<p class=\"x_MsoNormal\">LOS M\u00d3DULOS SE ENTREGAR\u00c1N \u00daNICAMENTE EN LAS FECHAS INDICADAS EN EL CRONOGRAMA -SIN EXCEPCIONES -PRESENTARSE CON DNI<\/p>\n","protected":false},"excerpt":{"rendered":"<p>La Delegaci\u00f3n Goya de Desarrollo Social informa el cronograma de entrega de m\u00f3dulos alimentarios desde el 6 de octubre hasta el 23 de octubre de 2025. Los m\u00f3dulos se entregar\u00e1n \u00fanicamente en las fechas indicadas en el cronograma. Sin excepciones, presentarse con DNI. CRONOGRAMA DE ENTREGA DE M\u00d3DULOS Desde el 10 hasta el 27 de [&hellip;]<\/p>\n","protected":false},"author":2,"featured_media":3223,"comment_status":"open","ping_status":"open","sticky":false,"template":"","format":"standard","meta":{"footnotes":""},"categories":[78],"tags":[],"class_list":{"0":"post-3219","1":"post","2":"type-post","3":"status-publish","4":"format-standard","5":"has-post-thumbnail","7":"category-generales"},"_links":{"self":[{"href":"https:\/\/elpueblonoticia.com.ar\/web\/wp-json\/wp\/v2\/posts\/3219","targetHints":{"allow":["GET"]}}],"collection":[{"href":"https:\/\/elpueblonoticia.com.ar\/web\/wp-json\/wp\/v2\/posts"}],"about":[{"href":"https:\/\/elpueblonoticia.com.ar\/web\/wp-json\/wp\/v2\/types\/post"}],"author":[{"embeddable":true,"href":"https:\/\/elpueblonoticia.com.ar\/web\/wp-json\/wp\/v2\/users\/2"}],"replies":[{"embeddable":true,"href":"https:\/\/elpueblonoticia.com.ar\/web\/wp-json\/wp\/v2\/comments?post=3219"}],"version-history":[{"count":0,"href":"https:\/\/elpueblonoticia.com.ar\/web\/wp-json\/wp\/v2\/posts\/3219\/revisions"}],"wp:featuredmedia":[{"embeddable":true,"href":"https:\/\/elpueblonoticia.com.ar\/web\/wp-json\/wp\/v2\/media\/3223"}],"wp:attachment":[{"href":"https:\/\/elpueblonoticia.com.ar\/web\/wp-json\/wp\/v2\/media?parent=3219"}],"wp:term":[{"taxonomy":"category","embeddable":true,"href":"https:\/\/elpueblonoticia.com.ar\/web\/wp-json\/wp\/v2\/categories?post=3219"},{"taxonomy":"post_tag","embeddable":true,"href":"https:\/\/elpueblonoticia.com.ar\/web\/wp-json\/wp\/v2\/tags?post=3219"}],"curies":[{"name":"wp","href":"https:\/\/api.w.org\/{rel}","templated":true}]}}