{"id":3209,"date":"2025-11-06T08:26:38","date_gmt":"2025-11-06T11:26:38","guid":{"rendered":"https:\/\/elpueblonoticia.com.ar\/web\/?p=3209"},"modified":"2025-11-06T08:26:38","modified_gmt":"2025-11-06T11:26:38","slug":"se-inauguro-la-expo-carreras-2025-una-apuesta-firme-por-la-educacion-y-las-oportunidades","status":"publish","type":"post","link":"https:\/\/elpueblonoticia.com.ar\/web\/2025\/11\/06\/se-inauguro-la-expo-carreras-2025-una-apuesta-firme-por-la-educacion-y-las-oportunidades\/","title":{"rendered":"SE INAUGUR\u00d3 LA EXPO CARRERAS 2025: UNA APUESTA FIRME POR LA EDUCACI\u00d3N Y LAS OPORTUNIDADES"},"content":{"rendered":"<p data-olk-copy-source=\"MessageBody\"><img loading=\"lazy\" decoding=\"async\" class=\"alignnone  wp-image-3211\" src=\"https:\/\/elpueblonoticia.com.ar\/web\/wp-content\/uploads\/2025\/11\/FotoJet-5-300x195.jpg\" alt=\"\" width=\"929\" height=\"604\" srcset=\"https:\/\/elpueblonoticia.com.ar\/web\/wp-content\/uploads\/2025\/11\/FotoJet-5-300x195.jpg 300w, https:\/\/elpueblonoticia.com.ar\/web\/wp-content\/uploads\/2025\/11\/FotoJet-5-1024x666.jpg 1024w, https:\/\/elpueblonoticia.com.ar\/web\/wp-content\/uploads\/2025\/11\/FotoJet-5-768x500.jpg 768w, https:\/\/elpueblonoticia.com.ar\/web\/wp-content\/uploads\/2025\/11\/FotoJet-5-1536x999.jpg 1536w, https:\/\/elpueblonoticia.com.ar\/web\/wp-content\/uploads\/2025\/11\/FotoJet-5-646x420.jpg 646w, https:\/\/elpueblonoticia.com.ar\/web\/wp-content\/uploads\/2025\/11\/FotoJet-5-696x453.jpg 696w, https:\/\/elpueblonoticia.com.ar\/web\/wp-content\/uploads\/2025\/11\/FotoJet-5-1068x695.jpg 1068w, https:\/\/elpueblonoticia.com.ar\/web\/wp-content\/uploads\/2025\/11\/FotoJet-5.jpg 1845w\" sizes=\"auto, (max-width: 929px) 100vw, 929px\" \/><\/p>\n<p class=\"x_MsoNormal\" data-olk-copy-source=\"MessageBody\">En la ma\u00f1ana de este mi\u00e9rcoles 5 de noviembre, el Multiespacio \u201cAntonio Villarreal\u201d del Predio Costa Surub\u00ed fue escenario de una nueva edici\u00f3n de la Expo Carreras 2025, un espacio de encuentro que re\u00fane la amplia oferta acad\u00e9mica de la ciudad en los niveles universitario, terciario, de formaci\u00f3n profesional p\u00fablica y privada, adem\u00e1s de las incorporaciones a las fuerzas de seguridad nacional y provincial.<\/p>\n<p class=\"x_MsoNormal\">\u00a0Participaron del acto inaugural la Secretaria de Educaci\u00f3n de la Municipalidad de Goya, Dra. Sonia Espina, la Vicepresidente 2\u00aa del HCD, Dra. Viv\u00edan Merlo, el Secretario de Gobierno, Dr. Pablo Fern\u00e1ndez, el Secretario de Desarrollo Humano y Promoci\u00f3n Social, Julio Canteros, el Secretario de Modernizaci\u00f3n e Innovaci\u00f3n, Luciano Rol\u00f3n, el Secretario de Producci\u00f3n, Valerio Ram\u00edrez, junto a concejales, funcionarios municipales, autoridades educativas y directivos de los distintos niveles educativos.<\/p>\n<p class=\"x_MsoNormal\">El evento dio inicio con el tradicional corte de cinta y la entonaci\u00f3n del Himno Nacional Argentino.<\/p>\n<p class=\"x_MsoNormal\">Entre las instituciones participantes se encuentran: UNNE &#8211; Centro Regional Goya, Universidad Tecnol\u00f3gica Nacional (UTN), Universidad Siglo XXI, Universidad de la Cuenca del Plata, Prefectura Naval Argentina, Gendarmer\u00eda Nacional, Polic\u00eda de la Provincia de Corrientes, Instituto Superior Goya (ISG), Instituto Superior del Profesorado \u201cGral. Jos\u00e9 de San Mart\u00edn\u201d, Instituto Presb\u00edtero Manuel Alberti, Instituto Tecnol\u00f3gico Goya (ITG), Escuela T\u00e9cnica \u201cArq. Francisco Pinaroli\u201d, Colegio Secundario Magdalena G\u00f3mez de Tejada, Instituto del Nordeste, Instituto Gitana, Instituto Argentino de Peluquer\u00eda, Fundaci\u00f3n \u00c1gora, Instituto Saint Andrews, Edis, Escuela Municipal Antonio Villarreal, Escuela Municipal Nuestra Se\u00f1ora de Itat\u00ed, y diversas dependencias municipales.<\/p>\n<p class=\"x_MsoNormal\">Durante la jornada se desarrollan charlas de presentaci\u00f3n de la oferta acad\u00e9mica, simulacros de entrevistas laborales, talleres de armado de curr\u00edculum vitae, entre otras actividades de orientaci\u00f3n vocacional.<\/p>\n<p class=\"x_MsoNormal\">LIC. MARTA QUIJANO<\/p>\n<p class=\"x_MsoNormal\">La Lic. Marta Quijano, Secretaria Acad\u00e9mica del Instituto Superior del Profesorado General Jos\u00e9 de San Mart\u00edn, brind\u00f3 un mensaje durante el acto de apertura de esta nueva edici\u00f3n de la Expo Carreras.<\/p>\n<p class=\"x_MsoNormal\">\u201cEn primer lugar, agradezco al municipio por la invitaci\u00f3n para participar en este gran evento que nos convoca nuevamente en otra presentaci\u00f3n de la Expo Carreras\u201d, expres\u00f3 Quijano, valorando la continuidad de este espacio educativo en Goya.<\/p>\n<p class=\"x_MsoNormal\">En su discurso, subray\u00f3 el esfuerzo de organizaci\u00f3n y la importancia del compromiso institucional: \u201cS\u00e9 que este espacio significa y requiere planificaci\u00f3n y mucho trabajo para que todas las instituciones podamos mostrar y ofrecer lo que tenemos como posibilidad de estudio en nuestra ciudad. Entonces, destac\u00f3 en el municipio el objetivo de mostrar las posibilidades de poder estudiar en nuestra ciudad y ver a la educaci\u00f3n como una inversi\u00f3n\u201d, sostuvo.<\/p>\n<p class=\"x_MsoNormal\">La secretaria acad\u00e9mica agreg\u00f3: \u201cLa verdad que me siento agradecida por estar en este lugar y por poder ofrecer y mostrar lo que tenemos todos los institutos como carrera o como oferta laboral\u201d, remarcando el valor de la colaboraci\u00f3n entre los distintos niveles educativos.<\/p>\n<p class=\"x_MsoNormal\">Adem\u00e1s, reflexion\u00f3 sobre el rol formativo de las instituciones: \u201cViendo que en las trayectorias escolares y formativas no solamente acompa\u00f1amos, sino que tambi\u00e9n ofrecemos la posibilidad de crear y de que los chicos empiecen a crecer. As\u00ed que la verdad que es una buena oportunidad que la Expo Carreras nos convoque a todos los institutos para justamente ofrecer esta posibilidad de mostrar y de ofrecer un compromiso desde las instituciones educativas hacia la comunidad\u201d, expres\u00f3 Quijano.<\/p>\n<p class=\"x_MsoNormal\">Finalmente, alent\u00f3 a todos los participantes a aprovechar el encuentro: \u201cEspero que todos los institutos puedan lograr el objetivo de estar presentes hoy ac\u00e1 y que sea un momento de aprovechar estas oportunidades\u201d, concluy\u00f3 la licenciada.<\/p>\n<p class=\"x_MsoNormal\">SECRETARIA DE EDUCACI\u00d3N<\/p>\n<p class=\"x_MsoNormal\">El mensaje de la Dra. Sonia Espina: \u201cLa educaci\u00f3n sigue siendo la mejor herramienta para avanzar como sociedad\u201d.<\/p>\n<p class=\"x_MsoNormal\">La Secretaria de Educaci\u00f3n de la Municipalidad de Goya, Dra. Sonia Espina, destac\u00f3 la importancia del evento y el compromiso del municipio con la educaci\u00f3n: \u201cEsta es la Expo Carreras 2025, la cuarta que nos toca organizar a esta gesti\u00f3n\u201d, inici\u00f3 la funcionaria, y agreg\u00f3: \u201cles dejo los saludos del intendente municipal, el Dr. Mariano Hormaechea, que no puede estar presente por compromisos asumidos con anterioridad\u201d.<\/p>\n<p class=\"x_MsoNormal\">Espina resalt\u00f3 el valor que la actual gesti\u00f3n le otorga al desarrollo educativo: \u201cComo ustedes saben y creo que ha quedado demostrado, la educaci\u00f3n en esta gesti\u00f3n del intendente Hormaechea ha sido muy importante. Le ha dado una fuerza en todos los sentidos: desde la confianza con todas las instituciones educativas, desde la inversi\u00f3n que ha hecho en educaci\u00f3n, y desde el acompa\u00f1amiento y la proyecci\u00f3n hacia el futuro\u201d, subray\u00f3.<\/p>\n<p class=\"x_MsoNormal\">En su mensaje, se\u00f1al\u00f3 que \u201cLa Expo Carreras es un ejemplo, es la oportunidad que tenemos de mostrar la oferta acad\u00e9mica enorme que tiene la ciudad, porque Goya es un centro regional de educaci\u00f3n. Lo es hace muchos a\u00f1os y lo sigue siendo por el esfuerzo que realizan las distintas instituciones educativas de los diferentes niveles\u201d.<\/p>\n<p class=\"x_MsoNormal\">Tambi\u00e9n destac\u00f3 la amplitud de las opciones disponibles: \u201cLas universidades, los profesorados, las tecnicaturas, las formaciones profesionales, tanto presenciales como virtuales que tenemos en la ciudad, las fuerzas de seguridad y policiales que acompa\u00f1an, tambi\u00e9n son una propuesta para los chicos que se reciben del secundario\u201d, explic\u00f3 Espina.<\/p>\n<p class=\"x_MsoNormal\">Sobre el acompa\u00f1amiento institucional, afirm\u00f3: \u201cVemos en esta Expo ya en este horario lleno de alumnos, porque los rectores y directivos saben de la importancia que tiene poder realizar esta conexi\u00f3n entre la oferta acad\u00e9mica que tenemos y los chicos que est\u00e1n a punto de recibirse y de decidir su futuro\u201d, resalt\u00f3 la funcionaria.<\/p>\n<p class=\"x_MsoNormal\">Finalmente, cerr\u00f3 su discurso reafirmando el compromiso municipal con la educaci\u00f3n: \u201cSepan todos que cuentan con el apoyo del municipio, con el intendente Mariano Hormaechea, en esto que viene a futuro para que la educaci\u00f3n siga siendo una de las mejores herramientas que tenemos para avanzar como sociedad\u201d, concluy\u00f3 Espina.<\/p>\n<p class=\"x_MsoNormal\">RECONOCIMIENTO DEL HONORABLE CONCEJO DELIBERANTE<\/p>\n<p class=\"x_MsoNormal\">Por Resoluci\u00f3n de Presidencia N\u00b0 75, el Honorable Concejo Deliberante de Goya declar\u00f3 de Inter\u00e9s Municipal Principal la Expo Carreras 2025. La Vicepresidente 2\u00aa del HCD, junto a las concejales Gabriela Refojos y Susana Quiroz, hicieron entrega de la resoluci\u00f3n a la Secretar\u00eda de Educaci\u00f3n, destacando el valor de este evento como un espacio de promoci\u00f3n del conocimiento, la orientaci\u00f3n vocacional y el desarrollo educativo local.<\/p>\n<p class=\"x_MsoNormal\">Posteriormente, se recorrieron los m\u00e1s de 20 stands que forman parte de esta muestra, representando a instituciones educativas, fuerzas de seguridad y distintas \u00e1reas del municipio.<\/p>\n<p class=\"x_MsoNormal\">De esta manera, qued\u00f3 oficialmente inaugurada la Expo Carreras 2025, una edici\u00f3n que refleja el compromiso del municipio, las instituciones y la comunidad educativa con la formaci\u00f3n de los j\u00f3venes y el futuro acad\u00e9mico de Goya.<\/p>\n","protected":false},"excerpt":{"rendered":"<p>En la ma\u00f1ana de este mi\u00e9rcoles 5 de noviembre, el Multiespacio \u201cAntonio Villarreal\u201d del Predio Costa Surub\u00ed fue escenario de una nueva edici\u00f3n de la Expo Carreras 2025, un espacio de encuentro que re\u00fane la amplia oferta acad\u00e9mica de la ciudad en los niveles universitario, terciario, de formaci\u00f3n profesional p\u00fablica y privada, adem\u00e1s de las [&hellip;]<\/p>\n","protected":false},"author":2,"featured_media":3210,"comment_status":"open","ping_status":"open","sticky":false,"template":"","format":"standard","meta":{"footnotes":""},"categories":[56],"tags":[],"class_list":{"0":"post-3209","1":"post","2":"type-post","3":"status-publish","4":"format-standard","5":"has-post-thumbnail","7":"category-locales"},"_links":{"self":[{"href":"https:\/\/elpueblonoticia.com.ar\/web\/wp-json\/wp\/v2\/posts\/3209","targetHints":{"allow":["GET"]}}],"collection":[{"href":"https:\/\/elpueblonoticia.com.ar\/web\/wp-json\/wp\/v2\/posts"}],"about":[{"href":"https:\/\/elpueblonoticia.com.ar\/web\/wp-json\/wp\/v2\/types\/post"}],"author":[{"embeddable":true,"href":"https:\/\/elpueblonoticia.com.ar\/web\/wp-json\/wp\/v2\/users\/2"}],"replies":[{"embeddable":true,"href":"https:\/\/elpueblonoticia.com.ar\/web\/wp-json\/wp\/v2\/comments?post=3209"}],"version-history":[{"count":0,"href":"https:\/\/elpueblonoticia.com.ar\/web\/wp-json\/wp\/v2\/posts\/3209\/revisions"}],"wp:featuredmedia":[{"embeddable":true,"href":"https:\/\/elpueblonoticia.com.ar\/web\/wp-json\/wp\/v2\/media\/3210"}],"wp:attachment":[{"href":"https:\/\/elpueblonoticia.com.ar\/web\/wp-json\/wp\/v2\/media?parent=3209"}],"wp:term":[{"taxonomy":"category","embeddable":true,"href":"https:\/\/elpueblonoticia.com.ar\/web\/wp-json\/wp\/v2\/categories?post=3209"},{"taxonomy":"post_tag","embeddable":true,"href":"https:\/\/elpueblonoticia.com.ar\/web\/wp-json\/wp\/v2\/tags?post=3209"}],"curies":[{"name":"wp","href":"https:\/\/api.w.org\/{rel}","templated":true}]}}