{"id":3201,"date":"2025-11-06T08:10:18","date_gmt":"2025-11-06T11:10:18","guid":{"rendered":"https:\/\/elpueblonoticia.com.ar\/web\/?p=3201"},"modified":"2025-11-06T08:10:18","modified_gmt":"2025-11-06T11:10:18","slug":"nueva-inauguracion-de-calle-del-programa-mita-y-mita-en-barrio-mateo-marincovich","status":"publish","type":"post","link":"https:\/\/elpueblonoticia.com.ar\/web\/2025\/11\/06\/nueva-inauguracion-de-calle-del-programa-mita-y-mita-en-barrio-mateo-marincovich\/","title":{"rendered":"NUEVA INAUGURACI\u00d3N DE CALLE DEL PROGRAMA \u201cMITA Y MITA\u201d EN BARRIO MATEO MARINCOVICH"},"content":{"rendered":"<p class=\"x_MsoNormal\" data-olk-copy-source=\"MessageBody\">El intendente de Goya, doctor Mariano Hormaechea invita para ma\u00f1ana jueves 6 de noviembre a una nueva inauguraci\u00f3n de pavimento en hormig\u00f3n armado perteneciente al exitoso programa \u201cMita y Mita\u201d. Dicho acto se llevar\u00e1 a cabo a las 20 horas en calle Damacio Esquivel, entre calle Belgrano y Avenida Juan Domingo Per\u00f3n del Barrio Mateo Marincovich.<\/p>\n<p class=\"x_MsoNormal\">El jefe de la comuna de Goya en su mensaje expres\u00f3: \u00a1Queridos vecinos! Los invitamos el d\u00eda jueves 6 de noviembre a una nueva inauguraci\u00f3n del Programa \u201cMita y Mita\u201d. Calle Damacio Esquivel, entre Belgrano y Av. Juan Domingo Per\u00f3n, Barrio Mateo Marincovich. Horario 20:00 hs. \u00a1Los esperamos! #GoyaHaciaAdelante.<\/p>\n","protected":false},"excerpt":{"rendered":"<p>El intendente de Goya, doctor Mariano Hormaechea invita para ma\u00f1ana jueves 6 de noviembre a una nueva inauguraci\u00f3n de pavimento en hormig\u00f3n armado perteneciente al exitoso programa \u201cMita y Mita\u201d. Dicho acto se llevar\u00e1 a cabo a las 20 horas en calle Damacio Esquivel, entre calle Belgrano y Avenida Juan Domingo Per\u00f3n del Barrio Mateo [&hellip;]<\/p>\n","protected":false},"author":2,"featured_media":3202,"comment_status":"open","ping_status":"open","sticky":false,"template":"","format":"standard","meta":{"footnotes":""},"categories":[56],"tags":[],"class_list":{"0":"post-3201","1":"post","2":"type-post","3":"status-publish","4":"format-standard","5":"has-post-thumbnail","7":"category-locales"},"_links":{"self":[{"href":"https:\/\/elpueblonoticia.com.ar\/web\/wp-json\/wp\/v2\/posts\/3201","targetHints":{"allow":["GET"]}}],"collection":[{"href":"https:\/\/elpueblonoticia.com.ar\/web\/wp-json\/wp\/v2\/posts"}],"about":[{"href":"https:\/\/elpueblonoticia.com.ar\/web\/wp-json\/wp\/v2\/types\/post"}],"author":[{"embeddable":true,"href":"https:\/\/elpueblonoticia.com.ar\/web\/wp-json\/wp\/v2\/users\/2"}],"replies":[{"embeddable":true,"href":"https:\/\/elpueblonoticia.com.ar\/web\/wp-json\/wp\/v2\/comments?post=3201"}],"version-history":[{"count":0,"href":"https:\/\/elpueblonoticia.com.ar\/web\/wp-json\/wp\/v2\/posts\/3201\/revisions"}],"wp:featuredmedia":[{"embeddable":true,"href":"https:\/\/elpueblonoticia.com.ar\/web\/wp-json\/wp\/v2\/media\/3202"}],"wp:attachment":[{"href":"https:\/\/elpueblonoticia.com.ar\/web\/wp-json\/wp\/v2\/media?parent=3201"}],"wp:term":[{"taxonomy":"category","embeddable":true,"href":"https:\/\/elpueblonoticia.com.ar\/web\/wp-json\/wp\/v2\/categories?post=3201"},{"taxonomy":"post_tag","embeddable":true,"href":"https:\/\/elpueblonoticia.com.ar\/web\/wp-json\/wp\/v2\/tags?post=3201"}],"curies":[{"name":"wp","href":"https:\/\/api.w.org\/{rel}","templated":true}]}}