{"id":3196,"date":"2025-11-06T07:58:57","date_gmt":"2025-11-06T10:58:57","guid":{"rendered":"https:\/\/elpueblonoticia.com.ar\/web\/?p=3196"},"modified":"2025-11-06T07:58:57","modified_gmt":"2025-11-06T10:58:57","slug":"la-direccion-de-transito-y-estrellas-amarillas-llevaron-educacion-vial-a-colonia-carolina","status":"publish","type":"post","link":"https:\/\/elpueblonoticia.com.ar\/web\/2025\/11\/06\/la-direccion-de-transito-y-estrellas-amarillas-llevaron-educacion-vial-a-colonia-carolina\/","title":{"rendered":"LA DIRECCI\u00d3N DE TR\u00c1NSITO Y ESTRELLAS AMARILLAS LLEVARON EDUCACI\u00d3N VIAL A COLONIA CAROLINA"},"content":{"rendered":"<p data-olk-copy-source=\"MessageBody\"><img loading=\"lazy\" decoding=\"async\" class=\"alignnone  wp-image-3198\" src=\"https:\/\/elpueblonoticia.com.ar\/web\/wp-content\/uploads\/2025\/11\/FotoJet-4-300x219.jpg\" alt=\"\" width=\"925\" height=\"675\" srcset=\"https:\/\/elpueblonoticia.com.ar\/web\/wp-content\/uploads\/2025\/11\/FotoJet-4-300x219.jpg 300w, https:\/\/elpueblonoticia.com.ar\/web\/wp-content\/uploads\/2025\/11\/FotoJet-4-1024x747.jpg 1024w, https:\/\/elpueblonoticia.com.ar\/web\/wp-content\/uploads\/2025\/11\/FotoJet-4-768x560.jpg 768w, https:\/\/elpueblonoticia.com.ar\/web\/wp-content\/uploads\/2025\/11\/FotoJet-4-1536x1120.jpg 1536w, https:\/\/elpueblonoticia.com.ar\/web\/wp-content\/uploads\/2025\/11\/FotoJet-4-576x420.jpg 576w, https:\/\/elpueblonoticia.com.ar\/web\/wp-content\/uploads\/2025\/11\/FotoJet-4-696x508.jpg 696w, https:\/\/elpueblonoticia.com.ar\/web\/wp-content\/uploads\/2025\/11\/FotoJet-4-1068x779.jpg 1068w, https:\/\/elpueblonoticia.com.ar\/web\/wp-content\/uploads\/2025\/11\/FotoJet-4-324x235.jpg 324w, https:\/\/elpueblonoticia.com.ar\/web\/wp-content\/uploads\/2025\/11\/FotoJet-4.jpg 1645w\" sizes=\"auto, (max-width: 925px) 100vw, 925px\" \/><\/p>\n<p class=\"x_MsoNormal\" data-olk-copy-source=\"MessageBody\">La jornada se realiz\u00f3 en el Colegio Secundario de la localidad, donde alumnos del EPJA participaron de actividades l\u00fadicas y charlas sobre normas de conducci\u00f3n.<\/p>\n<p class=\"x_MsoNormal\">Continuando con su labor de concientizaci\u00f3n y educaci\u00f3n vial, la Direcci\u00f3n de Tr\u00e1nsito del Municipio de Goya junto a la ONG Estrellas Amarillas llevaron adelante una nueva salida a la comunidad y localidades vecinas. En esta oportunidad, la visita tuvo lugar el lunes 4 de noviembre, en la localidad de Colonia Carolina, donde se desarroll\u00f3 una jornada de capacitaci\u00f3n y reflexi\u00f3n en el Colegio Secundario, destinada a los alumnos del EPJA (Escuela para J\u00f3venes y Adultos).<\/p>\n<p class=\"x_MsoNormal\">La actividad comenz\u00f3 a las 18:30 horas y se extendi\u00f3 por aproximadamente tres horas, durante las cuales los participantes interactuaron activamente con el instructor de tr\u00e1nsito y con la referente de Estrellas Amarillas, Viviana Canaparro. A trav\u00e9s de din\u00e1micas participativas, juegos educativos y el intercambio de conocimientos, los asistentes pudieron aprender y reforzar las normas b\u00e1sicas de conducci\u00f3n y seguridad vial.<\/p>\n<p class=\"x_MsoNormal\">El encuentro concluy\u00f3 alrededor de las 21:30 horas, dejando una valiosa experiencia de aprendizaje y una mayor conciencia sobre la importancia de la responsabilidad al volante.<\/p>\n<p class=\"x_MsoNormal\">Con estas acciones, la Direcci\u00f3n de Tr\u00e1nsito y la ONG Estrellas Amarillas reafirman su compromiso con la educaci\u00f3n vial y la prevenci\u00f3n de accidentes, llegando a cada rinc\u00f3n del departamento con el mensaje de respeto por la vida y las normas que la protegen.<\/p>\n<p class=\"x_MsoNormal\" aria-hidden=\"true\">\n","protected":false},"excerpt":{"rendered":"<p>La jornada se realiz\u00f3 en el Colegio Secundario de la localidad, donde alumnos del EPJA participaron de actividades l\u00fadicas y charlas sobre normas de conducci\u00f3n. Continuando con su labor de concientizaci\u00f3n y educaci\u00f3n vial, la Direcci\u00f3n de Tr\u00e1nsito del Municipio de Goya junto a la ONG Estrellas Amarillas llevaron adelante una nueva salida a la [&hellip;]<\/p>\n","protected":false},"author":2,"featured_media":3197,"comment_status":"open","ping_status":"open","sticky":false,"template":"","format":"standard","meta":{"footnotes":""},"categories":[56],"tags":[],"class_list":{"0":"post-3196","1":"post","2":"type-post","3":"status-publish","4":"format-standard","5":"has-post-thumbnail","7":"category-locales"},"_links":{"self":[{"href":"https:\/\/elpueblonoticia.com.ar\/web\/wp-json\/wp\/v2\/posts\/3196","targetHints":{"allow":["GET"]}}],"collection":[{"href":"https:\/\/elpueblonoticia.com.ar\/web\/wp-json\/wp\/v2\/posts"}],"about":[{"href":"https:\/\/elpueblonoticia.com.ar\/web\/wp-json\/wp\/v2\/types\/post"}],"author":[{"embeddable":true,"href":"https:\/\/elpueblonoticia.com.ar\/web\/wp-json\/wp\/v2\/users\/2"}],"replies":[{"embeddable":true,"href":"https:\/\/elpueblonoticia.com.ar\/web\/wp-json\/wp\/v2\/comments?post=3196"}],"version-history":[{"count":0,"href":"https:\/\/elpueblonoticia.com.ar\/web\/wp-json\/wp\/v2\/posts\/3196\/revisions"}],"wp:featuredmedia":[{"embeddable":true,"href":"https:\/\/elpueblonoticia.com.ar\/web\/wp-json\/wp\/v2\/media\/3197"}],"wp:attachment":[{"href":"https:\/\/elpueblonoticia.com.ar\/web\/wp-json\/wp\/v2\/media?parent=3196"}],"wp:term":[{"taxonomy":"category","embeddable":true,"href":"https:\/\/elpueblonoticia.com.ar\/web\/wp-json\/wp\/v2\/categories?post=3196"},{"taxonomy":"post_tag","embeddable":true,"href":"https:\/\/elpueblonoticia.com.ar\/web\/wp-json\/wp\/v2\/tags?post=3196"}],"curies":[{"name":"wp","href":"https:\/\/api.w.org\/{rel}","templated":true}]}}