{"id":3191,"date":"2025-11-05T12:31:45","date_gmt":"2025-11-05T15:31:45","guid":{"rendered":"https:\/\/elpueblonoticia.com.ar\/web\/?p=3191"},"modified":"2025-11-05T12:31:45","modified_gmt":"2025-11-05T15:31:45","slug":"corrientes-activa-un-dispositivo-especial-de-seguridad-internacional","status":"publish","type":"post","link":"https:\/\/elpueblonoticia.com.ar\/web\/2025\/11\/05\/corrientes-activa-un-dispositivo-especial-de-seguridad-internacional\/","title":{"rendered":"Corrientes activa un dispositivo especial de seguridad internacional"},"content":{"rendered":"<p><img decoding=\"async\" src=\"https:\/\/www.powernoticias.com\/images\/202511042055216042\" \/><\/p>\n<p>Desde este martes, la Polic\u00eda de Corrientes implementa un dispositivo especial de seguridad en jurisdicci\u00f3n de las Unidades Regionales III, IV y V.<\/p>\n<p>La medida se enmarca en la coordinaci\u00f3n internacional entre fuerzas de seguridad de los pa\u00edses Brasil, Uruguay y Argentina, por lo cual se lleva adelante un Dispositivo Especial de Seguridad \u201cOperaci\u00f3n Fronteras\/Divisas Seguras \u2013 Operaciones Simult\u00e1neas 2025\u201d, que se desarrollar\u00e1 hasta el mi\u00e9rcoles 12, conforme a lo establecido en el Plan Operacional JP N\u00b024\/25.<\/p>\n<p>El operativo tiene como objetivo principal garantizar el mantenimiento del orden p\u00fablico, la seguridad vial y la prevenci\u00f3n del delito, mediante la distribuci\u00f3n estrat\u00e9gica de recursos humanos y materiales, bajo la supervisi\u00f3n del Comando Superior Policial y de las Unidades Regionales III (Curuz\u00fa Cuati\u00e1), IV (Paso de los Libres) y V (Santo Tom\u00e9).<\/p>\n<p>Participan activamente dependencias pertenecientes a la Direcci\u00f3n General de Coordinaci\u00f3n e Interior, Direcci\u00f3n General de Seguridad Rural y Ecol\u00f3gica, Direcci\u00f3n General de Seguridad Vial y Direcci\u00f3n General de Grupos Especiales, adem\u00e1s del personal de la Divisi\u00f3n Cient\u00edfica y Pericias.<\/p>\n<p>Durante el desarrollo del dispositivo, se implementar\u00e1n operativos terrestres coordinados sobre la Ruta Nacional N\u00b014 y la Ruta Provincial N\u00b094, abarcando m\u00e1s de 400 kil\u00f3metros dentro del territorio provincial, desde la localidad de Mocoret\u00e1 hasta el l\u00edmite con la provincia de Misiones, garantizando la cobertura preventiva en las principales v\u00edas de acceso y tr\u00e1nsito fronterizo.<\/p>\n<p>Asimismo, se establecer\u00e1 un corredor sanitario, con personal m\u00e9dico y de apoyo disponible durante todo el operativo, con el fin de brindar respuesta inmediata ante cualquier eventualidad, asegurando un traslado r\u00e1pido y seguro hacia los centros asistenciales.<\/p>\n<p>diario El Libertador<\/p>\n","protected":false},"excerpt":{"rendered":"<p>Desde este martes, la Polic\u00eda de Corrientes implementa un dispositivo especial de seguridad en jurisdicci\u00f3n de las Unidades Regionales III, IV y V. La medida se enmarca en la coordinaci\u00f3n internacional entre fuerzas de seguridad de los pa\u00edses Brasil, Uruguay y Argentina, por lo cual se lleva adelante un Dispositivo Especial de Seguridad \u201cOperaci\u00f3n Fronteras\/Divisas [&hellip;]<\/p>\n","protected":false},"author":2,"featured_media":3192,"comment_status":"open","ping_status":"open","sticky":false,"template":"","format":"standard","meta":{"footnotes":""},"categories":[68],"tags":[],"class_list":{"0":"post-3191","1":"post","2":"type-post","3":"status-publish","4":"format-standard","5":"has-post-thumbnail","7":"category-policiales-nacionales"},"_links":{"self":[{"href":"https:\/\/elpueblonoticia.com.ar\/web\/wp-json\/wp\/v2\/posts\/3191","targetHints":{"allow":["GET"]}}],"collection":[{"href":"https:\/\/elpueblonoticia.com.ar\/web\/wp-json\/wp\/v2\/posts"}],"about":[{"href":"https:\/\/elpueblonoticia.com.ar\/web\/wp-json\/wp\/v2\/types\/post"}],"author":[{"embeddable":true,"href":"https:\/\/elpueblonoticia.com.ar\/web\/wp-json\/wp\/v2\/users\/2"}],"replies":[{"embeddable":true,"href":"https:\/\/elpueblonoticia.com.ar\/web\/wp-json\/wp\/v2\/comments?post=3191"}],"version-history":[{"count":0,"href":"https:\/\/elpueblonoticia.com.ar\/web\/wp-json\/wp\/v2\/posts\/3191\/revisions"}],"wp:featuredmedia":[{"embeddable":true,"href":"https:\/\/elpueblonoticia.com.ar\/web\/wp-json\/wp\/v2\/media\/3192"}],"wp:attachment":[{"href":"https:\/\/elpueblonoticia.com.ar\/web\/wp-json\/wp\/v2\/media?parent=3191"}],"wp:term":[{"taxonomy":"category","embeddable":true,"href":"https:\/\/elpueblonoticia.com.ar\/web\/wp-json\/wp\/v2\/categories?post=3191"},{"taxonomy":"post_tag","embeddable":true,"href":"https:\/\/elpueblonoticia.com.ar\/web\/wp-json\/wp\/v2\/tags?post=3191"}],"curies":[{"name":"wp","href":"https:\/\/api.w.org\/{rel}","templated":true}]}}