{"id":3187,"date":"2025-11-05T12:25:48","date_gmt":"2025-11-05T15:25:48","guid":{"rendered":"https:\/\/elpueblonoticia.com.ar\/web\/?p=3187"},"modified":"2025-11-05T12:25:48","modified_gmt":"2025-11-05T15:25:48","slug":"javier-milei-inicia-una-nueva-gira-su-agenda-en-estados-unidos-y-bolivia","status":"publish","type":"post","link":"https:\/\/elpueblonoticia.com.ar\/web\/2025\/11\/05\/javier-milei-inicia-una-nueva-gira-su-agenda-en-estados-unidos-y-bolivia\/","title":{"rendered":"Javier Milei inicia una nueva gira: su agenda en Estados Unidos y Bolivia"},"content":{"rendered":"<p><strong>El presidente visitar\u00e1 ambos pa\u00edses con una intensa seguidilla de actividades pol\u00edticas y econ\u00f3micas. \u00bfSe reunir\u00e1 nuevamente con Donald Trump?<\/strong><\/p>\n<p>&nbsp;<\/p>\n<section class=\"detail-body first-paragraph\">\n<section class=\"body-content note-body content-protected-false\" data-twitter-link=\"&lt;a href=\">\n<p data-start=\"0\" data-end=\"578\">El presidente\u00a0<strong>Javier Milei<\/strong>\u00a0emprender\u00e1 una nueva gira internacional, que incluir\u00e1 reuniones en Estados Unidos y Bolivia, con una intensa agenda de actividades que combina exposiciones, encuentros pol\u00edticos y participaci\u00f3n en foros internacionales.<\/p>\n<\/section>\n<\/section>\n<section class=\"detail-body second-paragraph\">\n<section class=\"body-content note-body content-protected-false\">\n<p data-start=\"0\" data-end=\"578\"><span id=\"saysCMSEmphasisfzvg0z758kl\">Durante su paso por Miami, Palm Beach y Nueva York, el mandatario buscar\u00e1 fortalecer lazos con sectores conservadores y promover inversiones en Argentina ante el\u00a0<strong>Council of the Americas<\/strong>. Posteriormente, viajar\u00e1 a Bolivia para participar de los actos institucionales en el marco de la asunci\u00f3n del presidente electo Rodrigo Paz Pereira.<\/span><\/p>\n<section class=\"detail-body\">\n<section class=\"body-content note-body content-protected-false\">\n<p data-start=\"580\" data-end=\"720\">La gira presidencial se extender\u00e1 del\u00a0<strong>mi\u00e9rcoles 5 al s\u00e1bado 8 de noviembre<\/strong>, con m\u00faltiples compromisos oficiales y escalas internacionales.<\/p>\n<\/section>\n<\/section>\n<section class=\"detail-body\">\n<section class=\"body-content note-body content-protected-false\">\n<figure id=\"8144721-Libre-597214713_wrap\" class=\"embed_cont type_imagen\">\n<div id=\"8144721-Libre-597214713_content\" class=\"embed_content\"><img decoding=\"async\" src=\"https:\/\/media.minutouno.com\/p\/7a4f0c36d9e06d097a6fe9d053e0d486\/adjuntos\/150\/imagenes\/042\/889\/0042889915\/610x0\/smart\/javier-milei-contra-la-prensa-internacional.jpg\" data-src=\"https:\/\/media.minutouno.com\/p\/7a4f0c36d9e06d097a6fe9d053e0d486\/adjuntos\/150\/imagenes\/042\/889\/0042889915\/610x0\/smart\/javier-milei-contra-la-prensa-internacional.jpg\" data-td-src-property=\"&lt;a href=\" \/><\/div>\n<\/figure>\n<h2 data-start=\"727\" data-end=\"831\"><strong>Agenda de la gira internaciones de Javier Milei<\/strong><\/h2>\n<p>(Los horarios est\u00e1n expresados en hora argentina)<\/p>\n<\/section>\n<\/section>\n<section class=\"detail-body\">\n<section class=\"body-content note-body content-protected-false\">\n<p data-start=\"833\" data-end=\"863\"><strong data-start=\"833\" data-end=\"861\">Mi\u00e9rcoles 5 de noviembre<\/strong><\/p>\n<\/section>\n<\/section>\n<section class=\"detail-body\">\n<section class=\"body-content note-body content-protected-false\">\n<ul data-start=\"864\" data-end=\"1008\">\n<li data-start=\"864\" data-end=\"1008\">\n<p data-start=\"866\" data-end=\"1008\">15 hs \u2013 El presidente Milei partir\u00e1 en un vuelo especial rumbo a la ciudad de Miami, donde arribar\u00e1 a las 2:20 hs del jueves 6 de noviembre.<\/p>\n<\/li>\n<\/ul>\n<p data-start=\"1010\" data-end=\"1037\"><strong data-start=\"1010\" data-end=\"1035\">Jueves 6 de noviembre<\/strong><\/p>\n<ul data-start=\"1038\" data-end=\"1319\">\n<li data-start=\"1038\" data-end=\"1107\">\n<p data-start=\"1040\" data-end=\"1107\">17:45 hs \u2013 El Presidente hablar\u00e1 en el American Business Forum.<\/p>\n<\/li>\n<li data-start=\"1108\" data-end=\"1197\">\n<p data-start=\"1110\" data-end=\"1197\">19:15 hs \u2013 Partida del vuelo especial hacia Palm Beach, donde llegar\u00e1 a las 19:35 hs.<\/p>\n<\/li>\n<li data-start=\"1198\" data-end=\"1319\">\n<p data-start=\"1200\" data-end=\"1319\">22:30 hs \u2013 Intervenci\u00f3n del Presidente en la Cena de Gala de la Conferencia de Acci\u00f3n Pol\u00edtica Conservadora (CPAC).<\/p>\n<\/li>\n<\/ul>\n<p data-start=\"1321\" data-end=\"1349\"><strong data-start=\"1321\" data-end=\"1347\">Viernes 7 de noviembre<\/strong><\/p>\n<ul data-start=\"1350\" data-end=\"1625\">\n<li data-start=\"1350\" data-end=\"1405\">\n<p data-start=\"1352\" data-end=\"1405\">00:30 hs \u2013 Vuelo hacia Nueva York (arribo 3:30 hs).<\/p>\n<\/li>\n<li data-start=\"1406\" data-end=\"1533\">\n<p data-start=\"1408\" data-end=\"1533\">12 hs \u2013 Participaci\u00f3n en el conversatorio \u201cNuevas oportunidades de inversi\u00f3n en Argentina\u201d del Council of the Americas.<\/p>\n<\/li>\n<li data-start=\"1534\" data-end=\"1625\">\n<p data-start=\"1536\" data-end=\"1625\">19 hs \u2013 Partida hacia Santa Cruz de la Sierra, Bolivia (arribo 3 hs del d\u00eda siguiente).<\/p>\n<\/li>\n<\/ul>\n<p data-start=\"1627\" data-end=\"1654\"><strong data-start=\"1627\" data-end=\"1652\">S\u00e1bado 8 de noviembre<\/strong><\/p>\n<ul data-start=\"1655\" data-end=\"2012\" data-is-last-node=\"\" data-is-only-node=\"\">\n<li data-start=\"1655\" data-end=\"1720\">\n<p data-start=\"1657\" data-end=\"1720\">9:30 hs \u2013 Vuelo hacia la ciudad de El Alto (arribo 10:20 hs).<\/p>\n<\/li>\n<li data-start=\"1721\" data-end=\"1873\">\n<p data-start=\"1723\" data-end=\"1873\">11 hs \u2013 Participaci\u00f3n en la Solemne Sesi\u00f3n Inaugural de la Asamblea Nacional Legislativa Plurinacional y saludo al presidente Rodrigo Paz Pereira.<\/p>\n<\/li>\n<li data-start=\"1874\" data-end=\"1927\">\n<p data-start=\"1876\" data-end=\"1927\">13 hs \u2013 Ceremonia de entrega del bast\u00f3n de mando.<\/p>\n<\/li>\n<li data-start=\"1928\" data-end=\"1963\">\n<p data-start=\"1930\" data-end=\"1963\">14 hs \u2013 Regreso a Buenos Aires.<\/p>\n<\/li>\n<li data-start=\"1964\" data-end=\"2012\" data-is-last-node=\"\">\n<p data-start=\"1966\" data-end=\"2012\" data-is-last-node=\"\">17:35 hs \u2013 Arribo a la Ciudad de Buenos Aires.<\/p>\n<\/li>\n<\/ul>\n<h2><strong>Javier Milei se reuni\u00f3 con Peter Lamelas antes de su nuevo viaje a Estados Unidos<\/strong><\/h2>\n<p>Acompa\u00f1ado por el canciller\u00a0<strong>Pablo Quirno<\/strong>, el presidente\u00a0<strong>Javier Milei<\/strong>\u00a0recibi\u00f3 este martes las cartas credenciales del embajador de Estados Unidos,\u00a0<strong>Peter Lamelas<\/strong>, y luego mantuvo una reuni\u00f3n en su despacho.<\/p>\n<p>Se trat\u00f3 de una breve ceremonia en Casa Rosada, seg\u00fan informaron fuentes oficiales. En la misma oportunidad,\u00a0<strong>Milei hizo lo propio adem\u00e1s con los embajadores de la Uni\u00f3n Europea, Reino Unido, B\u00e9lgica, Austria y Suiza<\/strong>.<\/p>\n<figure id=\"8149144-Libre-1156024612_wrap\" class=\"embed_cont type_imagen\">\n<div id=\"8149144-Libre-1156024612_content\" class=\"embed_content\">\n<div id=\"standard_2\" class=\"st-placement standard_2 inImage\">\n<div class=\"st-adunit st-adunit-tagged st-reset st-show\">\n<div class=\"st-adunit-ad st-reset\"><\/div>\n<\/div>\n<\/div>\n<p><img decoding=\"async\" src=\"https:\/\/media.minutouno.com\/p\/e5eee092a1f4ac9af53198ad3fa341cb\/adjuntos\/150\/imagenes\/042\/920\/0042920838\/javier-milei-lamelas.jpg\" data-src=\"https:\/\/media.minutouno.com\/p\/e5eee092a1f4ac9af53198ad3fa341cb\/adjuntos\/150\/imagenes\/042\/920\/0042920838\/javier-milei-lamelas.jpg\" data-td-src-property=\"&lt;a href=\" \/>https:\/\/media.minutouno.com\/p\/e5eee092a1f4ac9af53198ad3fa341cb\/adjuntos\/150\/imagenes\/042\/920\/0042920838\/javier-milei-lamelas.jpg&#8221; alt=&#8221;&#8221; title=&#8221;&#8221; width=&#8221;610&#8243; height=&#8221;417&#8243; id=&#8221;8149144-Libre-1156024612_embed&#8221; style=&#8221;box-sizing: border-box; border: 0px; vertical-align: bottom; font: inherit; margin: 0px auto; padding: 0px; height: auto; max-width: 100%; width: auto;&#8221; \/&gt;<\/div>\n<\/figure>\n<p>Los encuentros se dan en medio del relanzamiento del Gobierno con los cambios en el Gabinete y en la previa a un nuevo viaje del Presidente a Estados Unidos.<\/p>\n<p>En medio de la reestructuraci\u00f3n interna, el mandatario viaja esta semana, una vez m\u00e1s, al pa\u00eds del norte para participar del American Business Forum, una cumbre de l\u00edderes mundiales que se celebra en la ciudad costera de Miami.<\/p>\n<p>Del encuentro tambi\u00e9n participar\u00e1n su par<strong>\u00a0Donald Trump,<\/strong>\u00a0la premio Nobel de la Paz 2025\u00a0<strong>Mar\u00eda Corina Machado<\/strong>\u00a0y hasta el astro del f\u00fatbol argentino\u00a0<strong>Lionel Messi.<\/strong><\/p>\n<p>El evento tendr\u00e1 lugar en el Kaseya Center, estadio del equipo de la NBA de los Miami Heat, y ser\u00e1 conducido por<strong>\u00a0Bret Baier<\/strong>, presentador de la cadena\u00a0<em>Fox News.<\/em><\/p>\n<\/section>\n<\/section>\n<\/section>\n<\/section>\n","protected":false},"excerpt":{"rendered":"<p>El presidente visitar\u00e1 ambos pa\u00edses con una intensa seguidilla de actividades pol\u00edticas y econ\u00f3micas. \u00bfSe reunir\u00e1 nuevamente con Donald Trump? &nbsp; El presidente\u00a0Javier Milei\u00a0emprender\u00e1 una nueva gira internacional, que incluir\u00e1 reuniones en Estados Unidos y Bolivia, con una intensa agenda de actividades que combina exposiciones, encuentros pol\u00edticos y participaci\u00f3n en foros internacionales. Durante su paso [&hellip;]<\/p>\n","protected":false},"author":2,"featured_media":3188,"comment_status":"open","ping_status":"open","sticky":false,"template":"","format":"standard","meta":{"footnotes":""},"categories":[66],"tags":[],"class_list":{"0":"post-3187","1":"post","2":"type-post","3":"status-publish","4":"format-standard","5":"has-post-thumbnail","7":"category-politica-nacionales"},"_links":{"self":[{"href":"https:\/\/elpueblonoticia.com.ar\/web\/wp-json\/wp\/v2\/posts\/3187","targetHints":{"allow":["GET"]}}],"collection":[{"href":"https:\/\/elpueblonoticia.com.ar\/web\/wp-json\/wp\/v2\/posts"}],"about":[{"href":"https:\/\/elpueblonoticia.com.ar\/web\/wp-json\/wp\/v2\/types\/post"}],"author":[{"embeddable":true,"href":"https:\/\/elpueblonoticia.com.ar\/web\/wp-json\/wp\/v2\/users\/2"}],"replies":[{"embeddable":true,"href":"https:\/\/elpueblonoticia.com.ar\/web\/wp-json\/wp\/v2\/comments?post=3187"}],"version-history":[{"count":0,"href":"https:\/\/elpueblonoticia.com.ar\/web\/wp-json\/wp\/v2\/posts\/3187\/revisions"}],"wp:featuredmedia":[{"embeddable":true,"href":"https:\/\/elpueblonoticia.com.ar\/web\/wp-json\/wp\/v2\/media\/3188"}],"wp:attachment":[{"href":"https:\/\/elpueblonoticia.com.ar\/web\/wp-json\/wp\/v2\/media?parent=3187"}],"wp:term":[{"taxonomy":"category","embeddable":true,"href":"https:\/\/elpueblonoticia.com.ar\/web\/wp-json\/wp\/v2\/categories?post=3187"},{"taxonomy":"post_tag","embeddable":true,"href":"https:\/\/elpueblonoticia.com.ar\/web\/wp-json\/wp\/v2\/tags?post=3187"}],"curies":[{"name":"wp","href":"https:\/\/api.w.org\/{rel}","templated":true}]}}