{"id":3177,"date":"2025-11-05T11:55:53","date_gmt":"2025-11-05T14:55:53","guid":{"rendered":"https:\/\/elpueblonoticia.com.ar\/web\/?p=3177"},"modified":"2025-11-05T11:55:53","modified_gmt":"2025-11-05T14:55:53","slug":"son-oficiales-las-subas-de-la-auh-asignaciones-familiares-y-los-nuevos-topes-de-las-jubilaciones-los-montos","status":"publish","type":"post","link":"https:\/\/elpueblonoticia.com.ar\/web\/2025\/11\/05\/son-oficiales-las-subas-de-la-auh-asignaciones-familiares-y-los-nuevos-topes-de-las-jubilaciones-los-montos\/","title":{"rendered":"Son oficiales las subas de la AUH, asignaciones familiares y los nuevos topes de las jubilaciones: los montos"},"content":{"rendered":"<p><strong>Siguiendo la inflaci\u00f3n medida por el Indec con dos meses de atraso, el gobierno de Javier Milei dispuso una suba del 2,08% en la AUH y dem\u00e1s asignaciones familiares que paga la Anses y oficializ\u00f3 los nuevos m\u00ednimo y m\u00e1ximo en los haberes jubilatorios.<\/strong><\/p>\n<p>&nbsp;<\/p>\n<section class=\"detail-body first-paragraph\">\n<section class=\"body-content note-body content-protected-false\" data-twitter-link=\"&lt;a href=\">El gobierno de\u00a0<strong>Javier Milei\u00a0<\/strong>aplic\u00f3 este mi\u00e9rcoles la f\u00f3rmula de\u00a0<strong>movilidad jubilatoria alas prestaciones previsionales y las asistencias familiares que paga la Administraci\u00f3n Nacional de la Seguridad Social (Anses) como la Asignaci\u00f3n Universal por Hijo (AUH)<\/strong>\u00a0y estableci\u00f3 los nuevos montos m\u00ednimo y m\u00e1ximo en los haberes jubilatorios.<\/p>\n<\/section>\n<\/section>\n<section class=\"detail-body second-paragraph\">\n<section class=\"body-content note-body content-protected-false\">As\u00ed qued\u00f3 plasmado en las Resoluciones 338\/2025 y 339\/2025 de la Anses publicadas hoy en el Bolet\u00edn Oficial con la firma del titular de dicho organismo,\u00a0<strong>Fernando Bearzi.<\/strong><\/p>\n<section class=\"detail-body\">\n<section class=\"body-content note-body content-protected-false\">Siguiendo la f\u00f3rmula de movilidad jubilatoria que impuso el a\u00f1o pasado por decreto el presidente Milei a espaldas del Congreso de la Naci\u00f3n, y que sigue la inflaci\u00f3n medida por el Instituto Nacional de Estad\u00edstica y Censos (Indec) con dos meses de retraso, se dispuso que las asignaciones familiares y haberes de los jubilados suban en noviembre un 2,08% (correspondiente al \u00cdndice de Precios al Consumidor de septiembre pasado).<\/p>\n<\/section>\n<\/section>\n<section class=\"detail-body\">\n<section class=\"body-content note-body content-protected-false\">De esta manera la Anses fij\u00f3 los valores m\u00ednimos y m\u00e1ximos de los haberes previsionales del SIPA que regir\u00e1n a partir de este mes. De acuerdo a lo dispuesto oficialmente<span id=\"saysCMSEmphasisk1vleuap40j\" class=\"saysCMSEmphasis\">, la jubilaci\u00f3n m\u00ednima se ubicar\u00e1 en noviembre en 333.085,39 pesos, mientras que la jubilaci\u00f3n m\u00e1xima ser\u00e1 de 2.241.349,35 pesos.<\/span>\u00a0La resoluci\u00f3n tambi\u00e9n actualiza la base imponible m\u00ednima en 112.183,09 pesos y la m\u00e1xima en 3.645.898 pesos.<\/p>\n<\/section>\n<\/section>\n<section class=\"detail-body\">\n<section class=\"body-content note-body content-protected-false\">\n<figure id=\"7877651-Libre-1835893375_wrap\" class=\"embed_cont type_imagen\">\n<div id=\"7877651-Libre-1835893375_content\" class=\"embed_content\">\n<div id=\"standard_2\" class=\"st-placement standard_2 inImage\">\n<div class=\"st-adunit st-adunit-tagged st-reset st-show\">\n<div class=\"st-adunit-ad st-reset\">\n<div class=\"st-display-render st-reset direct 600x150\">\n<div class=\"st-canvas st-reset horizontal-responsive\"><\/div>\n<\/div>\n<\/div>\n<\/div>\n<\/div>\n<p><img decoding=\"async\" src=\"https:\/\/media.minutouno.com\/p\/a1850016808449a94409803770c2a733\/adjuntos\/150\/imagenes\/041\/171\/0041171818\/610x0\/smart\/anses.jpg\" data-src=\"https:\/\/media.minutouno.com\/p\/a1850016808449a94409803770c2a733\/adjuntos\/150\/imagenes\/041\/171\/0041171818\/610x0\/smart\/anses.jpg\" data-td-src-property=\"&lt;a href=\" \/><\/div>\n<\/figure>\n<p>Asimismo, la Anses estableci\u00f3 en 152.371,37 pesos el valor de la Prestaci\u00f3n B\u00e1sica Universal (PBU), que forma parte del haber previsional. En tanto, la Pensi\u00f3n Universal para el Adulto Mayor (PUAM) quedar\u00e1 fijada en 266.468,31 pesos y las pensiones no contributivas por invalidez o vejez en233.136,88 pesos.<\/p>\n<\/section>\n<\/section>\n<section class=\"detail-body\">\n<section class=\"body-content note-body content-protected-false\">Este aumento tambi\u00e9n rige a partir de noviembre en los beneficios que perciben los trabajadores registrados, monotributistas, jubilados y titulares de prestaciones previsionales con derecho a asignaciones.<\/p>\n<p>Los grupos familiares en los que uno de sus integrantes perciba ingresos mensuales superiores a 2.453.609 pesos quedan excluidos del cobro de asignaciones familiares, aun cuando la suma total de sus ingresos no supere el l\u00edmite m\u00e1ximo establecido para el beneficio.<\/p>\n<figure id=\"8099228-Libre-149946561_wrap\" class=\"embed_cont type_imagen\">\n<div id=\"8099228-Libre-149946561_content\" class=\"embed_content\"><img decoding=\"async\" src=\"https:\/\/media.minutouno.com\/p\/cb1d8533c25eebc00c5b6fb41cd13c0c\/adjuntos\/150\/imagenes\/042\/581\/0042581119\/610x0\/smart\/jubiladosjpg.jpg\" data-src=\"https:\/\/media.minutouno.com\/p\/cb1d8533c25eebc00c5b6fb41cd13c0c\/adjuntos\/150\/imagenes\/042\/581\/0042581119\/610x0\/smart\/jubiladosjpg.jpg\" data-td-src-property=\"&lt;a href=\" \/><\/div>\n<\/figure>\n<p>Los titulares percibir\u00e1n los siguientes importes por hijo o hija:<\/p>\n<ul class=\"\">\n<li class=\"\">Asignaci\u00f3n Universal por Hijo: 95.737,66 pesos.<\/li>\n<li class=\"\">Asignaci\u00f3n Universal por Hijo con Discapacidad: 311.748,35 pesos.<\/li>\n<li class=\"\">Asignaci\u00f3n por Embarazo: 95.737,66 pesos.<\/li>\n<\/ul>\n<p>El 20% restante queda retenido hasta que se presente la Libreta AUH, con el fin de acreditar la asistencia escolar y sanitaria de los menores.<\/p>\n<\/section>\n<\/section>\n<\/section>\n<\/section>\n","protected":false},"excerpt":{"rendered":"<p>Siguiendo la inflaci\u00f3n medida por el Indec con dos meses de atraso, el gobierno de Javier Milei dispuso una suba del 2,08% en la AUH y dem\u00e1s asignaciones familiares que paga la Anses y oficializ\u00f3 los nuevos m\u00ednimo y m\u00e1ximo en los haberes jubilatorios. &nbsp; El gobierno de\u00a0Javier Milei\u00a0aplic\u00f3 este mi\u00e9rcoles la f\u00f3rmula de\u00a0movilidad jubilatoria [&hellip;]<\/p>\n","protected":false},"author":2,"featured_media":3178,"comment_status":"open","ping_status":"open","sticky":false,"template":"","format":"standard","meta":{"footnotes":""},"categories":[65],"tags":[],"class_list":{"0":"post-3177","1":"post","2":"type-post","3":"status-publish","4":"format-standard","5":"has-post-thumbnail","7":"category-economia"},"_links":{"self":[{"href":"https:\/\/elpueblonoticia.com.ar\/web\/wp-json\/wp\/v2\/posts\/3177","targetHints":{"allow":["GET"]}}],"collection":[{"href":"https:\/\/elpueblonoticia.com.ar\/web\/wp-json\/wp\/v2\/posts"}],"about":[{"href":"https:\/\/elpueblonoticia.com.ar\/web\/wp-json\/wp\/v2\/types\/post"}],"author":[{"embeddable":true,"href":"https:\/\/elpueblonoticia.com.ar\/web\/wp-json\/wp\/v2\/users\/2"}],"replies":[{"embeddable":true,"href":"https:\/\/elpueblonoticia.com.ar\/web\/wp-json\/wp\/v2\/comments?post=3177"}],"version-history":[{"count":0,"href":"https:\/\/elpueblonoticia.com.ar\/web\/wp-json\/wp\/v2\/posts\/3177\/revisions"}],"wp:featuredmedia":[{"embeddable":true,"href":"https:\/\/elpueblonoticia.com.ar\/web\/wp-json\/wp\/v2\/media\/3178"}],"wp:attachment":[{"href":"https:\/\/elpueblonoticia.com.ar\/web\/wp-json\/wp\/v2\/media?parent=3177"}],"wp:term":[{"taxonomy":"category","embeddable":true,"href":"https:\/\/elpueblonoticia.com.ar\/web\/wp-json\/wp\/v2\/categories?post=3177"},{"taxonomy":"post_tag","embeddable":true,"href":"https:\/\/elpueblonoticia.com.ar\/web\/wp-json\/wp\/v2\/tags?post=3177"}],"curies":[{"name":"wp","href":"https:\/\/api.w.org\/{rel}","templated":true}]}}