{"id":3173,"date":"2025-11-05T11:40:20","date_gmt":"2025-11-05T14:40:20","guid":{"rendered":"https:\/\/elpueblonoticia.com.ar\/web\/?p=3173"},"modified":"2025-11-05T11:40:20","modified_gmt":"2025-11-05T14:40:20","slug":"uno-por-uno-como-quedo-el-nuevo-gabinete-de-javier-milei-tras-los-recientes-cambios","status":"publish","type":"post","link":"https:\/\/elpueblonoticia.com.ar\/web\/2025\/11\/05\/uno-por-uno-como-quedo-el-nuevo-gabinete-de-javier-milei-tras-los-recientes-cambios\/","title":{"rendered":"Uno por uno: c\u00f3mo qued\u00f3 el nuevo Gabinete de Javier Milei tras los recientes cambios"},"content":{"rendered":"<p><img decoding=\"async\" src=\"https:\/\/media.minutouno.com\/p\/a0b9da31738bed71a448fa568030e508\/adjuntos\/150\/imagenes\/042\/913\/0042913763\/610x0\/smart\/diego-santilli-milei.jpg\" data-src=\"https:\/\/media.minutouno.com\/p\/a0b9da31738bed71a448fa568030e508\/adjuntos\/150\/imagenes\/042\/913\/0042913763\/610x0\/smart\/diego-santilli-milei.jpg\" data-td-src-property=\"&lt;a href=\" \/><\/p>\n<p class=\"ignore-parser\"><strong>La nueva estructura del Ejecutivo nacional refuerza el control de Karina Milei, quien una vez m\u00e1s se impuso en la interna frente a Santiago Caputo.\u00a0\u00a0<\/strong><\/p>\n<p>&nbsp;<\/p>\n<p class=\"ignore-parser\">Tras los cambios anunciados, el presidente\u00a0Javier Milei\u00a0deline\u00f3 el nuevo\u00a0Gabinete\u00a0que lo acompa\u00f1ar\u00e1 en la segunda etapa de gesti\u00f3n, con el objetivo de asegurar consensos legislativos para las reformas que busca impulsar en el Congreso.<\/p>\n<p>El nuevo esquema del Ejecutivo nacional refuerza el control de la secretaria General de la Presidencia, Karina Milei, quien se impuso en la interna frente a Santiago Caputo. Esto qued\u00f3 plasmado con el desembarco de Manuel Adorni en la Jefatura de Gabinete.<\/p>\n<section class=\"detail-body\">\n<section class=\"body-content note-body content-protected-false\">\n<p data-start=\"1114\" data-end=\"1480\">En la misma l\u00ednea, la designaci\u00f3n del diputado del PRO\u00a0<strong data-start=\"1169\" data-end=\"1187\">Diego Santilli<\/strong>\u00a0al frente del\u00a0<strong data-start=\"1202\" data-end=\"1229\">Ministerio del Interior<\/strong>\u00a0busca fortalecer los canales de di\u00e1logo con las provincias y el Congreso.\u00a0<strong>&#8220;Diego ser\u00e1 quien lleve adelante las conversaciones con gobernadores y legisladores para articular los consensos necesarios para las reformas que vienen&#8221;<\/strong>, expres\u00f3 Javier Milei en X.<\/p>\n<\/section>\n<\/section>\n<section class=\"detail-body\">\n<section class=\"body-content note-body content-protected-false\">\n<p data-start=\"1482\" data-end=\"1931\">Entre los cambios m\u00e1s destacados se encuentra la transici\u00f3n en el\u00a0<strong data-start=\"142\" data-end=\"169\">Ministerio de Seguridad<\/strong>, donde\u00a0<strong data-start=\"177\" data-end=\"198\">Patricia Bullrich<\/strong>\u00a0dejar\u00e1 el cargo el\u00a0<strong data-start=\"218\" data-end=\"237\">10 de diciembre<\/strong>\u00a0para asumir su banca en el Senado. Ser\u00e1 reemplazada por\u00a0<strong data-start=\"294\" data-end=\"318\">Alejandra Monteoliva<\/strong>, actual secretaria del \u00e1rea y parte de su equipo de confianza. En\u00a0<strong data-start=\"385\" data-end=\"396\">Defensa<\/strong>,\u00a0<strong data-start=\"398\" data-end=\"412\">Luis Petri<\/strong>\u00a0seguir\u00e1 un camino similar cuando asuma como diputado, mientras se define su reemplazo, con\u00a0<strong data-start=\"504\" data-end=\"524\">Luciana Carrasco<\/strong>\u00a0como principal candidata.<\/p>\n<\/section>\n<\/section>\n<section class=\"detail-body\">\n<section class=\"body-content note-body content-protected-false\">\n<p data-start=\"1933\" data-end=\"2235\"><span id=\"saysCMSEmphasis03om880y5vdq\" class=\"saysCMSEmphasis\">En tanto, el ministro de Justicia Mariano C\u00faneo Libarona, que lleg\u00f3 a despedirse de su equipo de trabajo antes de las elecciones intermedias, permanecer\u00e1 en el cargo al menos seis meses m\u00e1s, por decisi\u00f3n de Karina Milei que no ve con buenos ojos a su viceministro, Sebasti\u00e1n Amerio, cercano al asesor presidencial Santiago Caputo.<\/span><\/p>\n<p data-start=\"2237\" data-end=\"2484\">La ministra de Capital Humano<strong data-start=\"2240\" data-end=\"2289\">, Sandra Pettovello<\/strong>, sigue siendo una de las funcionarias m\u00e1s valoradas por el mandatario, junto con los denominados\u00a0<strong>&#8220;colosos&#8221;<\/strong>\u00a0del Gabinete:\u00a0<strong data-start=\"2411\" data-end=\"2426\">Luis Caputo<\/strong>\u00a0(Econom\u00eda) y\u00a0<strong data-start=\"2440\" data-end=\"2465\">Federico Sturzenegger<\/strong>\u00a0(Desregulaci\u00f3n).<\/p>\n<p data-start=\"2486\" data-end=\"2785\">Adem\u00e1s, el flamante canciller\u00a0<strong data-start=\"2524\" data-end=\"2540\">Pablo Quirno<\/strong>, quien asumi\u00f3 tras la salida de Gerardo Werthein, y tendr\u00e1 a su cargo los v\u00ednculos con Estados Unidos. Tambi\u00e9n forman parte del n\u00facleo duro\u00a0<strong data-start=\"2681\" data-end=\"2707\">Mar\u00eda Ibarzabal Murphy<\/strong>\u00a0(Legal y T\u00e9cnica) y\u00a0<strong data-start=\"2728\" data-end=\"2745\">Mario Lugones<\/strong>\u00a0(Salud), ambos del entorno de Caputo.<\/p>\n<p data-start=\"2787\" data-end=\"3002\">Completan al nuevo Gabinete, los secretarios\u00a0<strong data-start=\"2833\" data-end=\"2854\">Carlos Torrendell<\/strong>\u00a0(Educaci\u00f3n),\u00a0<strong data-start=\"2868\" data-end=\"2888\">Leonardo Cifelli<\/strong>\u00a0(Cultura),\u00a0<strong data-start=\"2900\" data-end=\"2919\">Sergio Nieffert<\/strong>\u00a0(Inteligencia de Estado) y\u00a0<strong data-start=\"2947\" data-end=\"2964\">Javier Lanari<\/strong>, sucesor de Manuel Adorni en Comunicaci\u00f3n.<\/p>\n<\/section>\n<\/section>\n","protected":false},"excerpt":{"rendered":"<p>La nueva estructura del Ejecutivo nacional refuerza el control de Karina Milei, quien una vez m\u00e1s se impuso en la interna frente a Santiago Caputo.\u00a0\u00a0 &nbsp; Tras los cambios anunciados, el presidente\u00a0Javier Milei\u00a0deline\u00f3 el nuevo\u00a0Gabinete\u00a0que lo acompa\u00f1ar\u00e1 en la segunda etapa de gesti\u00f3n, con el objetivo de asegurar consensos legislativos para las reformas que busca [&hellip;]<\/p>\n","protected":false},"author":2,"featured_media":3174,"comment_status":"open","ping_status":"open","sticky":false,"template":"","format":"standard","meta":{"footnotes":""},"categories":[66],"tags":[],"class_list":{"0":"post-3173","1":"post","2":"type-post","3":"status-publish","4":"format-standard","5":"has-post-thumbnail","7":"category-politica-nacionales"},"_links":{"self":[{"href":"https:\/\/elpueblonoticia.com.ar\/web\/wp-json\/wp\/v2\/posts\/3173","targetHints":{"allow":["GET"]}}],"collection":[{"href":"https:\/\/elpueblonoticia.com.ar\/web\/wp-json\/wp\/v2\/posts"}],"about":[{"href":"https:\/\/elpueblonoticia.com.ar\/web\/wp-json\/wp\/v2\/types\/post"}],"author":[{"embeddable":true,"href":"https:\/\/elpueblonoticia.com.ar\/web\/wp-json\/wp\/v2\/users\/2"}],"replies":[{"embeddable":true,"href":"https:\/\/elpueblonoticia.com.ar\/web\/wp-json\/wp\/v2\/comments?post=3173"}],"version-history":[{"count":0,"href":"https:\/\/elpueblonoticia.com.ar\/web\/wp-json\/wp\/v2\/posts\/3173\/revisions"}],"wp:featuredmedia":[{"embeddable":true,"href":"https:\/\/elpueblonoticia.com.ar\/web\/wp-json\/wp\/v2\/media\/3174"}],"wp:attachment":[{"href":"https:\/\/elpueblonoticia.com.ar\/web\/wp-json\/wp\/v2\/media?parent=3173"}],"wp:term":[{"taxonomy":"category","embeddable":true,"href":"https:\/\/elpueblonoticia.com.ar\/web\/wp-json\/wp\/v2\/categories?post=3173"},{"taxonomy":"post_tag","embeddable":true,"href":"https:\/\/elpueblonoticia.com.ar\/web\/wp-json\/wp\/v2\/tags?post=3173"}],"curies":[{"name":"wp","href":"https:\/\/api.w.org\/{rel}","templated":true}]}}