{"id":3169,"date":"2025-11-05T11:32:29","date_gmt":"2025-11-05T14:32:29","guid":{"rendered":"https:\/\/elpueblonoticia.com.ar\/web\/?p=3169"},"modified":"2025-11-05T11:32:29","modified_gmt":"2025-11-05T14:32:29","slug":"el-gobierno-anuncio-un-aumento-salarial-del-60-para-los-trabajadores-del-hospital-garrahan","status":"publish","type":"post","link":"https:\/\/elpueblonoticia.com.ar\/web\/2025\/11\/05\/el-gobierno-anuncio-un-aumento-salarial-del-60-para-los-trabajadores-del-hospital-garrahan\/","title":{"rendered":"El Gobierno anunci\u00f3 un aumento salarial del 60% para los trabajadores del Hospital Garrahan"},"content":{"rendered":"<p>Se trata de un incremento para el personal de planta, contratos de empleo p\u00fablico, becarios y residentes con Beca Instituci\u00f3n. El Gobierno confirm\u00f3 un \u201caumento hist\u00f3rico\u201d cercano al 60% en la asignaci\u00f3n b\u00e1sica para los trabajadores del Hospital Garrahan.<\/p>\n<p>Seg\u00fan informaron a trav\u00e9s de un comunicado, se trata de un incremento para el personal de planta, contratos de empleo p\u00fablico, becarios y residentes con Beca Instituci\u00f3n.<\/p>\n<p>\u201cDesde el 10 de diciembre de 2023, con el inicio de la nueva gesti\u00f3n nacional, el Garrahan comenz\u00f3 un proceso profundo de orden, transparencia y eficiencia\u201d, comienza el texto que se public\u00f3 en las redes oficiales del centro de salud pedi\u00e1trico.<\/p>\n<p>Tras ello, se destac\u00f3 el aceleramiento del \u201cbono mensual fijo de $350.000 para el personal no asistencial y de $450.000 para el personal asistencial\u201d. Esto, se\u00f1alaron desde el Gobierno, \u201cse logr\u00f3 con recursos propios y sin afectar la sostenibilidad del hospital\u201d.<\/p>\n<p>\u201cHoy, gracias al trabajo conjunto con el Gobierno Nacional, ese reconocimiento se consolida con un aumento de sueldo cercano al 60% en la asignaci\u00f3n b\u00e1sica\u201d, detallaron.<\/p>\n<p>Ante esto, se destac\u00f3 que \u201cen el Hospital Garrahan la eficiencia no es una palabra vac\u00eda: es lo que hace posible cuidar mejor a quienes todos los d\u00edas cuidan a los ni\u00f1os de este pa\u00eds\u201d.<\/p>\n<p>Asimismo, resaltaron que el aumento es un \u201creconocimiento al esfuerzo de los equipos m\u00e9dicos, de enfermer\u00eda, t\u00e9cnicos y administrativos\u201d, incluso, se\u00f1alaron, \u201cen momentos adversos en los que se utiliz\u00f3 al hospital como bandera pol\u00edtica, afectando al personal con situaciones extorsivas, ellos siguieron trabajando con compromiso, sosteniendo la atenci\u00f3n y garantizando ni m\u00e1s ni menos que la salud de los ni\u00f1os\u201d.<\/p>\n<p>Le\u00e9 tambi\u00e9n: Milei recibir\u00e1 a los diputados y senadores electos de La Libertad Avanza para afianzar su plan de reformas en el Congreso<\/p>\n<p>Sobre el final del comunicado se aclar\u00f3 que en los pr\u00f3ximos d\u00edas el personal del centro m\u00e9dico podr\u00e1 ver impactado el aumento retroactivo a octubre y destacaron que \u201cel Garrahan ya cuenta con los recursos necesarios para adelantar el pago mientras llegan los fondos del Gobierno Nacional\u201d.<\/p>\n<p>\u201cAs\u00ed funciona una administraci\u00f3n ordenada: la plata alcanza, el trabajo se valora y los resultados se ven. El Garrahan crece y demuestra que con responsabilidad y eficiencia, el m\u00e9rito y el esfuerzo vuelven a tener sentido\u201c, completaron<\/p>\n<p>Hace dos semanas fue el \u00faltimo paro y movilizaci\u00f3n de la Asociaci\u00f3n de Profesionales y T\u00e9cnicos del Hospital Garrahan (APyT), junto a otros sectores del equipo de salud del centro m\u00e9dico por la falta de implementaci\u00f3n de la Ley de Emergencia Pedi\u00e1trica.<\/p>\n","protected":false},"excerpt":{"rendered":"<p>Se trata de un incremento para el personal de planta, contratos de empleo p\u00fablico, becarios y residentes con Beca Instituci\u00f3n. El Gobierno confirm\u00f3 un \u201caumento hist\u00f3rico\u201d cercano al 60% en la asignaci\u00f3n b\u00e1sica para los trabajadores del Hospital Garrahan. Seg\u00fan informaron a trav\u00e9s de un comunicado, se trata de un incremento para el personal de [&hellip;]<\/p>\n","protected":false},"author":2,"featured_media":3170,"comment_status":"open","ping_status":"open","sticky":false,"template":"","format":"standard","meta":{"footnotes":""},"categories":[78],"tags":[],"class_list":{"0":"post-3169","1":"post","2":"type-post","3":"status-publish","4":"format-standard","5":"has-post-thumbnail","7":"category-generales"},"_links":{"self":[{"href":"https:\/\/elpueblonoticia.com.ar\/web\/wp-json\/wp\/v2\/posts\/3169","targetHints":{"allow":["GET"]}}],"collection":[{"href":"https:\/\/elpueblonoticia.com.ar\/web\/wp-json\/wp\/v2\/posts"}],"about":[{"href":"https:\/\/elpueblonoticia.com.ar\/web\/wp-json\/wp\/v2\/types\/post"}],"author":[{"embeddable":true,"href":"https:\/\/elpueblonoticia.com.ar\/web\/wp-json\/wp\/v2\/users\/2"}],"replies":[{"embeddable":true,"href":"https:\/\/elpueblonoticia.com.ar\/web\/wp-json\/wp\/v2\/comments?post=3169"}],"version-history":[{"count":0,"href":"https:\/\/elpueblonoticia.com.ar\/web\/wp-json\/wp\/v2\/posts\/3169\/revisions"}],"wp:featuredmedia":[{"embeddable":true,"href":"https:\/\/elpueblonoticia.com.ar\/web\/wp-json\/wp\/v2\/media\/3170"}],"wp:attachment":[{"href":"https:\/\/elpueblonoticia.com.ar\/web\/wp-json\/wp\/v2\/media?parent=3169"}],"wp:term":[{"taxonomy":"category","embeddable":true,"href":"https:\/\/elpueblonoticia.com.ar\/web\/wp-json\/wp\/v2\/categories?post=3169"},{"taxonomy":"post_tag","embeddable":true,"href":"https:\/\/elpueblonoticia.com.ar\/web\/wp-json\/wp\/v2\/tags?post=3169"}],"curies":[{"name":"wp","href":"https:\/\/api.w.org\/{rel}","templated":true}]}}