{"id":3160,"date":"2025-11-05T10:57:37","date_gmt":"2025-11-05T13:57:37","guid":{"rendered":"https:\/\/elpueblonoticia.com.ar\/web\/?p=3160"},"modified":"2025-11-05T10:57:37","modified_gmt":"2025-11-05T13:57:37","slug":"plus-unificado-valdes-confirma-pago-de-noviembre-y-provincia-vuelca-cerca-de-9-400-millones-al-mercado-local","status":"publish","type":"post","link":"https:\/\/elpueblonoticia.com.ar\/web\/2025\/11\/05\/plus-unificado-valdes-confirma-pago-de-noviembre-y-provincia-vuelca-cerca-de-9-400-millones-al-mercado-local\/","title":{"rendered":"PLUS UNIFICADO: VALD\u00c9S CONFIRMA PAGO DE NOVIEMBRE Y PROVINCIA VUELCA CERCA DE $9.400 MILLONES AL MERCADO LOCAL"},"content":{"rendered":"<p><img decoding=\"async\" src=\"https:\/\/cdn.corrientes.gob.ar\/assets\/image\/104416\/view\/97bd86f86eaed0fddaaafdbbd5d4528bab14cd9c.webp?utm_source=sendinblue&amp;utm_campaign=Plus_Unificado%20Vald%C3%A9s%20confirma%20pago%20de%20noviembre%20y%20Provincia%20vuelca%20cerca%20de%20$9.400%20millones%20al%20mercado%20local&amp;utm_medium=email\" \/><\/p>\n<p><strong>El gobernador Gustavo Vald\u00e9s dio a conocer el cronograma de liquidaci\u00f3n del beneficio que compone el Ingreso Salarial Mensual. Comienza este jueves 6 y se extiende hasta el mi\u00e9rcoles 12. Alcanza a los agentes de la administraci\u00f3n p\u00fablica provincial, activos, jubilados y pensionados.\u00a0<\/strong><\/p>\n<p>El primer Mandatario provincial Gustavo Vald\u00e9s confirm\u00f3 el pago del Adicional Remunerativo Mensual (Plus Unificado) de $110 mil correspondiente a noviembre; el beneficio, que conforma el Ingreso Salarial Mensual, alcanza a los agentes de la administraci\u00f3n p\u00fablica provincial, activos, jubilados y pensionados. Comienza este jueves 6 y se extiende hasta el mi\u00e9rcoles 12, inclusive.<\/p>\n<p>El primer tramo comienza, que alcanza a los beneficiarios con Documento Nacional de Identidad terminados en 0 y 1, el d\u00eda jueves 6, y estar\u00e1 disponible a trav\u00e9s de los cajeros habilitados por el Banco de Corrientes SA y el homebanking de las cajas sueldos de cada agente ya que esa jornada no hay atenci\u00f3n al p\u00fablico por parte de las entidades bancarias ya que se celebra el D\u00eda del Trabajador Bancario.<\/p>\n<p>El segundo tramo se liquida el viernes 7, d\u00eda que perciben los agentes con documentos terminados en 2 y 3. El cronograma contin\u00faa el lunes 10, donde cobran aquellos con DNI finalizados en 4 y 5. Este tramo estar\u00e1 disponible desde el s\u00e1bado 8, a trav\u00e9s de los cajeros habilitados por el Banco de Corrientes SA y el homebanking de las cajas sueldos de cada agente.<\/p>\n<p>El cuarto tramo se paga el martes 11, para los agentes con documentos terminados en 6 y 7. El pago del Plus Unificado (Adicional Remunerativo Mensual) de noviembre termina el mi\u00e9rcoles 12, fecha que percibir\u00e1n el beneficio los agentes con DNI finalizados en 8 y 9.<\/p>\n<p>En concepto de pago del Plus Unificado de noviembre, el Gobierno de Corrientes inyecta a la econom\u00eda provincial cerca de $9.400 millones.<\/p>\n","protected":false},"excerpt":{"rendered":"<p>El gobernador Gustavo Vald\u00e9s dio a conocer el cronograma de liquidaci\u00f3n del beneficio que compone el Ingreso Salarial Mensual. Comienza este jueves 6 y se extiende hasta el mi\u00e9rcoles 12. Alcanza a los agentes de la administraci\u00f3n p\u00fablica provincial, activos, jubilados y pensionados.\u00a0 El primer Mandatario provincial Gustavo Vald\u00e9s confirm\u00f3 el pago del Adicional Remunerativo [&hellip;]<\/p>\n","protected":false},"author":2,"featured_media":3161,"comment_status":"open","ping_status":"open","sticky":false,"template":"","format":"standard","meta":{"footnotes":""},"categories":[65],"tags":[],"class_list":{"0":"post-3160","1":"post","2":"type-post","3":"status-publish","4":"format-standard","5":"has-post-thumbnail","7":"category-economia"},"_links":{"self":[{"href":"https:\/\/elpueblonoticia.com.ar\/web\/wp-json\/wp\/v2\/posts\/3160","targetHints":{"allow":["GET"]}}],"collection":[{"href":"https:\/\/elpueblonoticia.com.ar\/web\/wp-json\/wp\/v2\/posts"}],"about":[{"href":"https:\/\/elpueblonoticia.com.ar\/web\/wp-json\/wp\/v2\/types\/post"}],"author":[{"embeddable":true,"href":"https:\/\/elpueblonoticia.com.ar\/web\/wp-json\/wp\/v2\/users\/2"}],"replies":[{"embeddable":true,"href":"https:\/\/elpueblonoticia.com.ar\/web\/wp-json\/wp\/v2\/comments?post=3160"}],"version-history":[{"count":0,"href":"https:\/\/elpueblonoticia.com.ar\/web\/wp-json\/wp\/v2\/posts\/3160\/revisions"}],"wp:featuredmedia":[{"embeddable":true,"href":"https:\/\/elpueblonoticia.com.ar\/web\/wp-json\/wp\/v2\/media\/3161"}],"wp:attachment":[{"href":"https:\/\/elpueblonoticia.com.ar\/web\/wp-json\/wp\/v2\/media?parent=3160"}],"wp:term":[{"taxonomy":"category","embeddable":true,"href":"https:\/\/elpueblonoticia.com.ar\/web\/wp-json\/wp\/v2\/categories?post=3160"},{"taxonomy":"post_tag","embeddable":true,"href":"https:\/\/elpueblonoticia.com.ar\/web\/wp-json\/wp\/v2\/tags?post=3160"}],"curies":[{"name":"wp","href":"https:\/\/api.w.org\/{rel}","templated":true}]}}