{"id":3153,"date":"2025-11-05T10:50:41","date_gmt":"2025-11-05T13:50:41","guid":{"rendered":"https:\/\/elpueblonoticia.com.ar\/web\/?p=3153"},"modified":"2025-11-05T10:50:41","modified_gmt":"2025-11-05T13:50:41","slug":"la-previa-ya-tiene-todo-definido-zonas-parque-cerrado-medida-y-veda","status":"publish","type":"post","link":"https:\/\/elpueblonoticia.com.ar\/web\/2025\/11\/05\/la-previa-ya-tiene-todo-definido-zonas-parque-cerrado-medida-y-veda\/","title":{"rendered":"LA PREVIA YA TIENE TODO DEFINIDO: ZONAS, PARQUE CERRADO, MEDIDA Y VEDA"},"content":{"rendered":"<p>&nbsp;<\/p>\n<p><img loading=\"lazy\" decoding=\"async\" class=\"alignnone size-medium wp-image-3155\" src=\"https:\/\/elpueblonoticia.com.ar\/web\/wp-content\/uploads\/2025\/11\/WhatsApp-Image-2025-11-04-at-09.52.49-2-300x180.jpeg\" alt=\"\" width=\"300\" height=\"180\" srcset=\"https:\/\/elpueblonoticia.com.ar\/web\/wp-content\/uploads\/2025\/11\/WhatsApp-Image-2025-11-04-at-09.52.49-2-300x180.jpeg 300w, https:\/\/elpueblonoticia.com.ar\/web\/wp-content\/uploads\/2025\/11\/WhatsApp-Image-2025-11-04-at-09.52.49-2-1024x614.jpeg 1024w, https:\/\/elpueblonoticia.com.ar\/web\/wp-content\/uploads\/2025\/11\/WhatsApp-Image-2025-11-04-at-09.52.49-2-768x461.jpeg 768w, https:\/\/elpueblonoticia.com.ar\/web\/wp-content\/uploads\/2025\/11\/WhatsApp-Image-2025-11-04-at-09.52.49-2-700x420.jpeg 700w, https:\/\/elpueblonoticia.com.ar\/web\/wp-content\/uploads\/2025\/11\/WhatsApp-Image-2025-11-04-at-09.52.49-2-696x418.jpeg 696w, https:\/\/elpueblonoticia.com.ar\/web\/wp-content\/uploads\/2025\/11\/WhatsApp-Image-2025-11-04-at-09.52.49-2-1068x641.jpeg 1068w, https:\/\/elpueblonoticia.com.ar\/web\/wp-content\/uploads\/2025\/11\/WhatsApp-Image-2025-11-04-at-09.52.49-2.jpeg 1525w\" sizes=\"auto, (max-width: 300px) 100vw, 300px\" \/><img loading=\"lazy\" decoding=\"async\" class=\"alignnone size-medium wp-image-3156\" src=\"https:\/\/elpueblonoticia.com.ar\/web\/wp-content\/uploads\/2025\/11\/WhatsApp-Image-2025-11-04-at-09.52.49-3-300x180.jpeg\" alt=\"\" width=\"300\" height=\"180\" srcset=\"https:\/\/elpueblonoticia.com.ar\/web\/wp-content\/uploads\/2025\/11\/WhatsApp-Image-2025-11-04-at-09.52.49-3-300x180.jpeg 300w, https:\/\/elpueblonoticia.com.ar\/web\/wp-content\/uploads\/2025\/11\/WhatsApp-Image-2025-11-04-at-09.52.49-3-1024x614.jpeg 1024w, https:\/\/elpueblonoticia.com.ar\/web\/wp-content\/uploads\/2025\/11\/WhatsApp-Image-2025-11-04-at-09.52.49-3-768x461.jpeg 768w, https:\/\/elpueblonoticia.com.ar\/web\/wp-content\/uploads\/2025\/11\/WhatsApp-Image-2025-11-04-at-09.52.49-3-700x420.jpeg 700w, https:\/\/elpueblonoticia.com.ar\/web\/wp-content\/uploads\/2025\/11\/WhatsApp-Image-2025-11-04-at-09.52.49-3-696x418.jpeg 696w, https:\/\/elpueblonoticia.com.ar\/web\/wp-content\/uploads\/2025\/11\/WhatsApp-Image-2025-11-04-at-09.52.49-3-1068x641.jpeg 1068w, https:\/\/elpueblonoticia.com.ar\/web\/wp-content\/uploads\/2025\/11\/WhatsApp-Image-2025-11-04-at-09.52.49-3.jpeg 1525w\" sizes=\"auto, (max-width: 300px) 100vw, 300px\" \/><\/p>\n<p>&nbsp;<\/p>\n<p><img loading=\"lazy\" decoding=\"async\" class=\"alignnone size-medium wp-image-3154\" src=\"https:\/\/elpueblonoticia.com.ar\/web\/wp-content\/uploads\/2025\/11\/WhatsApp-Image-2025-11-04-at-09.52.49-1-300x171.jpeg\" alt=\"\" width=\"300\" height=\"171\" srcset=\"https:\/\/elpueblonoticia.com.ar\/web\/wp-content\/uploads\/2025\/11\/WhatsApp-Image-2025-11-04-at-09.52.49-1-300x171.jpeg 300w, https:\/\/elpueblonoticia.com.ar\/web\/wp-content\/uploads\/2025\/11\/WhatsApp-Image-2025-11-04-at-09.52.49-1-1024x585.jpeg 1024w, https:\/\/elpueblonoticia.com.ar\/web\/wp-content\/uploads\/2025\/11\/WhatsApp-Image-2025-11-04-at-09.52.49-1-768x439.jpeg 768w, https:\/\/elpueblonoticia.com.ar\/web\/wp-content\/uploads\/2025\/11\/WhatsApp-Image-2025-11-04-at-09.52.49-1-1536x878.jpeg 1536w, https:\/\/elpueblonoticia.com.ar\/web\/wp-content\/uploads\/2025\/11\/WhatsApp-Image-2025-11-04-at-09.52.49-1-735x420.jpeg 735w, https:\/\/elpueblonoticia.com.ar\/web\/wp-content\/uploads\/2025\/11\/WhatsApp-Image-2025-11-04-at-09.52.49-1-696x398.jpeg 696w, https:\/\/elpueblonoticia.com.ar\/web\/wp-content\/uploads\/2025\/11\/WhatsApp-Image-2025-11-04-at-09.52.49-1-1068x610.jpeg 1068w, https:\/\/elpueblonoticia.com.ar\/web\/wp-content\/uploads\/2025\/11\/WhatsApp-Image-2025-11-04-at-09.52.49-1.jpeg 1599w\" sizes=\"auto, (max-width: 300px) 100vw, 300px\" \/><\/p>\n<p><strong>Se acerca la fecha y son cientos de pescadores del pa\u00eds y de pa\u00edses vecinos que esperan con ansias la realizaci\u00f3n del evento de pesca con devoluci\u00f3n a realizarse el 14, 15 y 16 de noviembre en Goya.\u00a0<\/strong><\/p>\n<p>El fiscal general del concurso \u201cGrillo\u201d L\u00f3pez anunci\u00f3 que la medida m\u00ednima ser\u00e1 de 50 cm, mientras que las zonas ser\u00e1n 3, el parque cerrado estar\u00e1 divido en 3 comprendiendo zonas desde la playa El Inga hasta la Boca Santa Luc\u00eda. La veda de pesca ser\u00e1 a partir de las 17 horas del d\u00eda viernes 14 hasta las 17 horas del d\u00eda s\u00e1bado 15 que ser\u00e1 el inicio del Concurso.<\/p>\n<p>Cabe destacar que las inscripciones contin\u00faan abiertas en la web oficial www.lapreviadelsurubi.com.ar al valor de 540.000 pesos. El concurso ampli\u00f3 su grilla de premios y repartir\u00e1 m\u00e1s de 105 millones.<\/p>\n<p>&nbsp;<\/p>\n","protected":false},"excerpt":{"rendered":"<p>&nbsp; &nbsp; Se acerca la fecha y son cientos de pescadores del pa\u00eds y de pa\u00edses vecinos que esperan con ansias la realizaci\u00f3n del evento de pesca con devoluci\u00f3n a realizarse el 14, 15 y 16 de noviembre en Goya.\u00a0 El fiscal general del concurso \u201cGrillo\u201d L\u00f3pez anunci\u00f3 que la medida m\u00ednima ser\u00e1 de 50 [&hellip;]<\/p>\n","protected":false},"author":2,"featured_media":3157,"comment_status":"open","ping_status":"open","sticky":false,"template":"","format":"standard","meta":{"footnotes":""},"categories":[56],"tags":[],"class_list":{"0":"post-3153","1":"post","2":"type-post","3":"status-publish","4":"format-standard","5":"has-post-thumbnail","7":"category-locales"},"_links":{"self":[{"href":"https:\/\/elpueblonoticia.com.ar\/web\/wp-json\/wp\/v2\/posts\/3153","targetHints":{"allow":["GET"]}}],"collection":[{"href":"https:\/\/elpueblonoticia.com.ar\/web\/wp-json\/wp\/v2\/posts"}],"about":[{"href":"https:\/\/elpueblonoticia.com.ar\/web\/wp-json\/wp\/v2\/types\/post"}],"author":[{"embeddable":true,"href":"https:\/\/elpueblonoticia.com.ar\/web\/wp-json\/wp\/v2\/users\/2"}],"replies":[{"embeddable":true,"href":"https:\/\/elpueblonoticia.com.ar\/web\/wp-json\/wp\/v2\/comments?post=3153"}],"version-history":[{"count":0,"href":"https:\/\/elpueblonoticia.com.ar\/web\/wp-json\/wp\/v2\/posts\/3153\/revisions"}],"wp:featuredmedia":[{"embeddable":true,"href":"https:\/\/elpueblonoticia.com.ar\/web\/wp-json\/wp\/v2\/media\/3157"}],"wp:attachment":[{"href":"https:\/\/elpueblonoticia.com.ar\/web\/wp-json\/wp\/v2\/media?parent=3153"}],"wp:term":[{"taxonomy":"category","embeddable":true,"href":"https:\/\/elpueblonoticia.com.ar\/web\/wp-json\/wp\/v2\/categories?post=3153"},{"taxonomy":"post_tag","embeddable":true,"href":"https:\/\/elpueblonoticia.com.ar\/web\/wp-json\/wp\/v2\/tags?post=3153"}],"curies":[{"name":"wp","href":"https:\/\/api.w.org\/{rel}","templated":true}]}}